{"id":180863,"date":"2024-11-30T22:39:09","date_gmt":"2024-12-01T01:39:09","guid":{"rendered":"https:\/\/www.hoymercedes.com.ar\/principal\/?p=180863"},"modified":"2024-11-30T22:39:26","modified_gmt":"2024-12-01T01:39:26","slug":"ciclismo-nacional-se-vivio-el-criterium-de-apertura-sobre-av-40","status":"publish","type":"post","link":"https:\/\/www.hoymercedes.com.ar\/principal\/2024\/11\/30\/ciclismo-nacional-se-vivio-el-criterium-de-apertura-sobre-av-40\/","title":{"rendered":"Ciclismo nacional: se vivi\u00f3 el \u201cCriterium de Apertura\u201d sobre Av.40"},"content":{"rendered":"\n<figure class=\"wp-block-image size-large\"><img loading=\"lazy\" decoding=\"async\" width=\"1024\" height=\"717\" data-attachment-id=\"180864\" data-permalink=\"https:\/\/www.hoymercedes.com.ar\/principal\/2024\/11\/30\/ciclismo-nacional-se-vivio-el-criterium-de-apertura-sobre-av-40\/dsc_0076-3\/#main\" data-orig-file=\"https:\/\/www.hoymercedes.com.ar\/principal\/wp-content\/uploads\/2024\/11\/DSC_0076-scaled.jpg\" data-orig-size=\"2560,1792\" data-comments-opened=\"0\" data-image-meta=\"{&quot;aperture&quot;:&quot;3.2&quot;,&quot;credit&quot;:&quot;&quot;,&quot;camera&quot;:&quot;NIKON D2X&quot;,&quot;caption&quot;:&quot;&quot;,&quot;created_timestamp&quot;:&quot;1732984913&quot;,&quot;copyright&quot;:&quot;&quot;,&quot;focal_length&quot;:&quot;102&quot;,&quot;iso&quot;:&quot;400&quot;,&quot;shutter_speed&quot;:&quot;0.0008&quot;,&quot;title&quot;:&quot;&quot;,&quot;orientation&quot;:&quot;1&quot;}\" data-image-title=\"Ciclismo nacional: se vivi\u00f3 el \u201cCriterium de Apertura\u201d sobre Av.40\" data-image-description=\"&lt;p&gt;Ciclismo nacional: se vivi\u00f3 el \u201cCriterium de Apertura\u201d sobre Av.40&lt;\/p&gt;\n\" data-image-caption=\"&lt;p&gt;Ciclismo nacional: se vivi\u00f3 el \u201cCriterium de Apertura\u201d sobre Av.40&lt;\/p&gt;\n\" data-large-file=\"https:\/\/www.hoymercedes.com.ar\/principal\/wp-content\/uploads\/2024\/11\/DSC_0076-1024x717.jpg\" src=\"https:\/\/www.hoymercedes.com.ar\/principal\/wp-content\/uploads\/2024\/11\/DSC_0076-1024x717.jpg\" alt=\"\" class=\"wp-image-180864\" srcset=\"https:\/\/www.hoymercedes.com.ar\/principal\/wp-content\/uploads\/2024\/11\/DSC_0076-1024x717.jpg 1024w, https:\/\/www.hoymercedes.com.ar\/principal\/wp-content\/uploads\/2024\/11\/DSC_0076-630x441.jpg 630w, https:\/\/www.hoymercedes.com.ar\/principal\/wp-content\/uploads\/2024\/11\/DSC_0076-150x105.jpg 150w, https:\/\/www.hoymercedes.com.ar\/principal\/wp-content\/uploads\/2024\/11\/DSC_0076-1536x1075.jpg 1536w, https:\/\/www.hoymercedes.com.ar\/principal\/wp-content\/uploads\/2024\/11\/DSC_0076-2048x1434.jpg 2048w, https:\/\/www.hoymercedes.com.ar\/principal\/wp-content\/uploads\/2024\/11\/DSC_0076-120x85.jpg 120w\" sizes=\"auto, (max-width: 1024px) 100vw, 1024px\" \/><\/figure>\n\n\n\n<p>Este s\u00e1bado se vivi\u00f3 la hist\u00f3rica competencia nacional organizada por el Club Ciclista Naci\u00f3n. Fue en un circuito diagramado sobre avenida 40. Hubo cientos de deportistas en diversas categor\u00edas.<\/p>\n\n\n\n<p>El <strong>Criterium de Apertura<\/strong> es una competici\u00f3n de ciclismo en ruta de un d\u00eda que se que desde hace algunos a\u00f1os se disputa en nuestra localidad.<\/p>\n\n\n\n<p>Fue creada por el <strong>Club Ciclista Nacional<\/strong>, que luego pas\u00f3 a llamarse Club Ciclista Naci\u00f3n, en el a\u00f1o 1917<\/p>\n\n\n\n<p>Sobre avenida 40 cientos de ciclistas brindaron un gran espect\u00e1culo. Hubo equipos de todo el pa\u00eds, tambi\u00e9n de nuestra localidad.<\/p>\n\n\n\n<figure class=\"wp-block-image size-large\"><img loading=\"lazy\" decoding=\"async\" width=\"1024\" height=\"682\" data-attachment-id=\"180865\" data-permalink=\"https:\/\/www.hoymercedes.com.ar\/principal\/2024\/11\/30\/ciclismo-nacional-se-vivio-el-criterium-de-apertura-sobre-av-40\/dsc02701\/#main\" data-orig-file=\"https:\/\/www.hoymercedes.com.ar\/principal\/wp-content\/uploads\/2024\/11\/DSC02701.jpg\" data-orig-size=\"1319,879\" data-comments-opened=\"0\" data-image-meta=\"{&quot;aperture&quot;:&quot;0&quot;,&quot;credit&quot;:&quot;&quot;,&quot;camera&quot;:&quot;&quot;,&quot;caption&quot;:&quot;&quot;,&quot;created_timestamp&quot;:&quot;0&quot;,&quot;copyright&quot;:&quot;&quot;,&quot;focal_length&quot;:&quot;0&quot;,&quot;iso&quot;:&quot;0&quot;,&quot;shutter_speed&quot;:&quot;0&quot;,&quot;title&quot;:&quot;&quot;,&quot;orientation&quot;:&quot;0&quot;}\" data-image-title=\"Ciclismo nacional: se vivi\u00f3 el \u201cCriterium de Apertura\u201d sobre Av.40\" data-image-description=\"\" data-image-caption=\"&lt;p&gt;Ciclismo nacional: se vivi\u00f3 el \u201cCriterium de Apertura\u201d sobre Av.40&lt;\/p&gt;\n\" data-large-file=\"https:\/\/www.hoymercedes.com.ar\/principal\/wp-content\/uploads\/2024\/11\/DSC02701-1024x682.jpg\" src=\"https:\/\/www.hoymercedes.com.ar\/principal\/wp-content\/uploads\/2024\/11\/DSC02701-1024x682.jpg\" alt=\"\" class=\"wp-image-180865\" srcset=\"https:\/\/www.hoymercedes.com.ar\/principal\/wp-content\/uploads\/2024\/11\/DSC02701-1024x682.jpg 1024w, https:\/\/www.hoymercedes.com.ar\/principal\/wp-content\/uploads\/2024\/11\/DSC02701-630x420.jpg 630w, https:\/\/www.hoymercedes.com.ar\/principal\/wp-content\/uploads\/2024\/11\/DSC02701-150x100.jpg 150w, https:\/\/www.hoymercedes.com.ar\/principal\/wp-content\/uploads\/2024\/11\/DSC02701-700x465.jpg 700w, https:\/\/www.hoymercedes.com.ar\/principal\/wp-content\/uploads\/2024\/11\/DSC02701.jpg 1319w\" sizes=\"auto, (max-width: 1024px) 100vw, 1024px\" \/><\/figure>\n\n\n\n<p>Sobre el boulevard en todo su recorrido, pero principalmente sobre La Trocha, se concentr\u00f3 el p\u00fablico que vibr\u00f3 con la propuesta.<\/p>\n","protected":false},"excerpt":{"rendered":"<p>Este s\u00e1bado se vivi\u00f3 la hist\u00f3rica competencia nacional organizada por el Club Ciclista Naci\u00f3n. Fue en un circuito diagramado sobre &#8230; <a title=\"Ciclismo nacional: se vivi\u00f3 el \u201cCriterium de Apertura\u201d sobre Av.40\" class=\"read-more\" href=\"https:\/\/www.hoymercedes.com.ar\/principal\/2024\/11\/30\/ciclismo-nacional-se-vivio-el-criterium-de-apertura-sobre-av-40\/\" aria-label=\"Leer m\u00e1s sobre Ciclismo nacional: se vivi\u00f3 el \u201cCriterium de Apertura\u201d sobre Av.40\">Leer m\u00e1s<\/a><\/p>\n","protected":false},"author":1,"featured_media":180864,"comment_status":"closed","ping_status":"open","sticky":false,"template":"","format":"standard","meta":{"_monsterinsights_skip_tracking":false,"_monsterinsights_sitenote_active":false,"_monsterinsights_sitenote_note":"","_monsterinsights_sitenote_category":0,"jetpack_post_was_ever_published":false,"_jetpack_newsletter_access":"","_jetpack_dont_email_post_to_subs":false,"_jetpack_newsletter_tier_id":0,"_jetpack_memberships_contains_paywalled_content":false,"_jetpack_memberships_contains_paid_content":false,"footnotes":"","jetpack_publicize_message":"","jetpack_publicize_feature_enabled":true,"jetpack_social_post_already_shared":true,"jetpack_social_options":{"image_generator_settings":{"template":"highway","default_image_id":0,"font":"","enabled":false},"version":2},"_wpas_customize_per_network":false},"categories":[21],"tags":[19999,14359,2809,1192],"class_list":["post-180863","post","type-post","status-publish","format-standard","has-post-thumbnail","hentry","category-deportes","tag-ciclismo-nacional","tag-club-ciclista-nacion-2","tag-criterium-de-apertura","tag-direccion-de-deportes-mercedes","generate-columns","tablet-grid-50","mobile-grid-100","grid-parent","grid-50"],"jetpack_publicize_connections":[],"jetpack_featured_media_url":"https:\/\/www.hoymercedes.com.ar\/principal\/wp-content\/uploads\/2024\/11\/DSC_0076-scaled.jpg","wps_subtitle":"","jetpack_sharing_enabled":true,"_links":{"self":[{"href":"https:\/\/www.hoymercedes.com.ar\/principal\/wp-json\/wp\/v2\/posts\/180863","targetHints":{"allow":["GET"]}}],"collection":[{"href":"https:\/\/www.hoymercedes.com.ar\/principal\/wp-json\/wp\/v2\/posts"}],"about":[{"href":"https:\/\/www.hoymercedes.com.ar\/principal\/wp-json\/wp\/v2\/types\/post"}],"author":[{"embeddable":true,"href":"https:\/\/www.hoymercedes.com.ar\/principal\/wp-json\/wp\/v2\/users\/1"}],"replies":[{"embeddable":true,"href":"https:\/\/www.hoymercedes.com.ar\/principal\/wp-json\/wp\/v2\/comments?post=180863"}],"version-history":[{"count":0,"href":"https:\/\/www.hoymercedes.com.ar\/principal\/wp-json\/wp\/v2\/posts\/180863\/revisions"}],"wp:featuredmedia":[{"embeddable":true,"href":"https:\/\/www.hoymercedes.com.ar\/principal\/wp-json\/wp\/v2\/media\/180864"}],"wp:attachment":[{"href":"https:\/\/www.hoymercedes.com.ar\/principal\/wp-json\/wp\/v2\/media?parent=180863"}],"wp:term":[{"taxonomy":"category","embeddable":true,"href":"https:\/\/www.hoymercedes.com.ar\/principal\/wp-json\/wp\/v2\/categories?post=180863"},{"taxonomy":"post_tag","embeddable":true,"href":"https:\/\/www.hoymercedes.com.ar\/principal\/wp-json\/wp\/v2\/tags?post=180863"}],"curies":[{"name":"wp","href":"https:\/\/api.w.org\/{rel}","templated":true}]}}