{"id":180868,"date":"2024-12-01T08:11:30","date_gmt":"2024-12-01T11:11:30","guid":{"rendered":"https:\/\/www.hoymercedes.com.ar\/principal\/?p=180868"},"modified":"2024-12-01T08:12:11","modified_gmt":"2024-12-01T11:12:11","slug":"choque-en-cadena-en-ruta-5","status":"publish","type":"post","link":"https:\/\/www.hoymercedes.com.ar\/principal\/2024\/12\/01\/choque-en-cadena-en-ruta-5\/","title":{"rendered":"Choque en cadena en Ruta 5"},"content":{"rendered":"\n<p>En la ma\u00f1ana del s\u00e1bado, en momentos en que se hallaba interrumpido el tr\u00e1nsito sobre ruta 5 , debido a las tareas de remoci\u00f3n de los veh\u00edculos del siniestro ocurrido horas antes en el kil\u00f3metro 149 , se produjo un violento siniestro por alcance que involucr\u00f3 a un cami\u00f3n y varios autom\u00f3viles.<\/p>\n\n\n\n<figure class=\"wp-block-image size-large\"><img loading=\"lazy\" decoding=\"async\" width=\"1024\" height=\"1024\" data-attachment-id=\"180869\" data-permalink=\"https:\/\/www.hoymercedes.com.ar\/principal\/2024\/12\/01\/choque-en-cadena-en-ruta-5\/fb_img_1733051168926\/#main\" data-orig-file=\"https:\/\/www.hoymercedes.com.ar\/principal\/wp-content\/uploads\/2024\/12\/FB_IMG_1733051168926.jpg\" data-orig-size=\"1080,1080\" data-comments-opened=\"0\" data-image-meta=\"{&quot;aperture&quot;:&quot;0&quot;,&quot;credit&quot;:&quot;&quot;,&quot;camera&quot;:&quot;&quot;,&quot;caption&quot;:&quot;&quot;,&quot;created_timestamp&quot;:&quot;0&quot;,&quot;copyright&quot;:&quot;&quot;,&quot;focal_length&quot;:&quot;0&quot;,&quot;iso&quot;:&quot;0&quot;,&quot;shutter_speed&quot;:&quot;0&quot;,&quot;title&quot;:&quot;&quot;,&quot;orientation&quot;:&quot;0&quot;}\" data-image-title=\"FB_IMG_1733051168926\" data-image-description=\"\" data-image-caption=\"\" data-large-file=\"https:\/\/www.hoymercedes.com.ar\/principal\/wp-content\/uploads\/2024\/12\/FB_IMG_1733051168926-1024x1024.jpg\" src=\"https:\/\/www.hoymercedes.com.ar\/principal\/wp-content\/uploads\/2024\/12\/FB_IMG_1733051168926-1024x1024.jpg\" alt=\"\" class=\"wp-image-180869\" srcset=\"https:\/\/www.hoymercedes.com.ar\/principal\/wp-content\/uploads\/2024\/12\/FB_IMG_1733051168926-1024x1024.jpg 1024w, https:\/\/www.hoymercedes.com.ar\/principal\/wp-content\/uploads\/2024\/12\/FB_IMG_1733051168926-620x620.jpg 620w, https:\/\/www.hoymercedes.com.ar\/principal\/wp-content\/uploads\/2024\/12\/FB_IMG_1733051168926-150x150.jpg 150w, https:\/\/www.hoymercedes.com.ar\/principal\/wp-content\/uploads\/2024\/12\/FB_IMG_1733051168926.jpg 1080w\" sizes=\"auto, (max-width: 1024px) 100vw, 1024px\" \/><\/figure>\n\n\n\n<p>El evento se gener\u00f3 a la altura del kil\u00f3metro 147 d\u00f3nde un cami\u00f3n Mercedes Benz , color blanco , dominio VQN330 , perteneciente a la empresa Carnes Mom , conducido por Alexander Caballero , de 23 A\u00f1os , que circulaba en sentido Suipacha-Chivilcoy , embiste violentamente los veh\u00edculos que se hallaban detenidos, impactando primero con una Pick Up Toyota Hilux , generando un choque en cadena ,que involucr\u00f3 a un Toyota Corolla Cross, dos Ford Focus y una Volkswagen Suran color azul., a su vez el cami\u00f3n fue embestido en la parte trasera por una Ford Ecosport, que el mismo camion acababa de pasar.<\/p>\n\n\n\n<p>Afortunadamente y a pesar de las caracter\u00edsticas del siniestro solo se registraron heridas de car\u00e1cter leve. En la Toyota viajaban Julio C\u00e9sar Poliserpi, de 67 a\u00f1os y Mar\u00eda del Pilar Azar de 68 , domiciliados en Neuqu\u00e9n, en el Corolla Cross lo hac\u00edan Luis Alberto Mesa, de 62 a\u00f1os y Mar\u00eda Silvina Sandri de 59 , domiciliados en San Isidro, el Ford Focus blanco, era guiado por Diego Ricci, de 51 a\u00f1os domiciliado en Rosario, en tanto en el Ford Focus Negro viajaban Vanesa La Rosa ,de 43 a\u00f1os y Cecilia Lombardo de 41 a\u00f1os domiciliadas en Caseros y en la Volkswagen Suran azul lo hacian Alejandro Fernandez Gigena , de 52 a\u00f1os , junto a su hija Victoria de 27 a\u00f1os y sus nietos Aaron y Milena Quinndt de 11 y 8 a\u00f1os., en tanto en la Ford. Ecosport lo hac\u00edan Leonor Caballo , de 41 a\u00f1os , su hijo Sebasti\u00e1n de 4 a\u00f1os y Natalia Casalina de 50 a\u00f1os.<\/p>\n\n\n\n<p>Intervino Sub Comisar\u00eda OI Dardo Garelli, Bomberos Voluntarios, varias ambulancias del Same y polic\u00eda vial Chivilcoy.<\/p>\n\n\n\n<p>Colaboraci\u00f3n Jorge Lasala de Suipacha<\/p>\n","protected":false},"excerpt":{"rendered":"<p>En la ma\u00f1ana del s\u00e1bado, en momentos en que se hallaba interrumpido el tr\u00e1nsito sobre ruta 5 , debido a &#8230; <a title=\"Choque en cadena en Ruta 5\" class=\"read-more\" href=\"https:\/\/www.hoymercedes.com.ar\/principal\/2024\/12\/01\/choque-en-cadena-en-ruta-5\/\" aria-label=\"Leer m\u00e1s sobre Choque en cadena en Ruta 5\">Leer m\u00e1s<\/a><\/p>\n","protected":false},"author":1,"featured_media":180869,"comment_status":"closed","ping_status":"open","sticky":false,"template":"","format":"standard","meta":{"_monsterinsights_skip_tracking":false,"_monsterinsights_sitenote_active":false,"_monsterinsights_sitenote_note":"","_monsterinsights_sitenote_category":0,"jetpack_post_was_ever_published":false,"_jetpack_newsletter_access":"","_jetpack_dont_email_post_to_subs":false,"_jetpack_newsletter_tier_id":0,"_jetpack_memberships_contains_paywalled_content":false,"_jetpack_memberships_contains_paid_content":false,"footnotes":"","jetpack_publicize_message":"","jetpack_publicize_feature_enabled":true,"jetpack_social_post_already_shared":true,"jetpack_social_options":{"image_generator_settings":{"template":"highway","default_image_id":0,"font":"","enabled":false},"version":2},"_wpas_customize_per_network":false},"categories":[8],"tags":[],"class_list":["post-180868","post","type-post","status-publish","format-standard","has-post-thumbnail","hentry","category-sociedad","generate-columns","tablet-grid-50","mobile-grid-100","grid-parent","grid-50"],"jetpack_publicize_connections":[],"jetpack_featured_media_url":"https:\/\/www.hoymercedes.com.ar\/principal\/wp-content\/uploads\/2024\/12\/FB_IMG_1733051168926.jpg","wps_subtitle":"","jetpack_sharing_enabled":true,"_links":{"self":[{"href":"https:\/\/www.hoymercedes.com.ar\/principal\/wp-json\/wp\/v2\/posts\/180868","targetHints":{"allow":["GET"]}}],"collection":[{"href":"https:\/\/www.hoymercedes.com.ar\/principal\/wp-json\/wp\/v2\/posts"}],"about":[{"href":"https:\/\/www.hoymercedes.com.ar\/principal\/wp-json\/wp\/v2\/types\/post"}],"author":[{"embeddable":true,"href":"https:\/\/www.hoymercedes.com.ar\/principal\/wp-json\/wp\/v2\/users\/1"}],"replies":[{"embeddable":true,"href":"https:\/\/www.hoymercedes.com.ar\/principal\/wp-json\/wp\/v2\/comments?post=180868"}],"version-history":[{"count":0,"href":"https:\/\/www.hoymercedes.com.ar\/principal\/wp-json\/wp\/v2\/posts\/180868\/revisions"}],"wp:featuredmedia":[{"embeddable":true,"href":"https:\/\/www.hoymercedes.com.ar\/principal\/wp-json\/wp\/v2\/media\/180869"}],"wp:attachment":[{"href":"https:\/\/www.hoymercedes.com.ar\/principal\/wp-json\/wp\/v2\/media?parent=180868"}],"wp:term":[{"taxonomy":"category","embeddable":true,"href":"https:\/\/www.hoymercedes.com.ar\/principal\/wp-json\/wp\/v2\/categories?post=180868"},{"taxonomy":"post_tag","embeddable":true,"href":"https:\/\/www.hoymercedes.com.ar\/principal\/wp-json\/wp\/v2\/tags?post=180868"}],"curies":[{"name":"wp","href":"https:\/\/api.w.org\/{rel}","templated":true}]}}