{"id":180917,"date":"2024-12-02T22:23:06","date_gmt":"2024-12-03T01:23:06","guid":{"rendered":"https:\/\/www.hoymercedes.com.ar\/principal\/?p=180917"},"modified":"2024-12-02T22:23:08","modified_gmt":"2024-12-03T01:23:08","slug":"la-asociacion-medica-de-mercedes-celebra-el-dia-del-medico","status":"publish","type":"post","link":"https:\/\/www.hoymercedes.com.ar\/principal\/2024\/12\/02\/la-asociacion-medica-de-mercedes-celebra-el-dia-del-medico\/","title":{"rendered":"La Asociaci\u00f3n M\u00e9dica de Mercedes celebra el D\u00eda del M\u00e9dico"},"content":{"rendered":"\n<p>El pr\u00f3ximo martes 3 de diciembre se conmemora el&nbsp;<strong>D\u00eda del M\u00e9dico<\/strong>, una fecha para reconocer la dedicaci\u00f3n y el esfuerzo de todos los profesionales de la salud, que dan parte de su vida al cuidado de los dem\u00e1s. La&nbsp;<strong>Asociaci\u00f3n M\u00e9dica de Mercedes<\/strong>&nbsp;rinde homenaje a cada uno de sus miembros y a la comunidad m\u00e9dica en general.<\/p>\n\n\n\n<p><strong>Invitaci\u00f3n especial<\/strong><\/p>\n\n\n\n<p>Para celebrar esta ocasi\u00f3n, invitamos a la comunidad a participar de una&nbsp;<strong>misa en acci\u00f3n de gracias por el D\u00eda del M\u00e9dico y por el descanso de los m\u00e9dicos fallecidos<\/strong>.<\/p>\n\n\n\n<ul class=\"wp-block-list\">\n<li><strong>Fecha:<\/strong>\u00a0Martes 3 de diciembre de 2024<\/li>\n\n\n\n<li><strong>Hora:<\/strong>\u00a019:30 hs<\/li>\n\n\n\n<li><strong>Lugar:<\/strong>\u00a0Iglesia San Luis (Calle 24 N\u00b0 326, Mercedes)<\/li>\n<\/ul>\n\n\n\n<p><strong>Homenaje literario<\/strong><\/p>\n\n\n\n<p>En esta fecha especial, la Asociaci\u00f3n comparte el poema&nbsp;<strong>\u00abYo M\u00e9dico\u00bb<\/strong>, escrito por el Dr. Ignacio V. Garcer\u00f3n el 26 de agosto de 1972, como parte de los festejos de inauguraci\u00f3n del edificio de la Asociaci\u00f3n M\u00e9dica. Este poema captura la esencia de la vocaci\u00f3n m\u00e9dica y ser\u00e1 recordado como una inspiraci\u00f3n para todos aquellos que dedican su vida al servicio de los dem\u00e1s.<\/p>\n\n\n\n<p><strong>\u00abYo M\u00e9dico\u00bb<\/strong><br>Solo, frente a alguien que sufre;<br>un ser que es mi igual<br>con un coraz\u00f3n que late y espera&#8230;<br><br>Mi yo se estremece y se angustia,<br>un velo tenue cubre mis ojos<br>y mis l\u00e1grimas quieren salir presurosas.<\/p>\n\n\n\n<p>Mi coraz\u00f3n se hace m\u00e1s fuerte,<br>golpea y late inexorable sobre mi cabeza.<br>Mis manos quieren ser firmes<br>y un fino temblor las hace oscilar.<\/p>\n\n\n\n<p>\u00a1Mi frente! &#8230; sus arrugas se ven cubiertas<br>de finas y brillantes perlas,<br>fr\u00edo sudor que quiere ocultar mi sufrir.<\/p>\n\n\n\n<p>&#8230; Y un ser frente a m\u00ed, que implora vida&#8230;<br>Yo m\u00e9dico:<\/p>\n\n\n\n<p>Ante el tribunal supremo de Dios<br>que valora mi humildad y mi pobreza,<br>depongo mi bagaje hecho jirones,<br>mi ciencia hecha nada,<br>mi ansia loca de llorar por lo que se va<br>aunque detr\u00e1s de un rostro impasible;<br>mi alma gime,<br>quem\u00e1ndose y lacer\u00e1ndose silenciosa<br>porque en el largo peregrinar<br>mis ojos se han secado ya,<br>han perdido esa dicha de expresar amor<br>y un deseo incontenible me hace gritar al cielo&#8230;<\/p>\n\n\n\n<p>Una l\u00e1grima me hace vivir<br>lo salado de su cristalinidad.<\/p>\n\n\n\n<p>\u00a1Oh Dios que me diste vida, amor y piedad<br>quiero ser fuerte en el sentir y razonar,<br>quiero leer en mi coraz\u00f3n<br>ante el dolor de mis semejantes.<\/p>\n\n\n\n<p>Me siento d\u00e9bil y fr\u00e1gil,<br>simple como una gota de agua, como una flor.<br>&#8230;Yo m\u00e9dico&#8230;<br>Va quedando sobre el largo sendero<br>mi alma, mi yo, mi ser, todo.<\/p>\n\n\n\n<p>Y llegar\u00e1 un momento que s\u00f3lo sea<br>una sombra que mire, razona y habla<br>y un d\u00eda m\u00e1s, ni nadie sepa<br>que en ese sendero qued\u00f3 toda una vida.<\/p>\n\n\n\n<p><em>Fuente: Prensa AMMercedes<\/em><\/p>\n","protected":false},"excerpt":{"rendered":"<p>El pr\u00f3ximo martes 3 de diciembre se conmemora el&nbsp;D\u00eda del M\u00e9dico, una fecha para reconocer la dedicaci\u00f3n y el esfuerzo &#8230; <a title=\"La Asociaci\u00f3n M\u00e9dica de Mercedes celebra el D\u00eda del M\u00e9dico\" class=\"read-more\" href=\"https:\/\/www.hoymercedes.com.ar\/principal\/2024\/12\/02\/la-asociacion-medica-de-mercedes-celebra-el-dia-del-medico\/\" aria-label=\"Leer m\u00e1s sobre La Asociaci\u00f3n M\u00e9dica de Mercedes celebra el D\u00eda del M\u00e9dico\">Leer m\u00e1s<\/a><\/p>\n","protected":false},"author":1,"featured_media":180918,"comment_status":"closed","ping_status":"open","sticky":false,"template":"","format":"standard","meta":{"_monsterinsights_skip_tracking":false,"_monsterinsights_sitenote_active":false,"_monsterinsights_sitenote_note":"","_monsterinsights_sitenote_category":0,"jetpack_post_was_ever_published":false,"_jetpack_newsletter_access":"","_jetpack_dont_email_post_to_subs":false,"_jetpack_newsletter_tier_id":0,"_jetpack_memberships_contains_paywalled_content":false,"_jetpack_memberships_contains_paid_content":false,"footnotes":"","jetpack_publicize_message":"","jetpack_publicize_feature_enabled":true,"jetpack_social_post_already_shared":true,"jetpack_social_options":{"image_generator_settings":{"template":"highway","default_image_id":0,"font":"","enabled":false},"version":2},"_wpas_customize_per_network":false},"categories":[8],"tags":[],"class_list":["post-180917","post","type-post","status-publish","format-standard","has-post-thumbnail","hentry","category-sociedad","generate-columns","tablet-grid-50","mobile-grid-100","grid-parent","grid-50"],"jetpack_publicize_connections":[],"jetpack_featured_media_url":"https:\/\/www.hoymercedes.com.ar\/principal\/wp-content\/uploads\/2024\/12\/DIA-DEL-MEDICO.png","wps_subtitle":"","jetpack_sharing_enabled":true,"_links":{"self":[{"href":"https:\/\/www.hoymercedes.com.ar\/principal\/wp-json\/wp\/v2\/posts\/180917","targetHints":{"allow":["GET"]}}],"collection":[{"href":"https:\/\/www.hoymercedes.com.ar\/principal\/wp-json\/wp\/v2\/posts"}],"about":[{"href":"https:\/\/www.hoymercedes.com.ar\/principal\/wp-json\/wp\/v2\/types\/post"}],"author":[{"embeddable":true,"href":"https:\/\/www.hoymercedes.com.ar\/principal\/wp-json\/wp\/v2\/users\/1"}],"replies":[{"embeddable":true,"href":"https:\/\/www.hoymercedes.com.ar\/principal\/wp-json\/wp\/v2\/comments?post=180917"}],"version-history":[{"count":0,"href":"https:\/\/www.hoymercedes.com.ar\/principal\/wp-json\/wp\/v2\/posts\/180917\/revisions"}],"wp:featuredmedia":[{"embeddable":true,"href":"https:\/\/www.hoymercedes.com.ar\/principal\/wp-json\/wp\/v2\/media\/180918"}],"wp:attachment":[{"href":"https:\/\/www.hoymercedes.com.ar\/principal\/wp-json\/wp\/v2\/media?parent=180917"}],"wp:term":[{"taxonomy":"category","embeddable":true,"href":"https:\/\/www.hoymercedes.com.ar\/principal\/wp-json\/wp\/v2\/categories?post=180917"},{"taxonomy":"post_tag","embeddable":true,"href":"https:\/\/www.hoymercedes.com.ar\/principal\/wp-json\/wp\/v2\/tags?post=180917"}],"curies":[{"name":"wp","href":"https:\/\/api.w.org\/{rel}","templated":true}]}}