{"id":180924,"date":"2024-12-03T12:40:45","date_gmt":"2024-12-03T15:40:45","guid":{"rendered":"https:\/\/www.hoymercedes.com.ar\/principal\/?p=180924"},"modified":"2024-12-03T12:40:48","modified_gmt":"2024-12-03T15:40:48","slug":"recorte-preocupacion-de-jubilados-y-pensionado-mercedinos-por-quita-de-remedios","status":"publish","type":"post","link":"https:\/\/www.hoymercedes.com.ar\/principal\/2024\/12\/03\/recorte-preocupacion-de-jubilados-y-pensionado-mercedinos-por-quita-de-remedios\/","title":{"rendered":"Recorte: preocupaci\u00f3n de jubilados y pensionado mercedinos por quita de remedios"},"content":{"rendered":"\n<p>Como se ven\u00eda sosteniendo el sector que m\u00e1s padece el ajuste es el de jubilados y pensionados. Ahora se suma, adem\u00e1s de la falta de aumento, la quita del total de las coberturas de medicamento de PAMI. La llamada motosierra pega en los que m\u00e1s lo necesitan.<\/p>\n\n\n\n<p>Un grupo de jubilados y pensionados, representando los distintos centros de la ciudad, expres\u00f3 por medio de una comunicaci\u00f3n que:<\/p>\n\n\n\n<p>A los jubilados y pensionados de Mercedes<\/p>\n\n\n\n<p>Los jubilados y pensionados argentinos hoy padecemos un Gobierno que ignora, ataca y desprecia a la tercera edad por improductiva, a pesar de haber trabajado toda una vida para vivir una \u00faltima etapa digna, en paz y seguridad. Nos han acorralado contra un abismo de pobreza y enfermedades sin asistencia.<\/p>\n\n\n\n<p>Nos niegan el derecho a una prestaci\u00f3n m\u00e9dica acorde a nuestras necesidades vitales, a nuestra edad cada vez m\u00e1s fr\u00e1gil y a la salud mental m\u00e1s elemental, que es la de saberse protegidos y protegidas por el Estado.<\/p>\n\n\n\n<p>Javier Milei est\u00e1 transformando el sue\u00f1o de una ancianidad digna en una pesadilla de desprecio y mortandad absurda, que la juventud terminar\u00e1 naturalizando si no hacemos nada.<\/p>\n\n\n\n<p>Si no luchamos. Si no hacemos o\u00edr nuestras voces. Si no tomamos el lugar que merecemos como clase pasiva, sostenedora de la historia m\u00e1s reciente de nuestra sociedad, seremos c\u00f3mplices.<\/p>\n\n\n\n<p>HABLEMOS, SALGAMOS, UN\u00c1MONOS!<\/p>\n\n\n\n<p>COMPARTAMOS UNA REUNI\u00d3N EN LA PLAZA SAN MARTIN EL MI\u00c9RCOLES A LAS 18.30 HS.<\/p>\n\n\n\n<p>\u00a1NO CLAUDIQUEMOS, QUE JUNTOS SOMOS M\u00c1S!<\/p>\n","protected":false},"excerpt":{"rendered":"<p>Como se ven\u00eda sosteniendo el sector que m\u00e1s padece el ajuste es el de jubilados y pensionados. Ahora se suma, &#8230; <a title=\"Recorte: preocupaci\u00f3n de jubilados y pensionado mercedinos por quita de remedios\" class=\"read-more\" href=\"https:\/\/www.hoymercedes.com.ar\/principal\/2024\/12\/03\/recorte-preocupacion-de-jubilados-y-pensionado-mercedinos-por-quita-de-remedios\/\" aria-label=\"Leer m\u00e1s sobre Recorte: preocupaci\u00f3n de jubilados y pensionado mercedinos por quita de remedios\">Leer m\u00e1s<\/a><\/p>\n","protected":false},"author":1,"featured_media":179115,"comment_status":"closed","ping_status":"open","sticky":false,"template":"","format":"standard","meta":{"_monsterinsights_skip_tracking":false,"_monsterinsights_sitenote_active":false,"_monsterinsights_sitenote_note":"","_monsterinsights_sitenote_category":0,"jetpack_post_was_ever_published":false,"_jetpack_newsletter_access":"","_jetpack_dont_email_post_to_subs":false,"_jetpack_newsletter_tier_id":0,"_jetpack_memberships_contains_paywalled_content":false,"_jetpack_memberships_contains_paid_content":false,"footnotes":"","jetpack_publicize_message":"","jetpack_publicize_feature_enabled":true,"jetpack_social_post_already_shared":true,"jetpack_social_options":{"image_generator_settings":{"template":"highway","default_image_id":0,"font":"","enabled":false},"version":2},"_wpas_customize_per_network":false},"categories":[8],"tags":[13275,20004],"class_list":["post-180924","post","type-post","status-publish","format-standard","has-post-thumbnail","hentry","category-sociedad","tag-jubilados-mercedes","tag-quita-de-remedios-pami","generate-columns","tablet-grid-50","mobile-grid-100","grid-parent","grid-50"],"jetpack_publicize_connections":[],"jetpack_featured_media_url":"https:\/\/www.hoymercedes.com.ar\/principal\/wp-content\/uploads\/2024\/09\/JubiladosyPensionados.jpg","wps_subtitle":"Reclamos ","jetpack_sharing_enabled":true,"_links":{"self":[{"href":"https:\/\/www.hoymercedes.com.ar\/principal\/wp-json\/wp\/v2\/posts\/180924","targetHints":{"allow":["GET"]}}],"collection":[{"href":"https:\/\/www.hoymercedes.com.ar\/principal\/wp-json\/wp\/v2\/posts"}],"about":[{"href":"https:\/\/www.hoymercedes.com.ar\/principal\/wp-json\/wp\/v2\/types\/post"}],"author":[{"embeddable":true,"href":"https:\/\/www.hoymercedes.com.ar\/principal\/wp-json\/wp\/v2\/users\/1"}],"replies":[{"embeddable":true,"href":"https:\/\/www.hoymercedes.com.ar\/principal\/wp-json\/wp\/v2\/comments?post=180924"}],"version-history":[{"count":0,"href":"https:\/\/www.hoymercedes.com.ar\/principal\/wp-json\/wp\/v2\/posts\/180924\/revisions"}],"wp:featuredmedia":[{"embeddable":true,"href":"https:\/\/www.hoymercedes.com.ar\/principal\/wp-json\/wp\/v2\/media\/179115"}],"wp:attachment":[{"href":"https:\/\/www.hoymercedes.com.ar\/principal\/wp-json\/wp\/v2\/media?parent=180924"}],"wp:term":[{"taxonomy":"category","embeddable":true,"href":"https:\/\/www.hoymercedes.com.ar\/principal\/wp-json\/wp\/v2\/categories?post=180924"},{"taxonomy":"post_tag","embeddable":true,"href":"https:\/\/www.hoymercedes.com.ar\/principal\/wp-json\/wp\/v2\/tags?post=180924"}],"curies":[{"name":"wp","href":"https:\/\/api.w.org\/{rel}","templated":true}]}}