{"id":180927,"date":"2024-12-03T13:27:16","date_gmt":"2024-12-03T16:27:16","guid":{"rendered":"https:\/\/www.hoymercedes.com.ar\/principal\/?p=180927"},"modified":"2024-12-03T13:27:18","modified_gmt":"2024-12-03T16:27:18","slug":"brindis-teatro-feria-y-encuentro-de-fin-de-ano-para-adultos-mayores","status":"publish","type":"post","link":"https:\/\/www.hoymercedes.com.ar\/principal\/2024\/12\/03\/brindis-teatro-feria-y-encuentro-de-fin-de-ano-para-adultos-mayores\/","title":{"rendered":"Brindis, teatro, feria y encuentro de fin de a\u00f1o para Adultos Mayores"},"content":{"rendered":"\n<figure class=\"wp-block-image size-large\"><img loading=\"lazy\" decoding=\"async\" width=\"1024\" height=\"682\" data-attachment-id=\"180928\" data-permalink=\"https:\/\/www.hoymercedes.com.ar\/principal\/2024\/12\/03\/brindis-teatro-feria-y-encuentro-de-fin-de-ano-para-adultos-mayores\/dsc_0071-4\/#main\" data-orig-file=\"https:\/\/www.hoymercedes.com.ar\/principal\/wp-content\/uploads\/2024\/12\/DSC_0071.jpg\" data-orig-size=\"1319,879\" data-comments-opened=\"0\" data-image-meta=\"{&quot;aperture&quot;:&quot;0&quot;,&quot;credit&quot;:&quot;&quot;,&quot;camera&quot;:&quot;&quot;,&quot;caption&quot;:&quot;&quot;,&quot;created_timestamp&quot;:&quot;0&quot;,&quot;copyright&quot;:&quot;&quot;,&quot;focal_length&quot;:&quot;0&quot;,&quot;iso&quot;:&quot;0&quot;,&quot;shutter_speed&quot;:&quot;0&quot;,&quot;title&quot;:&quot;&quot;,&quot;orientation&quot;:&quot;0&quot;}\" data-image-title=\"DBrindis, teatro, feria y encuentro de fin de a\u00f1o para Adultos Mayores\" data-image-description=\"&lt;p&gt;Brindis, teatro, feria y encuentro de fin de a\u00f1o para Adultos Mayores&lt;\/p&gt;\n\" data-image-caption=\"&lt;p&gt;Brindis, teatro, feria y encuentro de fin de a\u00f1o para Adultos Mayores&lt;\/p&gt;\n\" data-large-file=\"https:\/\/www.hoymercedes.com.ar\/principal\/wp-content\/uploads\/2024\/12\/DSC_0071-1024x682.jpg\" src=\"https:\/\/www.hoymercedes.com.ar\/principal\/wp-content\/uploads\/2024\/12\/DSC_0071-1024x682.jpg\" alt=\"\" class=\"wp-image-180928\" srcset=\"https:\/\/www.hoymercedes.com.ar\/principal\/wp-content\/uploads\/2024\/12\/DSC_0071-1024x682.jpg 1024w, https:\/\/www.hoymercedes.com.ar\/principal\/wp-content\/uploads\/2024\/12\/DSC_0071-630x420.jpg 630w, https:\/\/www.hoymercedes.com.ar\/principal\/wp-content\/uploads\/2024\/12\/DSC_0071-150x100.jpg 150w, https:\/\/www.hoymercedes.com.ar\/principal\/wp-content\/uploads\/2024\/12\/DSC_0071-700x465.jpg 700w, https:\/\/www.hoymercedes.com.ar\/principal\/wp-content\/uploads\/2024\/12\/DSC_0071.jpg 1319w\" sizes=\"auto, (max-width: 1024px) 100vw, 1024px\" \/><\/figure>\n\n\n\n<p>Una nutrida participaci\u00f3n tuvo el encuentro de fin de a\u00f1o de la Direcci\u00f3n de Adultos Mayores en La Trocha. Hubo teatro, proyecci\u00f3n de un corto, feria y brindis. El intendente&nbsp;<strong>Juan I. Ustarroz<\/strong>&nbsp;les agradeci\u00f3 el constante v\u00ednculo solidario con la comunidad, plasmado en m\u00faltiples proyectos y felicit\u00f3 por el ejemplo que dan.<\/p>\n\n\n\n<p>\u201cQueremos agradecerles por todo lo que hacen en el a\u00f1o, con acciones solidarias, pero tambi\u00e9n por sostener este hermoso grupo de encuentro, apoyo, de vinculaci\u00f3n con la comunidad\u201d mencion\u00f3 el intendente Ustarroz.<\/p>\n\n\n\n<p>Por su parte,&nbsp;<strong>Victoria Odel<\/strong>, directora del \u00e1rea, efectu\u00f3 un repaso por la gran cantidad de actividades desarrolladas durante el a\u00f1o, destacando el flamante Expo-Feria Adultos Mayores y el teatro, como novedades importantes creadas colectivamente.<\/p>\n\n\n\n<p>El&nbsp;<strong>Dr N\u00e9stor Pisapia<\/strong>, secretario de salud, de quien depende el \u00e1rea, tambi\u00e9n expres\u00f3 palabras de agradecimiento por sostener el espacio, por acompa\u00f1ar cada propuesta y seguir construyendo acciones que permite la unidad, el cuidado y la felicidad de nuestros adultos mayores.<\/p>\n\n\n\n<p>Estuvieron presentes tambi\u00e9n los equipos t\u00e9cnicos, profesionales, trabajadores y trabajadores que corianamente articulan y trabajan con las y los vecinos mayores.<\/p>\n\n\n\n<p>Si bien se efectu\u00f3 el brindis, que es un momento simb\u00f3lico, las actividades en todos los dispositivos contin\u00faan.<\/p>\n","protected":false},"excerpt":{"rendered":"<p>Una nutrida participaci\u00f3n tuvo el encuentro de fin de a\u00f1o de la Direcci\u00f3n de Adultos Mayores en La Trocha. Hubo &#8230; <a title=\"Brindis, teatro, feria y encuentro de fin de a\u00f1o para Adultos Mayores\" class=\"read-more\" href=\"https:\/\/www.hoymercedes.com.ar\/principal\/2024\/12\/03\/brindis-teatro-feria-y-encuentro-de-fin-de-ano-para-adultos-mayores\/\" aria-label=\"Leer m\u00e1s sobre Brindis, teatro, feria y encuentro de fin de a\u00f1o para Adultos Mayores\">Leer m\u00e1s<\/a><\/p>\n","protected":false},"author":1,"featured_media":180928,"comment_status":"closed","ping_status":"open","sticky":false,"template":"","format":"standard","meta":{"_monsterinsights_skip_tracking":false,"_monsterinsights_sitenote_active":false,"_monsterinsights_sitenote_note":"","_monsterinsights_sitenote_category":0,"jetpack_post_was_ever_published":false,"_jetpack_newsletter_access":"","_jetpack_dont_email_post_to_subs":false,"_jetpack_newsletter_tier_id":0,"_jetpack_memberships_contains_paywalled_content":false,"_jetpack_memberships_contains_paid_content":false,"footnotes":"","jetpack_publicize_message":"","jetpack_publicize_feature_enabled":true,"jetpack_social_post_already_shared":true,"jetpack_social_options":{"image_generator_settings":{"template":"highway","default_image_id":0,"font":"","enabled":false},"version":2},"_wpas_customize_per_network":false},"categories":[8],"tags":[],"class_list":["post-180927","post","type-post","status-publish","format-standard","has-post-thumbnail","hentry","category-sociedad","generate-columns","tablet-grid-50","mobile-grid-100","grid-parent","grid-50"],"jetpack_publicize_connections":[],"jetpack_featured_media_url":"https:\/\/www.hoymercedes.com.ar\/principal\/wp-content\/uploads\/2024\/12\/DSC_0071.jpg","wps_subtitle":"Instituciones ","jetpack_sharing_enabled":true,"_links":{"self":[{"href":"https:\/\/www.hoymercedes.com.ar\/principal\/wp-json\/wp\/v2\/posts\/180927","targetHints":{"allow":["GET"]}}],"collection":[{"href":"https:\/\/www.hoymercedes.com.ar\/principal\/wp-json\/wp\/v2\/posts"}],"about":[{"href":"https:\/\/www.hoymercedes.com.ar\/principal\/wp-json\/wp\/v2\/types\/post"}],"author":[{"embeddable":true,"href":"https:\/\/www.hoymercedes.com.ar\/principal\/wp-json\/wp\/v2\/users\/1"}],"replies":[{"embeddable":true,"href":"https:\/\/www.hoymercedes.com.ar\/principal\/wp-json\/wp\/v2\/comments?post=180927"}],"version-history":[{"count":0,"href":"https:\/\/www.hoymercedes.com.ar\/principal\/wp-json\/wp\/v2\/posts\/180927\/revisions"}],"wp:featuredmedia":[{"embeddable":true,"href":"https:\/\/www.hoymercedes.com.ar\/principal\/wp-json\/wp\/v2\/media\/180928"}],"wp:attachment":[{"href":"https:\/\/www.hoymercedes.com.ar\/principal\/wp-json\/wp\/v2\/media?parent=180927"}],"wp:term":[{"taxonomy":"category","embeddable":true,"href":"https:\/\/www.hoymercedes.com.ar\/principal\/wp-json\/wp\/v2\/categories?post=180927"},{"taxonomy":"post_tag","embeddable":true,"href":"https:\/\/www.hoymercedes.com.ar\/principal\/wp-json\/wp\/v2\/tags?post=180927"}],"curies":[{"name":"wp","href":"https:\/\/api.w.org\/{rel}","templated":true}]}}