{"id":180938,"date":"2024-12-04T10:00:06","date_gmt":"2024-12-04T13:00:06","guid":{"rendered":"https:\/\/www.hoymercedes.com.ar\/principal\/?p=180938"},"modified":"2024-12-04T10:01:32","modified_gmt":"2024-12-04T13:01:32","slug":"desde-el-lunes-9-rige-nuevo-horario-bancario","status":"publish","type":"post","link":"https:\/\/www.hoymercedes.com.ar\/principal\/2024\/12\/04\/desde-el-lunes-9-rige-nuevo-horario-bancario\/","title":{"rendered":"Desde el lunes 9 rige nuevo horario bancario"},"content":{"rendered":"\n<p>La Provincia de Buenos Aires oficializ\u00f3 el nuevo horario bancario, que regir\u00e1 durante todo el verano y buscar\u00e1 evitar la exposici\u00f3n de los clientes a las horas de m\u00e1s calor.<\/p>\n\n\n\n<p>La decisi\u00f3n fue dada a conocer a trav\u00e9s del Decreto N\u00b0 3.043\/2024 publicado en el Bolet\u00edn Oficial, y dispone que la atenci\u00f3n al p\u00fablico ser\u00e1 de 8 a 13. <\/p>\n\n\n\n<p>\u00abEntre el 9 de diciembre de 2024 y el 24 de marzo de 2025, el personal cumplir\u00e1 su jornada laboral de lunes a viernes de 7.45 a 15.15, debiendo destinarse como horario de atenci\u00f3n al p\u00fablico el comprendido entre las 8 y las 13\u00bb, indica el texto de la norma.<\/p>\n\n\n\n<p>El gobierno acept\u00f3 as\u00ed el pedido elevado por el gremio La Bancaria, que solicit\u00f3, como en a\u00f1os anteriores; cambiar el habitual horario de atenci\u00f3n de 10 a 15 y adelantarlo 2 horas debido a las altas temperaturas de verano.<\/p>\n\n\n\n<p><\/p>\n","protected":false},"excerpt":{"rendered":"<p>La Provincia de Buenos Aires oficializ\u00f3 el nuevo horario bancario, que regir\u00e1 durante todo el verano y buscar\u00e1 evitar la &#8230; <a title=\"Desde el lunes 9 rige nuevo horario bancario\" class=\"read-more\" href=\"https:\/\/www.hoymercedes.com.ar\/principal\/2024\/12\/04\/desde-el-lunes-9-rige-nuevo-horario-bancario\/\" aria-label=\"Leer m\u00e1s sobre Desde el lunes 9 rige nuevo horario bancario\">Leer m\u00e1s<\/a><\/p>\n","protected":false},"author":1,"featured_media":108527,"comment_status":"closed","ping_status":"open","sticky":false,"template":"","format":"standard","meta":{"_monsterinsights_skip_tracking":false,"_monsterinsights_sitenote_active":false,"_monsterinsights_sitenote_note":"","_monsterinsights_sitenote_category":0,"jetpack_post_was_ever_published":false,"_jetpack_newsletter_access":"","_jetpack_dont_email_post_to_subs":false,"_jetpack_newsletter_tier_id":0,"_jetpack_memberships_contains_paywalled_content":false,"_jetpack_memberships_contains_paid_content":false,"footnotes":"","jetpack_publicize_message":"","jetpack_publicize_feature_enabled":true,"jetpack_social_post_already_shared":true,"jetpack_social_options":{"image_generator_settings":{"template":"highway","default_image_id":0,"font":"","enabled":false},"version":2},"_wpas_customize_per_network":false},"categories":[8],"tags":[],"class_list":["post-180938","post","type-post","status-publish","format-standard","has-post-thumbnail","hentry","category-sociedad","generate-columns","tablet-grid-50","mobile-grid-100","grid-parent","grid-50"],"jetpack_publicize_connections":[],"jetpack_featured_media_url":"https:\/\/www.hoymercedes.com.ar\/principal\/wp-content\/uploads\/2020\/03\/27-colas-bancos-2.jpg","wps_subtitle":"","jetpack_sharing_enabled":true,"_links":{"self":[{"href":"https:\/\/www.hoymercedes.com.ar\/principal\/wp-json\/wp\/v2\/posts\/180938","targetHints":{"allow":["GET"]}}],"collection":[{"href":"https:\/\/www.hoymercedes.com.ar\/principal\/wp-json\/wp\/v2\/posts"}],"about":[{"href":"https:\/\/www.hoymercedes.com.ar\/principal\/wp-json\/wp\/v2\/types\/post"}],"author":[{"embeddable":true,"href":"https:\/\/www.hoymercedes.com.ar\/principal\/wp-json\/wp\/v2\/users\/1"}],"replies":[{"embeddable":true,"href":"https:\/\/www.hoymercedes.com.ar\/principal\/wp-json\/wp\/v2\/comments?post=180938"}],"version-history":[{"count":0,"href":"https:\/\/www.hoymercedes.com.ar\/principal\/wp-json\/wp\/v2\/posts\/180938\/revisions"}],"wp:featuredmedia":[{"embeddable":true,"href":"https:\/\/www.hoymercedes.com.ar\/principal\/wp-json\/wp\/v2\/media\/108527"}],"wp:attachment":[{"href":"https:\/\/www.hoymercedes.com.ar\/principal\/wp-json\/wp\/v2\/media?parent=180938"}],"wp:term":[{"taxonomy":"category","embeddable":true,"href":"https:\/\/www.hoymercedes.com.ar\/principal\/wp-json\/wp\/v2\/categories?post=180938"},{"taxonomy":"post_tag","embeddable":true,"href":"https:\/\/www.hoymercedes.com.ar\/principal\/wp-json\/wp\/v2\/tags?post=180938"}],"curies":[{"name":"wp","href":"https:\/\/api.w.org\/{rel}","templated":true}]}}