{"id":180941,"date":"2024-12-04T10:06:34","date_gmt":"2024-12-04T13:06:34","guid":{"rendered":"https:\/\/www.hoymercedes.com.ar\/principal\/?p=180941"},"modified":"2024-12-04T10:07:20","modified_gmt":"2024-12-04T13:07:20","slug":"dos-aprehendidos-por-hurto-agravado-de-motovehiculo","status":"publish","type":"post","link":"https:\/\/www.hoymercedes.com.ar\/principal\/2024\/12\/04\/dos-aprehendidos-por-hurto-agravado-de-motovehiculo\/","title":{"rendered":"Dos aprehendidos por hurto agravado de motoveh\u00edculo"},"content":{"rendered":"\n<p>En la madrugada del pasado jueves 26 de noviembre, una persona ingres\u00f3 a un domicilio de la ciudad de Mercedes donde logr\u00f3 sustraer una motocicleta marca Gilera Smash y se dio a la fuga con la misma en direcci\u00f3n a la localidad de San Andr\u00e9s de Giles.<\/p>\n\n\n\n<p>Por el hecho tom\u00f3 intervenci\u00f3n la Unidad Funcional de Instrucci\u00f3n N\u00b0 6 del Departamento Judicial Mercedes que imparti\u00f3 las directivas del caso; realizando un allanamiento en el marco de las facultades que le son propias tras reunir una serie de elementos probatorios.<\/p>\n\n\n\n<p>La medida se llev\u00f3 a cabo en un domicilio de la ciudad de San Andr\u00e9s de Giles y se logr\u00f3 la aprehensi\u00f3n de una mujer que no ser\u00eda ajena al hecho. Al continuar las tareas investigativas se logr\u00f3 determinar que el propietario del domicilio no era ajeno al delito. Este habr\u00eda facilitado el ingreso de su co-imputada dejando sin medidas de seguridad las puertas de la vivienda, permitiendo el ingreso para tomar las llaves del motoveh\u00edculo, dirigirse al garage del lugar y haciendo uso de la llave previamente sustra\u00edda darle arranque para luego darse a la fuga. Es por ello que el sujeto tambi\u00e9n qued\u00f3 aprehendido.<\/p>\n\n\n\n<p>Finalmente y mediante averiguaciones se logr\u00f3 dar con parte del rodado en la localidad de General Rodriguez, el cual se encontraba completamente desmantelado, en el marco de un allanamiento fiscal.<\/p>\n\n\n\n<p>El imputado (una mujer de 25 a\u00f1os, con domicilio en San Andr\u00e9s de Giles y un sujeto de 37 a\u00f1os, domiciliado en Mercedes) comparecieron ante el agente fiscal a cargo en el marco de la audiencia de declaraci\u00f3n en los t\u00e9rminos del art. 308 del C\u00f3digo Procesal Penal en la jornada de este viernes 29 del corriente. Fue por el delito de \u201cHurto agravado por cometerse mediante el uso de llave verdadera sustra\u00edda\u201d.<\/p>\n\n\n\n<p>Fuente: \u00c1rea Comunicacional &#8211; Ministerio P\u00fablico Fiscal Departamental Mercedes<\/p>\n","protected":false},"excerpt":{"rendered":"<p>En la madrugada del pasado jueves 26 de noviembre, una persona ingres\u00f3 a un domicilio de la ciudad de Mercedes &#8230; <a title=\"Dos aprehendidos por hurto agravado de motoveh\u00edculo\" class=\"read-more\" href=\"https:\/\/www.hoymercedes.com.ar\/principal\/2024\/12\/04\/dos-aprehendidos-por-hurto-agravado-de-motovehiculo\/\" aria-label=\"Leer m\u00e1s sobre Dos aprehendidos por hurto agravado de motoveh\u00edculo\">Leer m\u00e1s<\/a><\/p>\n","protected":false},"author":1,"featured_media":125642,"comment_status":"closed","ping_status":"open","sticky":false,"template":"","format":"standard","meta":{"_monsterinsights_skip_tracking":false,"_monsterinsights_sitenote_active":false,"_monsterinsights_sitenote_note":"","_monsterinsights_sitenote_category":0,"jetpack_post_was_ever_published":false,"_jetpack_newsletter_access":"","_jetpack_dont_email_post_to_subs":false,"_jetpack_newsletter_tier_id":0,"_jetpack_memberships_contains_paywalled_content":false,"_jetpack_memberships_contains_paid_content":false,"footnotes":"","jetpack_publicize_message":"","jetpack_publicize_feature_enabled":true,"jetpack_social_post_already_shared":true,"jetpack_social_options":{"image_generator_settings":{"template":"highway","default_image_id":0,"font":"","enabled":false},"version":2},"_wpas_customize_per_network":false},"categories":[8],"tags":[],"class_list":["post-180941","post","type-post","status-publish","format-standard","has-post-thumbnail","hentry","category-sociedad","generate-columns","tablet-grid-50","mobile-grid-100","grid-parent","grid-50"],"jetpack_publicize_connections":[],"jetpack_featured_media_url":"https:\/\/www.hoymercedes.com.ar\/principal\/wp-content\/uploads\/2021\/03\/02-movil-policia.jpg","wps_subtitle":"","jetpack_sharing_enabled":true,"_links":{"self":[{"href":"https:\/\/www.hoymercedes.com.ar\/principal\/wp-json\/wp\/v2\/posts\/180941","targetHints":{"allow":["GET"]}}],"collection":[{"href":"https:\/\/www.hoymercedes.com.ar\/principal\/wp-json\/wp\/v2\/posts"}],"about":[{"href":"https:\/\/www.hoymercedes.com.ar\/principal\/wp-json\/wp\/v2\/types\/post"}],"author":[{"embeddable":true,"href":"https:\/\/www.hoymercedes.com.ar\/principal\/wp-json\/wp\/v2\/users\/1"}],"replies":[{"embeddable":true,"href":"https:\/\/www.hoymercedes.com.ar\/principal\/wp-json\/wp\/v2\/comments?post=180941"}],"version-history":[{"count":0,"href":"https:\/\/www.hoymercedes.com.ar\/principal\/wp-json\/wp\/v2\/posts\/180941\/revisions"}],"wp:featuredmedia":[{"embeddable":true,"href":"https:\/\/www.hoymercedes.com.ar\/principal\/wp-json\/wp\/v2\/media\/125642"}],"wp:attachment":[{"href":"https:\/\/www.hoymercedes.com.ar\/principal\/wp-json\/wp\/v2\/media?parent=180941"}],"wp:term":[{"taxonomy":"category","embeddable":true,"href":"https:\/\/www.hoymercedes.com.ar\/principal\/wp-json\/wp\/v2\/categories?post=180941"},{"taxonomy":"post_tag","embeddable":true,"href":"https:\/\/www.hoymercedes.com.ar\/principal\/wp-json\/wp\/v2\/tags?post=180941"}],"curies":[{"name":"wp","href":"https:\/\/api.w.org\/{rel}","templated":true}]}}