{"id":180967,"date":"2024-12-05T08:47:25","date_gmt":"2024-12-05T11:47:25","guid":{"rendered":"https:\/\/www.hoymercedes.com.ar\/principal\/?p=180967"},"modified":"2024-12-05T11:48:09","modified_gmt":"2024-12-05T14:48:09","slug":"fallecio-el-historiador-alejandro-molle","status":"publish","type":"post","link":"https:\/\/www.hoymercedes.com.ar\/principal\/2024\/12\/05\/fallecio-el-historiador-alejandro-molle\/","title":{"rendered":"Falleci\u00f3 el historiador Alejandro Molle"},"content":{"rendered":"\n<p>En las primeras horas del jueves 5 de diciembre, falleci\u00f3 el historiador y pol\u00edtico Alejandro  Francisco Molle. Con 75 a\u00f1os de edad, el investigador se enfoc\u00f3 a estudiar al poder judicial de Mercedes, a ra\u00edz de su trabajo en el Archivo y Museo del Departamento Judicial. En sus \u00faltimas publicaciones investig\u00f3 la inmigraci\u00f3n en Mercedes. <\/p>\n\n\n\n<p>Alejandro Molle fue referente de la pol\u00edtica y la investigaci\u00f3n de la historia de Mercedes y sus personajes. Adem\u00e1s colaboraba de manera frecuente en medios de comunicaci\u00f3n de la ciudad. <\/p>\n\n\n\n<p>Su incansable curiosidad y af\u00e1n por el estudios de los expedientes judiciales locales lo llev\u00f3 a investigar sobre la historia de los tribunales, pero tambi\u00e9n de la inmigraci\u00f3n italiana y jud\u00eda. Como integrante del Instituto Belgraniano, adem\u00e1s redact\u00f3 e investig\u00f3 sobre la tarea de Belgrano en el pa\u00eds. <\/p>\n\n\n\n<figure class=\"wp-block-image size-full\"><img loading=\"lazy\" decoding=\"async\" width=\"800\" height=\"533\" data-attachment-id=\"138557\" data-permalink=\"https:\/\/www.hoymercedes.com.ar\/principal\/2021\/10\/13\/farmacias-de-turno-del-miercoles-13-de-octubre\/hcd-molle-2\/#main\" data-orig-file=\"https:\/\/www.hoymercedes.com.ar\/principal\/wp-content\/uploads\/2021\/10\/hcd-molle-2.png\" data-orig-size=\"800,533\" data-comments-opened=\"0\" data-image-meta=\"{&quot;aperture&quot;:&quot;0&quot;,&quot;credit&quot;:&quot;&quot;,&quot;camera&quot;:&quot;&quot;,&quot;caption&quot;:&quot;&quot;,&quot;created_timestamp&quot;:&quot;0&quot;,&quot;copyright&quot;:&quot;&quot;,&quot;focal_length&quot;:&quot;0&quot;,&quot;iso&quot;:&quot;0&quot;,&quot;shutter_speed&quot;:&quot;0&quot;,&quot;title&quot;:&quot;&quot;,&quot;orientation&quot;:&quot;0&quot;}\" data-image-title=\"hcd molle 2\" data-image-description=\"\" data-image-caption=\"\" data-large-file=\"https:\/\/www.hoymercedes.com.ar\/principal\/wp-content\/uploads\/2021\/10\/hcd-molle-2.png\" src=\"https:\/\/www.hoymercedes.com.ar\/principal\/wp-content\/uploads\/2021\/10\/hcd-molle-2.png\" alt=\"\" class=\"wp-image-138557\" srcset=\"https:\/\/www.hoymercedes.com.ar\/principal\/wp-content\/uploads\/2021\/10\/hcd-molle-2.png 800w, https:\/\/www.hoymercedes.com.ar\/principal\/wp-content\/uploads\/2021\/10\/hcd-molle-2-630x420.png 630w, https:\/\/www.hoymercedes.com.ar\/principal\/wp-content\/uploads\/2021\/10\/hcd-molle-2-150x100.png 150w, https:\/\/www.hoymercedes.com.ar\/principal\/wp-content\/uploads\/2021\/10\/hcd-molle-2-700x465.png 700w\" sizes=\"auto, (max-width: 800px) 100vw, 800px\" \/><\/figure>\n\n\n\n<p>En el a\u00f1o 2021, el HCD reconoci\u00f3 su tarea de relevancia como historiador, mientras Molle presentaba la vida y tarea social de Camila Rol\u00f3n.<\/p>\n\n\n\n<p>Desde este medio y sus integrantes, recordamos a qui\u00e9n entrevistamos en varias oportunidades y dialog\u00e1bamos en cada encuentro fuera de su tarea como empleado judicial, pol\u00edtico o en las presentaciones de sus investigaciones.<\/p>\n","protected":false},"excerpt":{"rendered":"<p>En las primeras horas del jueves 5 de diciembre, falleci\u00f3 el historiador y pol\u00edtico Alejandro Francisco Molle. Con 75 a\u00f1os &#8230; <a title=\"Falleci\u00f3 el historiador Alejandro Molle\" class=\"read-more\" href=\"https:\/\/www.hoymercedes.com.ar\/principal\/2024\/12\/05\/fallecio-el-historiador-alejandro-molle\/\" aria-label=\"Leer m\u00e1s sobre Falleci\u00f3 el historiador Alejandro Molle\">Leer m\u00e1s<\/a><\/p>\n","protected":false},"author":1,"featured_media":74088,"comment_status":"closed","ping_status":"open","sticky":false,"template":"","format":"standard","meta":{"_monsterinsights_skip_tracking":false,"_monsterinsights_sitenote_active":false,"_monsterinsights_sitenote_note":"","_monsterinsights_sitenote_category":0,"jetpack_post_was_ever_published":false,"_jetpack_newsletter_access":"","_jetpack_dont_email_post_to_subs":false,"_jetpack_newsletter_tier_id":0,"_jetpack_memberships_contains_paywalled_content":false,"_jetpack_memberships_contains_paid_content":false,"footnotes":"","jetpack_publicize_message":"","jetpack_publicize_feature_enabled":true,"jetpack_social_post_already_shared":true,"jetpack_social_options":{"image_generator_settings":{"template":"highway","default_image_id":0,"font":"","enabled":false},"version":2},"_wpas_customize_per_network":false},"categories":[8],"tags":[],"class_list":["post-180967","post","type-post","status-publish","format-standard","has-post-thumbnail","hentry","category-sociedad","generate-columns","tablet-grid-50","mobile-grid-100","grid-parent","grid-50"],"jetpack_publicize_connections":[],"jetpack_featured_media_url":"https:\/\/www.hoymercedes.com.ar\/principal\/wp-content\/uploads\/2018\/03\/30-libro-molle-3.jpg","wps_subtitle":"","jetpack_sharing_enabled":true,"_links":{"self":[{"href":"https:\/\/www.hoymercedes.com.ar\/principal\/wp-json\/wp\/v2\/posts\/180967","targetHints":{"allow":["GET"]}}],"collection":[{"href":"https:\/\/www.hoymercedes.com.ar\/principal\/wp-json\/wp\/v2\/posts"}],"about":[{"href":"https:\/\/www.hoymercedes.com.ar\/principal\/wp-json\/wp\/v2\/types\/post"}],"author":[{"embeddable":true,"href":"https:\/\/www.hoymercedes.com.ar\/principal\/wp-json\/wp\/v2\/users\/1"}],"replies":[{"embeddable":true,"href":"https:\/\/www.hoymercedes.com.ar\/principal\/wp-json\/wp\/v2\/comments?post=180967"}],"version-history":[{"count":0,"href":"https:\/\/www.hoymercedes.com.ar\/principal\/wp-json\/wp\/v2\/posts\/180967\/revisions"}],"wp:featuredmedia":[{"embeddable":true,"href":"https:\/\/www.hoymercedes.com.ar\/principal\/wp-json\/wp\/v2\/media\/74088"}],"wp:attachment":[{"href":"https:\/\/www.hoymercedes.com.ar\/principal\/wp-json\/wp\/v2\/media?parent=180967"}],"wp:term":[{"taxonomy":"category","embeddable":true,"href":"https:\/\/www.hoymercedes.com.ar\/principal\/wp-json\/wp\/v2\/categories?post=180967"},{"taxonomy":"post_tag","embeddable":true,"href":"https:\/\/www.hoymercedes.com.ar\/principal\/wp-json\/wp\/v2\/tags?post=180967"}],"curies":[{"name":"wp","href":"https:\/\/api.w.org\/{rel}","templated":true}]}}