{"id":180977,"date":"2024-12-05T23:00:00","date_gmt":"2024-12-06T02:00:00","guid":{"rendered":"https:\/\/www.hoymercedes.com.ar\/principal\/?p=180977"},"modified":"2024-12-05T22:28:28","modified_gmt":"2024-12-06T01:28:28","slug":"gran-noticia-se-viene-el-cuartel-de-bomberos-para-gowland","status":"publish","type":"post","link":"https:\/\/www.hoymercedes.com.ar\/principal\/2024\/12\/05\/gran-noticia-se-viene-el-cuartel-de-bomberos-para-gowland\/","title":{"rendered":"Gran noticia: se viene el Cuartel de Bomberos para Gowland"},"content":{"rendered":"\n<figure class=\"wp-block-image size-large\"><img loading=\"lazy\" decoding=\"async\" width=\"1024\" height=\"682\" data-attachment-id=\"180978\" data-permalink=\"https:\/\/www.hoymercedes.com.ar\/principal\/2024\/12\/05\/gran-noticia-se-viene-el-cuartel-de-bomberos-para-gowland\/bomberos-ustarroz-cuartelgowland\/#main\" data-orig-file=\"https:\/\/www.hoymercedes.com.ar\/principal\/wp-content\/uploads\/2024\/12\/Bomberos.Ustarroz.CuartelGowland.jpg\" data-orig-size=\"1319,879\" data-comments-opened=\"0\" data-image-meta=\"{&quot;aperture&quot;:&quot;0&quot;,&quot;credit&quot;:&quot;&quot;,&quot;camera&quot;:&quot;&quot;,&quot;caption&quot;:&quot;&quot;,&quot;created_timestamp&quot;:&quot;0&quot;,&quot;copyright&quot;:&quot;&quot;,&quot;focal_length&quot;:&quot;0&quot;,&quot;iso&quot;:&quot;0&quot;,&quot;shutter_speed&quot;:&quot;0&quot;,&quot;title&quot;:&quot;&quot;,&quot;orientation&quot;:&quot;0&quot;}\" data-image-title=\"Bomberos.Ustarroz.CuartelGowland\" data-image-description=\"&lt;p&gt;Gran noticia: se viene el Cuartel de Bomberos para Gowland&lt;\/p&gt;\n\" data-image-caption=\"&lt;p&gt;Gran noticia: se viene el Cuartel de Bomberos para Gowland&lt;\/p&gt;\n\" data-large-file=\"https:\/\/www.hoymercedes.com.ar\/principal\/wp-content\/uploads\/2024\/12\/Bomberos.Ustarroz.CuartelGowland-1024x682.jpg\" src=\"https:\/\/www.hoymercedes.com.ar\/principal\/wp-content\/uploads\/2024\/12\/Bomberos.Ustarroz.CuartelGowland-1024x682.jpg\" alt=\"Gran noticia: se viene el Cuartel de Bomberos para Gowland\" class=\"wp-image-180978\" srcset=\"https:\/\/www.hoymercedes.com.ar\/principal\/wp-content\/uploads\/2024\/12\/Bomberos.Ustarroz.CuartelGowland-1024x682.jpg 1024w, https:\/\/www.hoymercedes.com.ar\/principal\/wp-content\/uploads\/2024\/12\/Bomberos.Ustarroz.CuartelGowland-630x420.jpg 630w, https:\/\/www.hoymercedes.com.ar\/principal\/wp-content\/uploads\/2024\/12\/Bomberos.Ustarroz.CuartelGowland-150x100.jpg 150w, https:\/\/www.hoymercedes.com.ar\/principal\/wp-content\/uploads\/2024\/12\/Bomberos.Ustarroz.CuartelGowland-700x465.jpg 700w, https:\/\/www.hoymercedes.com.ar\/principal\/wp-content\/uploads\/2024\/12\/Bomberos.Ustarroz.CuartelGowland.jpg 1319w\" sizes=\"auto, (max-width: 1024px) 100vw, 1024px\" \/><\/figure>\n\n\n\n<p>La municipalidad realizar\u00e1 un importante aporte al Cuerpo de Bomberos de Mercedes para construir la delegaci\u00f3n, tan deseada y anhelada, de la localidad de Gowland y la zona. Se construir\u00e1 en el acceso al pueblo. En el encuentro estuvo el Jefe del Cuarte, <strong>Mario Quaglia<\/strong>, el presidente de la Cooperadora, <strong>Jonathan Sirch<\/strong>, el jefe comunal <strong>Juan I. Ustarroz<\/strong>, bomberos, el representante de la Cooperativa Levin <strong>Ariel Machicote<\/strong> &nbsp;y vecinos.<\/p>\n\n\n\n<p><strong>Cuartel<\/strong><\/p>\n\n\n\n<p>Desde hace mucho tiempo se viene con este deseo. Ahora ser\u00eda una realdad tras un amplio trabajo de unidad entre el Cuerpo de Bomberos de Mercedes, el Municipio, vecinos y vecinas de la zona. Su ubicaci\u00f3n ser\u00e1 estrat\u00e9gica dado que estar\u00e1 en la rotonda acceso a Gowland, permitiendo r\u00e1pidamente salir ante una futura emergencia hacia toda la zona rural muy \u00e1gilmente.<\/p>\n\n\n\n<p><strong>Acompa\u00f1amiento<\/strong><\/p>\n\n\n\n<p>El intendente<strong> Juan I. Ustarroz<\/strong> expres\u00f3 que \u201cse ha dado un paso importante para toda la zona\u201d y \u201ces una lucha de las y los vecinos, con una gran comprensi\u00f3n y compromiso del Cuerpo local, que se har\u00e1 realidad\u201d mencion\u00f3 y dijo \u201cBomberos es una instituci\u00f3n respetada, querida, que nos llena de orgullo y hoy damos el puntapi\u00e9 de algo sumamente importante, como es contar con una futura delegaci\u00f3n o cuartel en Gowland\u201d siendo un \u201ctrabajo de unidad, en conjunto, entre distintos actores de la sociedad, que es la mejor manera de construir\u201d especific\u00f3.<\/p>\n\n\n\n<p><strong>Cuerpo<\/strong><\/p>\n\n\n\n<p><strong>Jonathan Sirch,<\/strong> presidente de la cooperadora, expres\u00f3 que\u201d despu\u00e9s de varios meses de trabajo que venimos, tanto desde bomberos, el municipio y la Cooperativa Levin, se termin\u00f3 dando lo que esper\u00e1bamos que era poder comenzar con el destacamento ah\u00ed en Gowland\u201d<\/p>\n\n\n\n<p>Tambi\u00e9n que \u201cprincipio del a\u00f1o que viene ya comenzamos con lo que es la construcci\u00f3n del edificio, digamos, del cartel\u201d para el cual el Municipio realizar\u00e1 un aporte importante.<\/p>\n\n\n\n<p>Respecto a la ubicaci\u00f3n coment\u00f3 que&nbsp; \u201chay un terreno pelado que est\u00e1 justo en la entrada de Mercedes que muy gentilmente la cooperativa Levin, porque ese terreno es de la cooperativa, lo cedi\u00f3 a trav\u00e9s de un comodato a bomberos, y bueno, con el apoyo del intendente y el municipio, facilitando gran parte de los recursos que hacen falta, comenzaremos a trabajar para levantar las instalaciones, c\u00e1lculo principios de a\u00f1o, despu\u00e9s de las vacaciones, despu\u00e9s de enero, por ah\u00ed\u201d<\/p>\n\n\n\n<p>Narr\u00f3 tambi\u00e9n que la idea es empezar con camiones y utilitario para accidentolog\u00eda, para accidentes con estructuras, para actuar en viviendas, f\u00e1bricas, galpones, siendo la primera respuesta de atenci\u00f3n inmediata mientras, desde el cuartel central, ir\u00e1 ante una eventualidad m\u00e1s refuerzos.<\/p>\n\n\n\n<p>Es, adem\u00e1s, importante el hecho que se ir\u00e1 capacitando y formando personal del lugar, que es clave tambi\u00e9n para la constituci\u00f3n del cuerpo. Actualmente ante una emergencia se demoran entre 20 y 25 minutos en llegar. Esto significar\u00e1 un avance enorme para toda la zona, dado que desde el ingreso se podr\u00e1 acceder muy r\u00e1pidamente a Altamira, Tom\u00e1s Jofr\u00e9, Gowland, Agote y cercan\u00edas.<\/p>\n\n\n\n<p>Adem\u00e1s estuvieron presentes el Jefe del Cuerpo, <strong>Mario Quaglia<\/strong>, integrantes de la comisi\u00f3n, integrantes de la delegaci\u00f3n Gowland de Servicios P\u00fablicos, <strong>Ariel Machicote<\/strong> de la Cooperativa Lev\u00edn y vecinos de la zona, augurando pronto sea una realidad este sue\u00f1o que se empieza a construir. &nbsp;<\/p>\n","protected":false},"excerpt":{"rendered":"<p>La municipalidad realizar\u00e1 un importante aporte al Cuerpo de Bomberos de Mercedes para construir la delegaci\u00f3n, tan deseada y anhelada, &#8230; <a title=\"Gran noticia: se viene el Cuartel de Bomberos para Gowland\" class=\"read-more\" href=\"https:\/\/www.hoymercedes.com.ar\/principal\/2024\/12\/05\/gran-noticia-se-viene-el-cuartel-de-bomberos-para-gowland\/\" aria-label=\"Leer m\u00e1s sobre Gran noticia: se viene el Cuartel de Bomberos para Gowland\">Leer m\u00e1s<\/a><\/p>\n","protected":false},"author":1,"featured_media":180978,"comment_status":"closed","ping_status":"open","sticky":false,"template":"","format":"standard","meta":{"_monsterinsights_skip_tracking":false,"_monsterinsights_sitenote_active":false,"_monsterinsights_sitenote_note":"","_monsterinsights_sitenote_category":0,"jetpack_post_was_ever_published":false,"_jetpack_newsletter_access":"","_jetpack_dont_email_post_to_subs":false,"_jetpack_newsletter_tier_id":0,"_jetpack_memberships_contains_paywalled_content":false,"_jetpack_memberships_contains_paid_content":false,"footnotes":"","jetpack_publicize_message":"","jetpack_publicize_feature_enabled":true,"jetpack_social_post_already_shared":true,"jetpack_social_options":{"image_generator_settings":{"template":"highway","default_image_id":0,"font":"","enabled":false},"version":2},"_wpas_customize_per_network":false},"categories":[8],"tags":[4128,20010,19505,424],"class_list":["post-180977","post","type-post","status-publish","format-standard","has-post-thumbnail","hentry","category-sociedad","tag-bomberos","tag-bomberos-de-gowland","tag-delegacion-gowland-2","tag-ustarroz","generate-columns","tablet-grid-50","mobile-grid-100","grid-parent","grid-50"],"jetpack_publicize_connections":[],"jetpack_featured_media_url":"https:\/\/www.hoymercedes.com.ar\/principal\/wp-content\/uploads\/2024\/12\/Bomberos.Ustarroz.CuartelGowland.jpg","wps_subtitle":"Instituciones ","jetpack_sharing_enabled":true,"_links":{"self":[{"href":"https:\/\/www.hoymercedes.com.ar\/principal\/wp-json\/wp\/v2\/posts\/180977","targetHints":{"allow":["GET"]}}],"collection":[{"href":"https:\/\/www.hoymercedes.com.ar\/principal\/wp-json\/wp\/v2\/posts"}],"about":[{"href":"https:\/\/www.hoymercedes.com.ar\/principal\/wp-json\/wp\/v2\/types\/post"}],"author":[{"embeddable":true,"href":"https:\/\/www.hoymercedes.com.ar\/principal\/wp-json\/wp\/v2\/users\/1"}],"replies":[{"embeddable":true,"href":"https:\/\/www.hoymercedes.com.ar\/principal\/wp-json\/wp\/v2\/comments?post=180977"}],"version-history":[{"count":0,"href":"https:\/\/www.hoymercedes.com.ar\/principal\/wp-json\/wp\/v2\/posts\/180977\/revisions"}],"wp:featuredmedia":[{"embeddable":true,"href":"https:\/\/www.hoymercedes.com.ar\/principal\/wp-json\/wp\/v2\/media\/180978"}],"wp:attachment":[{"href":"https:\/\/www.hoymercedes.com.ar\/principal\/wp-json\/wp\/v2\/media?parent=180977"}],"wp:term":[{"taxonomy":"category","embeddable":true,"href":"https:\/\/www.hoymercedes.com.ar\/principal\/wp-json\/wp\/v2\/categories?post=180977"},{"taxonomy":"post_tag","embeddable":true,"href":"https:\/\/www.hoymercedes.com.ar\/principal\/wp-json\/wp\/v2\/tags?post=180977"}],"curies":[{"name":"wp","href":"https:\/\/api.w.org\/{rel}","templated":true}]}}