{"id":180995,"date":"2024-12-07T09:36:50","date_gmt":"2024-12-07T12:36:50","guid":{"rendered":"https:\/\/www.hoymercedes.com.ar\/principal\/?p=180995"},"modified":"2024-12-07T09:36:53","modified_gmt":"2024-12-07T12:36:53","slug":"la-30-fiesta-nacional-del-pastel-en-gouin-tradicion-musica-y-sabor","status":"publish","type":"post","link":"https:\/\/www.hoymercedes.com.ar\/principal\/2024\/12\/07\/la-30-fiesta-nacional-del-pastel-en-gouin-tradicion-musica-y-sabor\/","title":{"rendered":"La 30\u00b0 Fiesta Nacional del Pastel en Gouin: tradici\u00f3n, m\u00fasica y sabor"},"content":{"rendered":"\n<p>La localidad de Gouin, en el partido de Carmen de Areco, se prepara para vivir uno de los eventos m\u00e1s esperados del a\u00f1o: la 30\u00b0 edici\u00f3n de la Fiesta Nacional del Pastel. Durante el s\u00e1bado 7 y el domingo 8 de diciembre, vecinos y visitantes podr\u00e1n disfrutar de una celebraci\u00f3n que combina tradici\u00f3n, cultura y entretenimiento, convirti\u00e9ndose en un plan ideal para el fin de semana.<\/p>\n\n\n\n<p><strong>S\u00e1bado: m\u00fasica y elecci\u00f3n de embajadores.<\/strong><\/p>\n\n\n\n<p>El primer d\u00eda tendr\u00e1 como escenario principal al Italia Verdini de Merello, donde una variada propuesta art\u00edstica deleitar\u00e1 al p\u00fablico. Entre los shows m\u00e1s destacados, la fiesta vibrar\u00e1 al ritmo de la cumbia con las actuaciones de Onda Sabanera y Los del Fuego. Adem\u00e1s, se realizar\u00e1 la esperada elecci\u00f3n de los embajadores de esta edici\u00f3n de la fiesta, en un marco de alegr\u00eda y emoci\u00f3n.<\/p>\n\n\n\n<p><strong>Domingo: tradici\u00f3n y destrezas criollas<\/strong><\/p>\n\n\n\n<p>La jornada del domingo comenzar\u00e1 con una misa y un acto protocolar, seguidos por el tradicional desfile de instituciones y el paseo criollo, que llenar\u00e1 las calles de colores y folclore.<\/p>\n\n\n\n<p>En el campo de doma, tendr\u00e1n lugar las destrezas criollas mientras que, por la tarde, el escenario principal se llenar\u00e1 de danza y m\u00fasica popular, con presentaciones que pondr\u00e1n el broche de oro a esta celebraci\u00f3n. El esfuerzo y la dedicaci\u00f3n de los y las pasteleras tendr\u00e1 tambi\u00e9n su momento de reconocimiento en la premiaci\u00f3n.  <\/p>\n\n\n\n<p><strong>Una invitaci\u00f3n imperdible<\/strong><\/p>\n\n\n\n<p>La Fiesta Nacional del Pastel promete ser una experiencia \u00fanica para toda la familia, con actividades para todos los gustos y el encanto de una localidad que celebra sus ra\u00edces.<\/p>\n\n\n\n<figure class=\"wp-block-image size-large\"><img loading=\"lazy\" decoding=\"async\" width=\"1024\" height=\"1024\" data-attachment-id=\"181007\" data-permalink=\"https:\/\/www.hoymercedes.com.ar\/principal\/2024\/12\/07\/la-30-fiesta-nacional-del-pastel-en-gouin-tradicion-musica-y-sabor\/fb_img_1733574332741\/#main\" data-orig-file=\"https:\/\/www.hoymercedes.com.ar\/principal\/wp-content\/uploads\/2024\/12\/FB_IMG_1733574332741.jpg\" data-orig-size=\"1080,1080\" data-comments-opened=\"0\" data-image-meta=\"{&quot;aperture&quot;:&quot;0&quot;,&quot;credit&quot;:&quot;&quot;,&quot;camera&quot;:&quot;&quot;,&quot;caption&quot;:&quot;&quot;,&quot;created_timestamp&quot;:&quot;0&quot;,&quot;copyright&quot;:&quot;&quot;,&quot;focal_length&quot;:&quot;0&quot;,&quot;iso&quot;:&quot;0&quot;,&quot;shutter_speed&quot;:&quot;0&quot;,&quot;title&quot;:&quot;&quot;,&quot;orientation&quot;:&quot;0&quot;}\" data-image-title=\"FB_IMG_1733574332741\" data-image-description=\"\" data-image-caption=\"\" data-large-file=\"https:\/\/www.hoymercedes.com.ar\/principal\/wp-content\/uploads\/2024\/12\/FB_IMG_1733574332741-1024x1024.jpg\" src=\"https:\/\/www.hoymercedes.com.ar\/principal\/wp-content\/uploads\/2024\/12\/FB_IMG_1733574332741-1024x1024.jpg\" alt=\"\" class=\"wp-image-181007\" srcset=\"https:\/\/www.hoymercedes.com.ar\/principal\/wp-content\/uploads\/2024\/12\/FB_IMG_1733574332741-1024x1024.jpg 1024w, https:\/\/www.hoymercedes.com.ar\/principal\/wp-content\/uploads\/2024\/12\/FB_IMG_1733574332741-620x620.jpg 620w, https:\/\/www.hoymercedes.com.ar\/principal\/wp-content\/uploads\/2024\/12\/FB_IMG_1733574332741-150x150.jpg 150w, https:\/\/www.hoymercedes.com.ar\/principal\/wp-content\/uploads\/2024\/12\/FB_IMG_1733574332741.jpg 1080w\" sizes=\"auto, (max-width: 1024px) 100vw, 1024px\" \/><\/figure>\n\n\n\n<figure class=\"wp-block-image size-large\"><img loading=\"lazy\" decoding=\"async\" width=\"1024\" height=\"1024\" data-attachment-id=\"181008\" data-permalink=\"https:\/\/www.hoymercedes.com.ar\/principal\/2024\/12\/07\/la-30-fiesta-nacional-del-pastel-en-gouin-tradicion-musica-y-sabor\/fb_img_1733574335961\/#main\" data-orig-file=\"https:\/\/www.hoymercedes.com.ar\/principal\/wp-content\/uploads\/2024\/12\/FB_IMG_1733574335961.jpg\" data-orig-size=\"1080,1080\" data-comments-opened=\"0\" data-image-meta=\"{&quot;aperture&quot;:&quot;0&quot;,&quot;credit&quot;:&quot;&quot;,&quot;camera&quot;:&quot;&quot;,&quot;caption&quot;:&quot;&quot;,&quot;created_timestamp&quot;:&quot;0&quot;,&quot;copyright&quot;:&quot;&quot;,&quot;focal_length&quot;:&quot;0&quot;,&quot;iso&quot;:&quot;0&quot;,&quot;shutter_speed&quot;:&quot;0&quot;,&quot;title&quot;:&quot;&quot;,&quot;orientation&quot;:&quot;0&quot;}\" data-image-title=\"FB_IMG_1733574335961\" data-image-description=\"\" data-image-caption=\"\" data-large-file=\"https:\/\/www.hoymercedes.com.ar\/principal\/wp-content\/uploads\/2024\/12\/FB_IMG_1733574335961-1024x1024.jpg\" src=\"https:\/\/www.hoymercedes.com.ar\/principal\/wp-content\/uploads\/2024\/12\/FB_IMG_1733574335961-1024x1024.jpg\" alt=\"\" class=\"wp-image-181008\" srcset=\"https:\/\/www.hoymercedes.com.ar\/principal\/wp-content\/uploads\/2024\/12\/FB_IMG_1733574335961-1024x1024.jpg 1024w, https:\/\/www.hoymercedes.com.ar\/principal\/wp-content\/uploads\/2024\/12\/FB_IMG_1733574335961-620x620.jpg 620w, https:\/\/www.hoymercedes.com.ar\/principal\/wp-content\/uploads\/2024\/12\/FB_IMG_1733574335961-150x150.jpg 150w, https:\/\/www.hoymercedes.com.ar\/principal\/wp-content\/uploads\/2024\/12\/FB_IMG_1733574335961.jpg 1080w\" sizes=\"auto, (max-width: 1024px) 100vw, 1024px\" \/><\/figure>\n\n\n\n\n\n\n","protected":false},"excerpt":{"rendered":"<p>La localidad de Gouin, en el partido de Carmen de Areco, se prepara para vivir uno de los eventos m\u00e1s &#8230; <a title=\"La 30\u00b0 Fiesta Nacional del Pastel en Gouin: tradici\u00f3n, m\u00fasica y sabor\" class=\"read-more\" href=\"https:\/\/www.hoymercedes.com.ar\/principal\/2024\/12\/07\/la-30-fiesta-nacional-del-pastel-en-gouin-tradicion-musica-y-sabor\/\" aria-label=\"Leer m\u00e1s sobre La 30\u00b0 Fiesta Nacional del Pastel en Gouin: tradici\u00f3n, m\u00fasica y sabor\">Leer m\u00e1s<\/a><\/p>\n","protected":false},"author":1,"featured_media":181009,"comment_status":"closed","ping_status":"open","sticky":false,"template":"","format":"standard","meta":{"_monsterinsights_skip_tracking":false,"_monsterinsights_sitenote_active":false,"_monsterinsights_sitenote_note":"","_monsterinsights_sitenote_category":0,"jetpack_post_was_ever_published":false,"_jetpack_newsletter_access":"","_jetpack_dont_email_post_to_subs":false,"_jetpack_newsletter_tier_id":0,"_jetpack_memberships_contains_paywalled_content":false,"_jetpack_memberships_contains_paid_content":false,"footnotes":"","jetpack_publicize_message":"","jetpack_publicize_feature_enabled":true,"jetpack_social_post_already_shared":true,"jetpack_social_options":{"image_generator_settings":{"template":"highway","default_image_id":0,"font":"","enabled":false},"version":2},"_wpas_customize_per_network":false},"categories":[8],"tags":[],"class_list":["post-180995","post","type-post","status-publish","format-standard","has-post-thumbnail","hentry","category-sociedad","generate-columns","tablet-grid-50","mobile-grid-100","grid-parent","grid-50"],"jetpack_publicize_connections":[],"jetpack_featured_media_url":"https:\/\/www.hoymercedes.com.ar\/principal\/wp-content\/uploads\/2024\/12\/Screenshot_20241207-093128_copy_800x800.png","wps_subtitle":"","jetpack_sharing_enabled":true,"_links":{"self":[{"href":"https:\/\/www.hoymercedes.com.ar\/principal\/wp-json\/wp\/v2\/posts\/180995","targetHints":{"allow":["GET"]}}],"collection":[{"href":"https:\/\/www.hoymercedes.com.ar\/principal\/wp-json\/wp\/v2\/posts"}],"about":[{"href":"https:\/\/www.hoymercedes.com.ar\/principal\/wp-json\/wp\/v2\/types\/post"}],"author":[{"embeddable":true,"href":"https:\/\/www.hoymercedes.com.ar\/principal\/wp-json\/wp\/v2\/users\/1"}],"replies":[{"embeddable":true,"href":"https:\/\/www.hoymercedes.com.ar\/principal\/wp-json\/wp\/v2\/comments?post=180995"}],"version-history":[{"count":0,"href":"https:\/\/www.hoymercedes.com.ar\/principal\/wp-json\/wp\/v2\/posts\/180995\/revisions"}],"wp:featuredmedia":[{"embeddable":true,"href":"https:\/\/www.hoymercedes.com.ar\/principal\/wp-json\/wp\/v2\/media\/181009"}],"wp:attachment":[{"href":"https:\/\/www.hoymercedes.com.ar\/principal\/wp-json\/wp\/v2\/media?parent=180995"}],"wp:term":[{"taxonomy":"category","embeddable":true,"href":"https:\/\/www.hoymercedes.com.ar\/principal\/wp-json\/wp\/v2\/categories?post=180995"},{"taxonomy":"post_tag","embeddable":true,"href":"https:\/\/www.hoymercedes.com.ar\/principal\/wp-json\/wp\/v2\/tags?post=180995"}],"curies":[{"name":"wp","href":"https:\/\/api.w.org\/{rel}","templated":true}]}}