{"id":181033,"date":"2024-12-08T11:19:48","date_gmt":"2024-12-08T14:19:48","guid":{"rendered":"https:\/\/www.hoymercedes.com.ar\/principal\/?p=181033"},"modified":"2024-12-08T11:19:50","modified_gmt":"2024-12-08T14:19:50","slug":"femeba-firma-nuevo-convenio-con-ioma","status":"publish","type":"post","link":"https:\/\/www.hoymercedes.com.ar\/principal\/2024\/12\/08\/femeba-firma-nuevo-convenio-con-ioma\/","title":{"rendered":"FEMEBA firma nuevo convenio con IOMA"},"content":{"rendered":"\n<p>La Federaci\u00f3n M\u00e9dica de la Provincia de Buenos Aires (FEMEBA) anunci\u00f3 la firma de un nuevo convenio con el Instituto de Obra M\u00e9dico Asistencial (IOMA), marcando un hito en el sistema de salud provincial. Este acuerdo asegura la prestaci\u00f3n de servicios m\u00e9dicos en todo el \u00e1mbito provincial bajo las mismas condiciones para FEMEBA y las entidades m\u00e9dicas de la regi\u00f3n.<\/p>\n\n\n\n<p>Seg\u00fan se inform\u00f3, el convenio establece que, al entrar en vigencia, tambi\u00e9n finalizar\u00e1 el acuerdo capitado vigente, consolidando as\u00ed un marco renovado para la relaci\u00f3n entre FEMEBA, sus entidades primarias y el IOMA. Adem\u00e1s, se logr\u00f3 la conciliaci\u00f3n de la deuda hist\u00f3rica que el IOMA manten\u00eda con la Federaci\u00f3n M\u00e9dica, garantizando el pago de prestaciones y ajustes pendientes.<\/p>\n\n\n\n<p>Este avance representa una resoluci\u00f3n positiva a un conflicto gremial que llevaba m\u00e1s de 100 d\u00edas, restableciendo la normalidad en las prestaciones m\u00e9dicas para beneficiar tanto a los profesionales de la salud como a los pacientes de la provincia.<\/p>\n\n\n\n<p>Las entidades primarias interesadas en adherir al nuevo convenio deber\u00e1n firmar un compromiso que incluye no cobrar adicionales, en l\u00ednea con el esp\u00edritu de accesibilidad y calidad que promueve este acuerdo.<\/p>\n\n\n\n<p>El Dr. Guillermo Cobian, presidente de FEMEBA, expres\u00f3 su gratitud a todos los protagonistas de esta lucha y reafirm\u00f3 el compromiso de la instituci\u00f3n con la defensa de las fuentes de trabajo de los profesionales m\u00e9dicos.<br><br>Este acuerdo no solo garantiza estabilidad para los m\u00e9dicos federados, sino que tambi\u00e9n refuerza la atenci\u00f3n de calidad para todos los beneficiarios de IOMA en la provincia de Buenos Aires.<\/p>\n\n\n\n<p><em>Fuente: Prensa AMMercedes<\/em><\/p>\n","protected":false},"excerpt":{"rendered":"<p>La Federaci\u00f3n M\u00e9dica de la Provincia de Buenos Aires (FEMEBA) anunci\u00f3 la firma de un nuevo convenio con el Instituto &#8230; <a title=\"FEMEBA firma nuevo convenio con IOMA\" class=\"read-more\" href=\"https:\/\/www.hoymercedes.com.ar\/principal\/2024\/12\/08\/femeba-firma-nuevo-convenio-con-ioma\/\" aria-label=\"Leer m\u00e1s sobre FEMEBA firma nuevo convenio con IOMA\">Leer m\u00e1s<\/a><\/p>\n","protected":false},"author":1,"featured_media":179262,"comment_status":"closed","ping_status":"open","sticky":false,"template":"","format":"standard","meta":{"_monsterinsights_skip_tracking":false,"_monsterinsights_sitenote_active":false,"_monsterinsights_sitenote_note":"","_monsterinsights_sitenote_category":0,"jetpack_post_was_ever_published":false,"_jetpack_newsletter_access":"","_jetpack_dont_email_post_to_subs":false,"_jetpack_newsletter_tier_id":0,"_jetpack_memberships_contains_paywalled_content":false,"_jetpack_memberships_contains_paid_content":false,"footnotes":"","jetpack_publicize_message":"","jetpack_publicize_feature_enabled":true,"jetpack_social_post_already_shared":true,"jetpack_social_options":{"image_generator_settings":{"template":"highway","default_image_id":0,"font":"","enabled":false},"version":2},"_wpas_customize_per_network":false},"categories":[8],"tags":[],"class_list":["post-181033","post","type-post","status-publish","format-standard","has-post-thumbnail","hentry","category-sociedad","generate-columns","tablet-grid-50","mobile-grid-100","grid-parent","grid-50"],"jetpack_publicize_connections":[],"jetpack_featured_media_url":"https:\/\/www.hoymercedes.com.ar\/principal\/wp-content\/uploads\/2024\/10\/image.png","wps_subtitle":"","jetpack_sharing_enabled":true,"_links":{"self":[{"href":"https:\/\/www.hoymercedes.com.ar\/principal\/wp-json\/wp\/v2\/posts\/181033","targetHints":{"allow":["GET"]}}],"collection":[{"href":"https:\/\/www.hoymercedes.com.ar\/principal\/wp-json\/wp\/v2\/posts"}],"about":[{"href":"https:\/\/www.hoymercedes.com.ar\/principal\/wp-json\/wp\/v2\/types\/post"}],"author":[{"embeddable":true,"href":"https:\/\/www.hoymercedes.com.ar\/principal\/wp-json\/wp\/v2\/users\/1"}],"replies":[{"embeddable":true,"href":"https:\/\/www.hoymercedes.com.ar\/principal\/wp-json\/wp\/v2\/comments?post=181033"}],"version-history":[{"count":0,"href":"https:\/\/www.hoymercedes.com.ar\/principal\/wp-json\/wp\/v2\/posts\/181033\/revisions"}],"wp:featuredmedia":[{"embeddable":true,"href":"https:\/\/www.hoymercedes.com.ar\/principal\/wp-json\/wp\/v2\/media\/179262"}],"wp:attachment":[{"href":"https:\/\/www.hoymercedes.com.ar\/principal\/wp-json\/wp\/v2\/media?parent=181033"}],"wp:term":[{"taxonomy":"category","embeddable":true,"href":"https:\/\/www.hoymercedes.com.ar\/principal\/wp-json\/wp\/v2\/categories?post=181033"},{"taxonomy":"post_tag","embeddable":true,"href":"https:\/\/www.hoymercedes.com.ar\/principal\/wp-json\/wp\/v2\/tags?post=181033"}],"curies":[{"name":"wp","href":"https:\/\/api.w.org\/{rel}","templated":true}]}}