{"id":181035,"date":"2024-12-08T11:28:25","date_gmt":"2024-12-08T14:28:25","guid":{"rendered":"https:\/\/www.hoymercedes.com.ar\/principal\/?p=181035"},"modified":"2024-12-08T11:28:27","modified_gmt":"2024-12-08T14:28:27","slug":"la-orquesta-escuela-mercedes-cerro-el-ano-con-un-concierto-abierto-al-publico","status":"publish","type":"post","link":"https:\/\/www.hoymercedes.com.ar\/principal\/2024\/12\/08\/la-orquesta-escuela-mercedes-cerro-el-ano-con-un-concierto-abierto-al-publico\/","title":{"rendered":"La Orquesta Escuela Mercedes cerr\u00f3 el a\u00f1o con un concierto abierto al p\u00fablico"},"content":{"rendered":"\n<p>La Orquesta Escuela de Mercedes celebr\u00f3 este mi\u00e9rcoles por la tarde el cierre de sus actividades anuales con un recital al aire libre en las instalaciones del Instituto Saturnino Unzu\u00e9.<\/p>\n\n\n<div class=\"wp-block-image\">\n<figure class=\"aligncenter size-large\"><img loading=\"lazy\" decoding=\"async\" width=\"1024\" height=\"682\" data-attachment-id=\"181036\" data-permalink=\"https:\/\/www.hoymercedes.com.ar\/principal\/2024\/12\/08\/la-orquesta-escuela-mercedes-cerro-el-ano-con-un-concierto-abierto-al-publico\/orquestaescuela-2024-2\/#main\" data-orig-file=\"https:\/\/www.hoymercedes.com.ar\/principal\/wp-content\/uploads\/2024\/12\/OrquestaEscuela-2024.2.jpg\" data-orig-size=\"1319,879\" data-comments-opened=\"0\" data-image-meta=\"{&quot;aperture&quot;:&quot;0&quot;,&quot;credit&quot;:&quot;&quot;,&quot;camera&quot;:&quot;&quot;,&quot;caption&quot;:&quot;&quot;,&quot;created_timestamp&quot;:&quot;0&quot;,&quot;copyright&quot;:&quot;&quot;,&quot;focal_length&quot;:&quot;0&quot;,&quot;iso&quot;:&quot;0&quot;,&quot;shutter_speed&quot;:&quot;0&quot;,&quot;title&quot;:&quot;&quot;,&quot;orientation&quot;:&quot;0&quot;}\" data-image-title=\"OrquestaEscuela-2024.2\" data-image-description=\"\" data-image-caption=\"\" data-large-file=\"https:\/\/www.hoymercedes.com.ar\/principal\/wp-content\/uploads\/2024\/12\/OrquestaEscuela-2024.2-1024x682.jpg\" src=\"https:\/\/www.hoymercedes.com.ar\/principal\/wp-content\/uploads\/2024\/12\/OrquestaEscuela-2024.2-1024x682.jpg\" alt=\"\" class=\"wp-image-181036\" srcset=\"https:\/\/www.hoymercedes.com.ar\/principal\/wp-content\/uploads\/2024\/12\/OrquestaEscuela-2024.2-1024x682.jpg 1024w, https:\/\/www.hoymercedes.com.ar\/principal\/wp-content\/uploads\/2024\/12\/OrquestaEscuela-2024.2-630x420.jpg 630w, https:\/\/www.hoymercedes.com.ar\/principal\/wp-content\/uploads\/2024\/12\/OrquestaEscuela-2024.2-150x100.jpg 150w, https:\/\/www.hoymercedes.com.ar\/principal\/wp-content\/uploads\/2024\/12\/OrquestaEscuela-2024.2-700x465.jpg 700w, https:\/\/www.hoymercedes.com.ar\/principal\/wp-content\/uploads\/2024\/12\/OrquestaEscuela-2024.2.jpg 1319w\" sizes=\"auto, (max-width: 1024px) 100vw, 1024px\" \/><\/figure>\n<\/div>\n\n\n<p>Coordinado por el profesor Manuel Maturo, brind\u00f3 un espect\u00e1culo que reuni\u00f3 a ni\u00f1os, adolescentes, familiares y autoridades locales. Adem\u00e1s se sum\u00f3 como m\u00fasico invitado el contrabajista Andr\u00e9s Santarsiero y hubo presencia de una murga<\/p>\n\n\n\n<p>El concierto, dirigido por el maestro Horacio Vivares, present\u00f3 una amplia variedad de g\u00e9neros musicales, que incluyeron tangos como \u00abLa Cumparsita\u00bb, folklore con piezas como \u00abEl cosechero\u00bb y \u00abEl puente carretero\u00bb, versiones de los Beatles y Queen, jazz, y hasta m\u00fasica new age.<\/p>\n\n\n\n<p>Estas interpretaciones mostraron el esfuerzo y crecimiento de los alumnos a lo largo del a\u00f1o, quienes destacaron tanto en el aprendizaje individual de sus instrumentos como en la interacci\u00f3n grupal.<\/p>\n\n\n\n<p>El profesor Maturo destac\u00f3 el avance logrado durante el a\u00f1o, subrayando el compromiso de las familias y el trabajo en equipo que caracteriza al proyecto, con los profesores de cada instrumento y su labor destacada.<\/p>\n\n\n\n<p>Tambi\u00e9n alent\u00f3 a los peque\u00f1os m\u00fasicos a seguir participando y creciendo en este espacio, que busca fomentar el aprendizaje en comunidad y la inclusi\u00f3n a trav\u00e9s de la m\u00fasica. <\/p>\n\n\n\n<p>En febrero reiniciar\u00e1 sus actividades. <\/p>\n\n\n<div class=\"wp-block-image\">\n<figure class=\"aligncenter size-large\"><img loading=\"lazy\" decoding=\"async\" width=\"1024\" height=\"682\" data-attachment-id=\"181037\" data-permalink=\"https:\/\/www.hoymercedes.com.ar\/principal\/2024\/12\/08\/la-orquesta-escuela-mercedes-cerro-el-ano-con-un-concierto-abierto-al-publico\/orquestaescuela-2024\/#main\" data-orig-file=\"https:\/\/www.hoymercedes.com.ar\/principal\/wp-content\/uploads\/2024\/12\/OrquestaEscuela-2024.jpg\" data-orig-size=\"1319,879\" data-comments-opened=\"0\" data-image-meta=\"{&quot;aperture&quot;:&quot;0&quot;,&quot;credit&quot;:&quot;&quot;,&quot;camera&quot;:&quot;&quot;,&quot;caption&quot;:&quot;&quot;,&quot;created_timestamp&quot;:&quot;0&quot;,&quot;copyright&quot;:&quot;&quot;,&quot;focal_length&quot;:&quot;0&quot;,&quot;iso&quot;:&quot;0&quot;,&quot;shutter_speed&quot;:&quot;0&quot;,&quot;title&quot;:&quot;&quot;,&quot;orientation&quot;:&quot;0&quot;}\" data-image-title=\"OrquestaEscuela-2024\" data-image-description=\"\" data-image-caption=\"\" data-large-file=\"https:\/\/www.hoymercedes.com.ar\/principal\/wp-content\/uploads\/2024\/12\/OrquestaEscuela-2024-1024x682.jpg\" src=\"https:\/\/www.hoymercedes.com.ar\/principal\/wp-content\/uploads\/2024\/12\/OrquestaEscuela-2024-1024x682.jpg\" alt=\"\" class=\"wp-image-181037\" srcset=\"https:\/\/www.hoymercedes.com.ar\/principal\/wp-content\/uploads\/2024\/12\/OrquestaEscuela-2024-1024x682.jpg 1024w, https:\/\/www.hoymercedes.com.ar\/principal\/wp-content\/uploads\/2024\/12\/OrquestaEscuela-2024-630x420.jpg 630w, https:\/\/www.hoymercedes.com.ar\/principal\/wp-content\/uploads\/2024\/12\/OrquestaEscuela-2024-150x100.jpg 150w, https:\/\/www.hoymercedes.com.ar\/principal\/wp-content\/uploads\/2024\/12\/OrquestaEscuela-2024-700x465.jpg 700w, https:\/\/www.hoymercedes.com.ar\/principal\/wp-content\/uploads\/2024\/12\/OrquestaEscuela-2024.jpg 1319w\" sizes=\"auto, (max-width: 1024px) 100vw, 1024px\" \/><\/figure>\n<\/div>","protected":false},"excerpt":{"rendered":"<p>La Orquesta Escuela de Mercedes celebr\u00f3 este mi\u00e9rcoles por la tarde el cierre de sus actividades anuales con un recital &#8230; <a title=\"La Orquesta Escuela Mercedes cerr\u00f3 el a\u00f1o con un concierto abierto al p\u00fablico\" class=\"read-more\" href=\"https:\/\/www.hoymercedes.com.ar\/principal\/2024\/12\/08\/la-orquesta-escuela-mercedes-cerro-el-ano-con-un-concierto-abierto-al-publico\/\" aria-label=\"Leer m\u00e1s sobre La Orquesta Escuela Mercedes cerr\u00f3 el a\u00f1o con un concierto abierto al p\u00fablico\">Leer m\u00e1s<\/a><\/p>\n","protected":false},"author":1,"featured_media":181037,"comment_status":"closed","ping_status":"open","sticky":false,"template":"","format":"standard","meta":{"_monsterinsights_skip_tracking":false,"_monsterinsights_sitenote_active":false,"_monsterinsights_sitenote_note":"","_monsterinsights_sitenote_category":0,"jetpack_post_was_ever_published":false,"_jetpack_newsletter_access":"","_jetpack_dont_email_post_to_subs":false,"_jetpack_newsletter_tier_id":0,"_jetpack_memberships_contains_paywalled_content":false,"_jetpack_memberships_contains_paid_content":false,"footnotes":"","jetpack_publicize_message":"","jetpack_publicize_feature_enabled":true,"jetpack_social_post_already_shared":true,"jetpack_social_options":{"image_generator_settings":{"template":"highway","default_image_id":0,"font":"","enabled":false},"version":2},"_wpas_customize_per_network":false},"categories":[8],"tags":[],"class_list":["post-181035","post","type-post","status-publish","format-standard","has-post-thumbnail","hentry","category-sociedad","generate-columns","tablet-grid-50","mobile-grid-100","grid-parent","grid-50"],"jetpack_publicize_connections":[],"jetpack_featured_media_url":"https:\/\/www.hoymercedes.com.ar\/principal\/wp-content\/uploads\/2024\/12\/OrquestaEscuela-2024.jpg","wps_subtitle":"","jetpack_sharing_enabled":true,"_links":{"self":[{"href":"https:\/\/www.hoymercedes.com.ar\/principal\/wp-json\/wp\/v2\/posts\/181035","targetHints":{"allow":["GET"]}}],"collection":[{"href":"https:\/\/www.hoymercedes.com.ar\/principal\/wp-json\/wp\/v2\/posts"}],"about":[{"href":"https:\/\/www.hoymercedes.com.ar\/principal\/wp-json\/wp\/v2\/types\/post"}],"author":[{"embeddable":true,"href":"https:\/\/www.hoymercedes.com.ar\/principal\/wp-json\/wp\/v2\/users\/1"}],"replies":[{"embeddable":true,"href":"https:\/\/www.hoymercedes.com.ar\/principal\/wp-json\/wp\/v2\/comments?post=181035"}],"version-history":[{"count":0,"href":"https:\/\/www.hoymercedes.com.ar\/principal\/wp-json\/wp\/v2\/posts\/181035\/revisions"}],"wp:featuredmedia":[{"embeddable":true,"href":"https:\/\/www.hoymercedes.com.ar\/principal\/wp-json\/wp\/v2\/media\/181037"}],"wp:attachment":[{"href":"https:\/\/www.hoymercedes.com.ar\/principal\/wp-json\/wp\/v2\/media?parent=181035"}],"wp:term":[{"taxonomy":"category","embeddable":true,"href":"https:\/\/www.hoymercedes.com.ar\/principal\/wp-json\/wp\/v2\/categories?post=181035"},{"taxonomy":"post_tag","embeddable":true,"href":"https:\/\/www.hoymercedes.com.ar\/principal\/wp-json\/wp\/v2\/tags?post=181035"}],"curies":[{"name":"wp","href":"https:\/\/api.w.org\/{rel}","templated":true}]}}