{"id":181070,"date":"2024-12-09T08:52:26","date_gmt":"2024-12-09T11:52:26","guid":{"rendered":"https:\/\/www.hoymercedes.com.ar\/principal\/?p=181070"},"modified":"2024-12-09T08:52:28","modified_gmt":"2024-12-09T11:52:28","slug":"transporte-seguro-que-medidas-de-bioseguridad-aplicar-para-el-traslado-de-cerdos","status":"publish","type":"post","link":"https:\/\/www.hoymercedes.com.ar\/principal\/2024\/12\/09\/transporte-seguro-que-medidas-de-bioseguridad-aplicar-para-el-traslado-de-cerdos\/","title":{"rendered":"Transporte seguro: Qu\u00e9 medidas de bioseguridad aplicar para el traslado de cerdos"},"content":{"rendered":"\n<p>Los veh\u00edculos que transportan animales son considerados un factor de alto riesgo para la producci\u00f3n porcina, ya que pueden diseminar enfermedades de un establecimiento a otro. Por ello, el Servicio Nacional de Sanidad y Calidad Agroalimentaria (SENASA) brinda una serie de recomendaciones para reforzar la bioseguridad de granjas porcinas al momento de cargar, descargar y transportar los animales.Lo primero que hay que tener en cuenta para evitar enfermedades o su diseminaci\u00f3n es que el transporte no debe ingresar al establecimiento.<\/p>\n\n\n\n<figure class=\"wp-block-image size-full\"><img loading=\"lazy\" decoding=\"async\" width=\"800\" height=\"475\" data-attachment-id=\"181039\" data-permalink=\"https:\/\/www.hoymercedes.com.ar\/principal\/2024\/12\/08\/la-orquesta-escuela-mercedes-cerro-el-ano-con-un-concierto-abierto-al-publico\/2024-12-05-plano-granja-porcina\/#main\" data-orig-file=\"https:\/\/www.hoymercedes.com.ar\/principal\/wp-content\/uploads\/2024\/12\/2024-12-05-Plano-granja-porcina.jpg\" data-orig-size=\"800,475\" data-comments-opened=\"0\" data-image-meta=\"{&quot;aperture&quot;:&quot;0&quot;,&quot;credit&quot;:&quot;&quot;,&quot;camera&quot;:&quot;&quot;,&quot;caption&quot;:&quot;&quot;,&quot;created_timestamp&quot;:&quot;0&quot;,&quot;copyright&quot;:&quot;&quot;,&quot;focal_length&quot;:&quot;0&quot;,&quot;iso&quot;:&quot;0&quot;,&quot;shutter_speed&quot;:&quot;0&quot;,&quot;title&quot;:&quot;&quot;,&quot;orientation&quot;:&quot;1&quot;}\" data-image-title=\"2024-12-05 Plano granja porcina\" data-image-description=\"\" data-image-caption=\"\" data-large-file=\"https:\/\/www.hoymercedes.com.ar\/principal\/wp-content\/uploads\/2024\/12\/2024-12-05-Plano-granja-porcina.jpg\" src=\"https:\/\/www.hoymercedes.com.ar\/principal\/wp-content\/uploads\/2024\/12\/2024-12-05-Plano-granja-porcina.jpg\" alt=\"\" class=\"wp-image-181039\" srcset=\"https:\/\/www.hoymercedes.com.ar\/principal\/wp-content\/uploads\/2024\/12\/2024-12-05-Plano-granja-porcina.jpg 800w, https:\/\/www.hoymercedes.com.ar\/principal\/wp-content\/uploads\/2024\/12\/2024-12-05-Plano-granja-porcina-630x374.jpg 630w, https:\/\/www.hoymercedes.com.ar\/principal\/wp-content\/uploads\/2024\/12\/2024-12-05-Plano-granja-porcina-150x89.jpg 150w, https:\/\/www.hoymercedes.com.ar\/principal\/wp-content\/uploads\/2024\/12\/2024-12-05-Plano-granja-porcina-445x265.jpg 445w\" sizes=\"auto, (max-width: 800px) 100vw, 800px\" \/><\/figure>\n\n\n\n<p>Para ello, resulta necesario contar con un per\u00edmetro de bioseguridad del predio, que funcione como una barrera sanitaria que divida la \u201czona sucia\u201d de la \u201czona limpia\u201d. Este espacio puede ser f\u00edsico (alambrado) y\/o sanitario, como un acceso donde se realiza el cambio de botas, el lavado de manos y el pediluvio con desinfectante para los trabajadores de la granja.<\/p>\n\n\n\n<p>Los veh\u00edculos que trasladen cerdos no deben ingresar a la zona limpia del predio, por lo que se debe establecer una zona exclusiva para realizar la carga y descarga de estos animales a trav\u00e9s de un embarcadero.De este modo, se minimiza el riesgo de ingreso de enfermedades.<\/p>\n\n\n\n<p>A su vez, el personal responsable de la carga y descarga deber\u00e1 contar con la indumentaria exclusiva (principalmente botas) para realizar la actividad, la cual se utilizar\u00e1 \u00fanicamente dentro de este espacio, a los fines de asegurar que no diseminen y trasladen potenciales enfermedades. Adem\u00e1s, el per\u00edmetro deber\u00e1 tener disponible una mochila desinfectante para aplicar \u2013previo a la carga- en la puerta de acceso de los animales al cami\u00f3n.<\/p>\n\n\n\n<p>Estas medidas son claves para la prevenci\u00f3n de enfermedades como Aujeszky y brucelosis porcina, ya que un ineficiente lavado de estos veh\u00edculos puede ser un factor determinante para la diseminaci\u00f3n de enfermedades en granjas productivas.<\/p>\n\n\n\n<p>Asimismo, antes de realizar la carga de los cerdos, se deber\u00e1 solicitar al conductor del cami\u00f3n el Certificado \u00danico de Lavado y Desinfecci\u00f3n de Transporte, documento obligatorio para movilizar animales en pie, que tiene una vigencia de 72 hs. Tambi\u00e9n, se recomienda previamente realizar una verificaci\u00f3n ocular para constatar que el veh\u00edculo se encuentra en condiciones higi\u00e9nico-sanitarias adecuadas.Cabe destacar que la limpieza y desinfecci\u00f3n del transporte deber\u00e1 realizarse en lavaderos habilitados por el SENASA o playas de lavado de establecimientos de faena, e incluye:<\/p>\n\n\n\n<p>-Limpieza de la materia org\u00e1nica grosera con agua a presi\u00f3n y cepillo\/escoba;<\/p>\n\n\n\n<p>-Una segunda limpieza con agua y detergente;<\/p>\n\n\n\n<p>-Desinfecci\u00f3n del veh\u00edculo, respetando las indicaciones de la etiqueta.<\/p>\n\n\n\n<p>As\u00ed, el SENASA junto a las diferentes entidades afines al sector porcino trabajan articuladamente para fortalecer la bioseguridad en las granjas y en las diferentes etapas de la cadena de producci\u00f3n, a los fines de reducir el riesgo sanitario por ingreso de enfermedades end\u00e9micas y\/o ex\u00f3ticas.<\/p>\n\n\n\n<p>Fuente SENASA<\/p>\n\n\n\n\n","protected":false},"excerpt":{"rendered":"<p>Los veh\u00edculos que transportan animales son considerados un factor de alto riesgo para la producci\u00f3n porcina, ya que pueden diseminar &#8230; <a title=\"Transporte seguro: Qu\u00e9 medidas de bioseguridad aplicar para el traslado de cerdos\" class=\"read-more\" href=\"https:\/\/www.hoymercedes.com.ar\/principal\/2024\/12\/09\/transporte-seguro-que-medidas-de-bioseguridad-aplicar-para-el-traslado-de-cerdos\/\" aria-label=\"Leer m\u00e1s sobre Transporte seguro: Qu\u00e9 medidas de bioseguridad aplicar para el traslado de cerdos\">Leer m\u00e1s<\/a><\/p>\n","protected":false},"author":1,"featured_media":181040,"comment_status":"closed","ping_status":"open","sticky":false,"template":"","format":"standard","meta":{"_monsterinsights_skip_tracking":false,"_monsterinsights_sitenote_active":false,"_monsterinsights_sitenote_note":"","_monsterinsights_sitenote_category":0,"jetpack_post_was_ever_published":false,"_jetpack_newsletter_access":"","_jetpack_dont_email_post_to_subs":false,"_jetpack_newsletter_tier_id":0,"_jetpack_memberships_contains_paywalled_content":false,"_jetpack_memberships_contains_paid_content":false,"footnotes":"","jetpack_publicize_message":"","jetpack_publicize_feature_enabled":true,"jetpack_social_post_already_shared":true,"jetpack_social_options":{"image_generator_settings":{"template":"highway","default_image_id":0,"font":"","enabled":false},"version":2},"_wpas_customize_per_network":false},"categories":[8],"tags":[],"class_list":["post-181070","post","type-post","status-publish","format-standard","has-post-thumbnail","hentry","category-sociedad","generate-columns","tablet-grid-50","mobile-grid-100","grid-parent","grid-50"],"jetpack_publicize_connections":[],"jetpack_featured_media_url":"https:\/\/www.hoymercedes.com.ar\/principal\/wp-content\/uploads\/2024\/12\/2024-12-06-Jaula-Porcina.jpg","wps_subtitle":"","jetpack_sharing_enabled":true,"_links":{"self":[{"href":"https:\/\/www.hoymercedes.com.ar\/principal\/wp-json\/wp\/v2\/posts\/181070","targetHints":{"allow":["GET"]}}],"collection":[{"href":"https:\/\/www.hoymercedes.com.ar\/principal\/wp-json\/wp\/v2\/posts"}],"about":[{"href":"https:\/\/www.hoymercedes.com.ar\/principal\/wp-json\/wp\/v2\/types\/post"}],"author":[{"embeddable":true,"href":"https:\/\/www.hoymercedes.com.ar\/principal\/wp-json\/wp\/v2\/users\/1"}],"replies":[{"embeddable":true,"href":"https:\/\/www.hoymercedes.com.ar\/principal\/wp-json\/wp\/v2\/comments?post=181070"}],"version-history":[{"count":0,"href":"https:\/\/www.hoymercedes.com.ar\/principal\/wp-json\/wp\/v2\/posts\/181070\/revisions"}],"wp:featuredmedia":[{"embeddable":true,"href":"https:\/\/www.hoymercedes.com.ar\/principal\/wp-json\/wp\/v2\/media\/181040"}],"wp:attachment":[{"href":"https:\/\/www.hoymercedes.com.ar\/principal\/wp-json\/wp\/v2\/media?parent=181070"}],"wp:term":[{"taxonomy":"category","embeddable":true,"href":"https:\/\/www.hoymercedes.com.ar\/principal\/wp-json\/wp\/v2\/categories?post=181070"},{"taxonomy":"post_tag","embeddable":true,"href":"https:\/\/www.hoymercedes.com.ar\/principal\/wp-json\/wp\/v2\/tags?post=181070"}],"curies":[{"name":"wp","href":"https:\/\/api.w.org\/{rel}","templated":true}]}}