{"id":181072,"date":"2024-12-09T08:56:18","date_gmt":"2024-12-09T11:56:18","guid":{"rendered":"https:\/\/www.hoymercedes.com.ar\/principal\/?p=181072"},"modified":"2024-12-09T08:56:20","modified_gmt":"2024-12-09T11:56:20","slug":"cuatro-detenidos-por-robo-agravado-en-un-campo","status":"publish","type":"post","link":"https:\/\/www.hoymercedes.com.ar\/principal\/2024\/12\/09\/cuatro-detenidos-por-robo-agravado-en-un-campo\/","title":{"rendered":"Cuatro detenidos por robo agravado en un campo"},"content":{"rendered":"\n<p>En la jornada del pasado jueves 28 de noviembre, en horas de la tarde, cuatro sujetos ingresaron a robar a mano armada a un campo en la localidad de O\u2019Brien, partido de Bragado.<\/p>\n\n\n\n<p>De acuerdo a lo que surge de la investigaci\u00f3n, cuatro sujetos a bordo de un autom\u00f3vil marca Renault Megane concurrieron a un campo en la localidad de O\u2019Brien a, presuntamente, consultar sobre venta de lechones. Al recibir respuesta negativa por parte de un empleado del lugar, uno de los sujetos sac\u00f3 un arma de fuego &#8211; tipo pistola &#8211; y lo amenaz\u00f3. Lo llevaron al interior de un chalet y lo maniataron junto a los presentes en el lugar. Se hicieron de telefon\u00eda y elementos de electr\u00f3nica, dinero, tarjetas y revisaron la vivienda provocando da\u00f1os, buscando objetos de valor.<\/p>\n\n\n\n<p>Todos los movimientos fueron advertidos por una persona que se encontraba en otra vivienda del campo que dio r\u00e1pido aviso a la polic\u00eda. Al arribar el personal policial al lugar, los malhechores comenzaron a darse a la fuga campo traviesa con los elementos sustra\u00eddos.<\/p>\n\n\n\n<p>Los efectivos policiales continuaron la b\u00fasqueda y los encontraron en un campo aleda\u00f1o, logrando su aprehensi\u00f3n. Se lograron recuperar los varios de elementos sustra\u00eddos aunque se descartaron las armas de fuego y hasta el momento no fueron encontradas.<\/p>\n\n\n\n<p>Por el hecho tom\u00f3 intervenci\u00f3n la Unidad Funcional de Instrucci\u00f3n N\u00b0 6 &#8211; a cargo del dr. Luis Carcagno- y la Ayudant\u00eda Fiscal de la localidad. <\/p>\n\n\n\n<p>Los imputados (28 a\u00f1os, domiciliado en Don Torcuato; otro de 26 a\u00f1os con domicilio en Jun\u00edn, un hombre de 59 a\u00f1os, de nacionalidad peruana, con domicilio en Jun\u00edn y el restante de 33 a\u00f1os, con domicilio en Jun\u00edn) comparecieron ante el agente fiscal en el marco de la audiencia de declaraci\u00f3n en los t\u00e9rminos del art. 308 del C\u00f3digo Procesal Penal en la jornada de este s\u00e1bado 30 del corriente. Fue por el delito de \u201cRobo agravado por el uso de arma de fuego cuya aptitud para el disparo no pudo acreditarse, y por su comisi\u00f3n en despoblado y en banda en concurso real\u201d.<\/p>\n\n\n\n<p>Tras ello se solicit\u00f3 ante el Juzgado de Garant\u00edas N\u00b0 3 &#8211; a cargo del dr. Patricio Arrieta &#8211; la conversi\u00f3n de la aprehensi\u00f3n en detenci\u00f3n, la cual fue concedida.<\/p>\n\n\n\n<p>Fuente::\u00c1rea Comunicacional &#8211; Ministerio P\u00fablico Fiscal Departamental Mercedes<\/p>\n\n\n\n<p><\/p>\n\n\n","protected":false},"excerpt":{"rendered":"<p>En la jornada del pasado jueves 28 de noviembre, en horas de la tarde, cuatro sujetos ingresaron a robar a &#8230; <a title=\"Cuatro detenidos por robo agravado en un campo\" class=\"read-more\" href=\"https:\/\/www.hoymercedes.com.ar\/principal\/2024\/12\/09\/cuatro-detenidos-por-robo-agravado-en-un-campo\/\" aria-label=\"Leer m\u00e1s sobre Cuatro detenidos por robo agravado en un campo\">Leer m\u00e1s<\/a><\/p>\n","protected":false},"author":1,"featured_media":0,"comment_status":"closed","ping_status":"open","sticky":false,"template":"","format":"standard","meta":{"_monsterinsights_skip_tracking":false,"_monsterinsights_sitenote_active":false,"_monsterinsights_sitenote_note":"","_monsterinsights_sitenote_category":0,"jetpack_post_was_ever_published":false,"_jetpack_newsletter_access":"","_jetpack_dont_email_post_to_subs":false,"_jetpack_newsletter_tier_id":0,"_jetpack_memberships_contains_paywalled_content":false,"_jetpack_memberships_contains_paid_content":false,"footnotes":"","jetpack_publicize_message":"","jetpack_publicize_feature_enabled":true,"jetpack_social_post_already_shared":true,"jetpack_social_options":{"image_generator_settings":{"template":"highway","default_image_id":0,"font":"","enabled":false},"version":2},"_wpas_customize_per_network":false},"categories":[8],"tags":[],"class_list":["post-181072","post","type-post","status-publish","format-standard","hentry","category-sociedad","generate-columns","tablet-grid-50","mobile-grid-100","grid-parent","grid-50"],"jetpack_publicize_connections":[],"jetpack_featured_media_url":"","wps_subtitle":"","jetpack_sharing_enabled":true,"_links":{"self":[{"href":"https:\/\/www.hoymercedes.com.ar\/principal\/wp-json\/wp\/v2\/posts\/181072","targetHints":{"allow":["GET"]}}],"collection":[{"href":"https:\/\/www.hoymercedes.com.ar\/principal\/wp-json\/wp\/v2\/posts"}],"about":[{"href":"https:\/\/www.hoymercedes.com.ar\/principal\/wp-json\/wp\/v2\/types\/post"}],"author":[{"embeddable":true,"href":"https:\/\/www.hoymercedes.com.ar\/principal\/wp-json\/wp\/v2\/users\/1"}],"replies":[{"embeddable":true,"href":"https:\/\/www.hoymercedes.com.ar\/principal\/wp-json\/wp\/v2\/comments?post=181072"}],"version-history":[{"count":0,"href":"https:\/\/www.hoymercedes.com.ar\/principal\/wp-json\/wp\/v2\/posts\/181072\/revisions"}],"wp:attachment":[{"href":"https:\/\/www.hoymercedes.com.ar\/principal\/wp-json\/wp\/v2\/media?parent=181072"}],"wp:term":[{"taxonomy":"category","embeddable":true,"href":"https:\/\/www.hoymercedes.com.ar\/principal\/wp-json\/wp\/v2\/categories?post=181072"},{"taxonomy":"post_tag","embeddable":true,"href":"https:\/\/www.hoymercedes.com.ar\/principal\/wp-json\/wp\/v2\/tags?post=181072"}],"curies":[{"name":"wp","href":"https:\/\/api.w.org\/{rel}","templated":true}]}}