{"id":181074,"date":"2024-12-09T20:51:26","date_gmt":"2024-12-09T23:51:26","guid":{"rendered":"https:\/\/www.hoymercedes.com.ar\/principal\/?p=181074"},"modified":"2024-12-09T21:04:18","modified_gmt":"2024-12-10T00:04:18","slug":"un-herido-grave-tras-choque-entre-camiones","status":"publish","type":"post","link":"https:\/\/www.hoymercedes.com.ar\/principal\/2024\/12\/09\/un-herido-grave-tras-choque-entre-camiones\/","title":{"rendered":"Un herido grave tras choque entre camiones"},"content":{"rendered":"\n<p>Alrededor de las 15:00 horas de la tarde de este lunes 9 se produjo una colision entre dos camiones de gran porte , con el saldo de un chofer con heridas de car\u00e1cter grave, en jurisdicci\u00f3n del partido de Mercedes.<\/p>\n\n\n\n<p>El siniestro ocurrio en el sector de curva , que se halla a la altura del kil\u00f3metro 109 de la ruta 5, cuando un cami\u00f3n Volkswagen 17280 , color blanco con acoplado cerealero conducido por Claudio Enrique Tozzelli, de 40 a\u00f1os , domiciliado a Alberti, quien circulando en sentido Mercedes-Suipacha al llegar a la mencionada curva por razones que se desconocen con la parte delantera izquierda del rodado impacta con la parte lateral izquierdo de un semirremolque que remolcaba un cami\u00f3n Mercedes Benz Atego , que circulaba en sentido contrario , es decir desde Suipacha hacia Mercedes conducido por Sergio Rub\u00e9n Gonz\u00e1lez, de 43 a\u00f1os , domiciliado en Tres de Febrero.<\/p>\n\n\n\n<p>Seg\u00fan trascendidos el chofer oriundo de Alberti , quien al momento del evento viajar\u00eda con el brazo fuera de la ventanilla, habr\u00eda sufrido da\u00f1os severos. Fue intervenido con \u00e9xito en el Hospital Blas Dubarry de Mercedes, esperando su evoluci\u00f3n favorable. <span style=\"font-size: revert;\">En tanto el otro ch\u00f3fer resulto ileso.<\/span><\/p>\n\n\n\n<p><span style=\"background-color: rgba(64, 64, 64, 0.2); font-size: revert;\">Intervino Polic\u00eda Comunal, Policia Vial, ambulancias del Same, polic\u00eda Cient\u00edfica y personal de Corredores viales.<\/span><\/p>\n\n\n\n<p>Colaboraci\u00f3n: Jorge Lasala de Suipacha <\/p>\n","protected":false},"excerpt":{"rendered":"<p>Alrededor de las 15:00 horas de la tarde de este lunes 9 se produjo una colision entre dos camiones de &#8230; <a title=\"Un herido grave tras choque entre camiones\" class=\"read-more\" href=\"https:\/\/www.hoymercedes.com.ar\/principal\/2024\/12\/09\/un-herido-grave-tras-choque-entre-camiones\/\" aria-label=\"Leer m\u00e1s sobre Un herido grave tras choque entre camiones\">Leer m\u00e1s<\/a><\/p>\n","protected":false},"author":1,"featured_media":181076,"comment_status":"closed","ping_status":"open","sticky":false,"template":"","format":"standard","meta":{"_monsterinsights_skip_tracking":false,"_monsterinsights_sitenote_active":false,"_monsterinsights_sitenote_note":"","_monsterinsights_sitenote_category":0,"jetpack_post_was_ever_published":false,"_jetpack_newsletter_access":"","_jetpack_dont_email_post_to_subs":false,"_jetpack_newsletter_tier_id":0,"_jetpack_memberships_contains_paywalled_content":false,"_jetpack_memberships_contains_paid_content":false,"footnotes":"","jetpack_publicize_message":"","jetpack_publicize_feature_enabled":true,"jetpack_social_post_already_shared":true,"jetpack_social_options":{"image_generator_settings":{"template":"highway","default_image_id":0,"font":"","enabled":false},"version":2},"_wpas_customize_per_network":false},"categories":[8],"tags":[],"class_list":["post-181074","post","type-post","status-publish","format-standard","has-post-thumbnail","hentry","category-sociedad","generate-columns","tablet-grid-50","mobile-grid-100","grid-parent","grid-50"],"jetpack_publicize_connections":[],"jetpack_featured_media_url":"https:\/\/www.hoymercedes.com.ar\/principal\/wp-content\/uploads\/2024\/12\/FB_IMG_1733788130362.jpg","wps_subtitle":"","jetpack_sharing_enabled":true,"_links":{"self":[{"href":"https:\/\/www.hoymercedes.com.ar\/principal\/wp-json\/wp\/v2\/posts\/181074","targetHints":{"allow":["GET"]}}],"collection":[{"href":"https:\/\/www.hoymercedes.com.ar\/principal\/wp-json\/wp\/v2\/posts"}],"about":[{"href":"https:\/\/www.hoymercedes.com.ar\/principal\/wp-json\/wp\/v2\/types\/post"}],"author":[{"embeddable":true,"href":"https:\/\/www.hoymercedes.com.ar\/principal\/wp-json\/wp\/v2\/users\/1"}],"replies":[{"embeddable":true,"href":"https:\/\/www.hoymercedes.com.ar\/principal\/wp-json\/wp\/v2\/comments?post=181074"}],"version-history":[{"count":0,"href":"https:\/\/www.hoymercedes.com.ar\/principal\/wp-json\/wp\/v2\/posts\/181074\/revisions"}],"wp:featuredmedia":[{"embeddable":true,"href":"https:\/\/www.hoymercedes.com.ar\/principal\/wp-json\/wp\/v2\/media\/181076"}],"wp:attachment":[{"href":"https:\/\/www.hoymercedes.com.ar\/principal\/wp-json\/wp\/v2\/media?parent=181074"}],"wp:term":[{"taxonomy":"category","embeddable":true,"href":"https:\/\/www.hoymercedes.com.ar\/principal\/wp-json\/wp\/v2\/categories?post=181074"},{"taxonomy":"post_tag","embeddable":true,"href":"https:\/\/www.hoymercedes.com.ar\/principal\/wp-json\/wp\/v2\/tags?post=181074"}],"curies":[{"name":"wp","href":"https:\/\/api.w.org\/{rel}","templated":true}]}}