{"id":181099,"date":"2024-12-10T19:24:59","date_gmt":"2024-12-10T22:24:59","guid":{"rendered":"https:\/\/www.hoymercedes.com.ar\/principal\/?p=181099"},"modified":"2024-12-10T19:25:01","modified_gmt":"2024-12-10T22:25:01","slug":"pergolini-sera-orador-en-la-expo-tech-de-lujan","status":"publish","type":"post","link":"https:\/\/www.hoymercedes.com.ar\/principal\/2024\/12\/10\/pergolini-sera-orador-en-la-expo-tech-de-lujan\/","title":{"rendered":"Pergolini ser\u00e1 orador en la Expo Tech de Luj\u00e1n"},"content":{"rendered":"\n<figure class=\"wp-block-image size-large\"><img loading=\"lazy\" decoding=\"async\" width=\"1024\" height=\"768\" data-attachment-id=\"181100\" data-permalink=\"https:\/\/www.hoymercedes.com.ar\/principal\/2024\/12\/10\/pergolini-sera-orador-en-la-expo-tech-de-lujan\/mario-pergolini-conferencista-lujan-tech\/#main\" data-orig-file=\"https:\/\/www.hoymercedes.com.ar\/principal\/wp-content\/uploads\/2024\/12\/Mario-Pergolini-Conferencista-Lujan-TECH.jpeg\" data-orig-size=\"1200,900\" data-comments-opened=\"0\" data-image-meta=\"{&quot;aperture&quot;:&quot;0&quot;,&quot;credit&quot;:&quot;&quot;,&quot;camera&quot;:&quot;&quot;,&quot;caption&quot;:&quot;&quot;,&quot;created_timestamp&quot;:&quot;0&quot;,&quot;copyright&quot;:&quot;&quot;,&quot;focal_length&quot;:&quot;0&quot;,&quot;iso&quot;:&quot;0&quot;,&quot;shutter_speed&quot;:&quot;0&quot;,&quot;title&quot;:&quot;&quot;,&quot;orientation&quot;:&quot;0&quot;}\" data-image-title=\"Pergolini ser\u00e1 orador en la Expo Tech de Luj\u00e1n\" data-image-description=\"&lt;p&gt;Pergolini ser\u00e1 orador en la Expo Tech de Luj\u00e1n&lt;\/p&gt;\n\" data-image-caption=\"&lt;p&gt;Pergolini ser\u00e1 orador en la Expo Tech de Luj\u00e1n&lt;\/p&gt;\n\" data-large-file=\"https:\/\/www.hoymercedes.com.ar\/principal\/wp-content\/uploads\/2024\/12\/Mario-Pergolini-Conferencista-Lujan-TECH-1024x768.jpeg\" src=\"https:\/\/www.hoymercedes.com.ar\/principal\/wp-content\/uploads\/2024\/12\/Mario-Pergolini-Conferencista-Lujan-TECH-1024x768.jpeg\" alt=\"\" class=\"wp-image-181100\" srcset=\"https:\/\/www.hoymercedes.com.ar\/principal\/wp-content\/uploads\/2024\/12\/Mario-Pergolini-Conferencista-Lujan-TECH-1024x768.jpeg 1024w, https:\/\/www.hoymercedes.com.ar\/principal\/wp-content\/uploads\/2024\/12\/Mario-Pergolini-Conferencista-Lujan-TECH-630x473.jpeg 630w, https:\/\/www.hoymercedes.com.ar\/principal\/wp-content\/uploads\/2024\/12\/Mario-Pergolini-Conferencista-Lujan-TECH-150x113.jpeg 150w, https:\/\/www.hoymercedes.com.ar\/principal\/wp-content\/uploads\/2024\/12\/Mario-Pergolini-Conferencista-Lujan-TECH.jpeg 1200w\" sizes=\"auto, (max-width: 1024px) 100vw, 1024px\" \/><\/figure>\n\n\n\n<p>El Municipio de Luj\u00e1n invita a la comunidad a participar de la Expo Luj\u00e1n Tech 2024, un gran evento de innovaci\u00f3n y tecnolog\u00eda en nuestra ciudad. Ser\u00e1 este viernes 13 y s\u00e1bado 14 de diciembre en el Descanso del Peregrino (ingreso por San Mart\u00edn y Padre Salvaire) de 17 a 23hs.<\/p>\n\n\n\n<p>En ese sentido, el Municipio dio a conocer los primeros conferencistas confirmados en la grilla de la exposici\u00f3n tecnol\u00f3gica.<\/p>\n\n\n\n<p>El pionero en nuevos formatos y estrella de la radiofon\u00eda y televisi\u00f3n argentina, Mario Pergolini ser\u00e1 de la partida el viernes en Expo Luj\u00e1n Tech. Voz principal de la radio Rock and Pop durante a\u00f1os y creador de un cl\u00e1sico televisivo como Caiga quien caiga, Pergolini cre\u00f3 la productora de contenidos Cuatro Cabezas, donde innov\u00f3 con nuevos formatos y est\u00e9ticas a las que no estaba acostumbrada la TV Argentina. En 2012 cre\u00f3 la multiplataforma de medios Vorterix y en los \u00faltimos a\u00f1os incursion\u00f3 en la tecnolog\u00eda e innovaci\u00f3n desde GoLab.<br>Connie Ansaldi, referente en innovaci\u00f3n y tecnolog\u00eda, tiene una comunidad de 3 millones de personas a la cual inspira y motiva a vivir mejor. Comenz\u00f3 Contame un Secreto en 2020 durante la pandemia y hoy ese espacio se transform\u00f3 gracias a la tecnolog\u00eda en CUX, con el potencial de ayudar a millones.<\/p>\n\n\n\n<p>Fredi Vivas, emprendedor y tecn\u00f3logo especializado en inteligencia artificial. Autor de los libros \u201cInvisible\u201c y \u201c\u00bfC\u00f3mo piensan las m\u00e1quinas?\u201c Realiz\u00f3 estudios de posgrado sobre inteligencia artificial, machine learning y big data junto a los m\u00e1s renombrados cient\u00edficos y emprendedores del mundo en la Singularity University, ubicada en una sede de la NASA en Silicon Valley, donde represent\u00f3 a la Argentina en el Global Solutions Program. En 2017 co-fund\u00f3 RockingData, una startup pionera y referente en latinoam\u00e9rica, reconocida como una de las 10 startups con mayor proyecci\u00f3n por LinkedIn en 2022.<br>Juana Groisman, es psic\u00f3loga y periodista. Con una comunidad muy importante como creadora de contenido en redes sociales, hoy es una de las principales caras y voces del canal de streaming Blender, uno de los m\u00e1s exitosos en esta nueva revoluci\u00f3n de formatos audiovisuales en Argentina.<\/p>\n\n\n\n<p>Santiago Do Rego, es un reconocido periodista especializado en tecnolog\u00eda e innovaci\u00f3n. Creador y coconductor del ciclo televisivo TN Tecno, de la se\u00f1al Todo Noticias. Actualmente es conductor de uno de los principales noticieros de la se\u00f1al.<\/p>\n\n\n\n<p>Durante dos d\u00edas completos de actividades, la Expo Luj\u00e1n Tech 2024 contar\u00e1 con conferencias y speakers de renombre compartiendo su visi\u00f3n sobre el futuro de la tecnolog\u00eda; workshops pr\u00e1cticos para aprender y experimentar de manera interactiva sobre las \u00faltimas tendencias; un paseo ferial con stands de innovaci\u00f3n donde las empresas y startups m\u00e1s disruptivas exhibir\u00e1n sus \u00faltimos proyectos; activaciones tecnol\u00f3gicas de gran impacto, adem\u00e1s de un patio gastron\u00f3mico, m\u00fasica en vivo y actividades para toda la familia.<\/p>\n\n\n\n<p>Expo Luj\u00e1n Tech es una iniciativa del Municipio de Luj\u00e1n a trav\u00e9s de la Secretar\u00eda de Desarrollo Productivo, con el apoyo del Gobierno de la Provincia de Buenos Aires y el Consejo Federal de Inversiones.<\/p>\n","protected":false},"excerpt":{"rendered":"<p>El Municipio de Luj\u00e1n invita a la comunidad a participar de la Expo Luj\u00e1n Tech 2024, un gran evento de &#8230; <a title=\"Pergolini ser\u00e1 orador en la Expo Tech de Luj\u00e1n\" class=\"read-more\" href=\"https:\/\/www.hoymercedes.com.ar\/principal\/2024\/12\/10\/pergolini-sera-orador-en-la-expo-tech-de-lujan\/\" aria-label=\"Leer m\u00e1s sobre Pergolini ser\u00e1 orador en la Expo Tech de Luj\u00e1n\">Leer m\u00e1s<\/a><\/p>\n","protected":false},"author":1,"featured_media":181100,"comment_status":"closed","ping_status":"open","sticky":false,"template":"","format":"standard","meta":{"_monsterinsights_skip_tracking":false,"_monsterinsights_sitenote_active":false,"_monsterinsights_sitenote_note":"","_monsterinsights_sitenote_category":0,"jetpack_post_was_ever_published":false,"_jetpack_newsletter_access":"","_jetpack_dont_email_post_to_subs":false,"_jetpack_newsletter_tier_id":0,"_jetpack_memberships_contains_paywalled_content":false,"_jetpack_memberships_contains_paid_content":false,"footnotes":"","jetpack_publicize_message":"","jetpack_publicize_feature_enabled":true,"jetpack_social_post_already_shared":true,"jetpack_social_options":{"image_generator_settings":{"template":"highway","default_image_id":0,"font":"","enabled":false},"version":2},"_wpas_customize_per_network":false},"categories":[5501],"tags":[20026,18056,86,20025],"class_list":["post-181099","post","type-post","status-publish","format-standard","has-post-thumbnail","hentry","category-region","tag-expo-tech-lujan","tag-leo-boto","tag-lujan","tag-mario-pergolini-en-lujan","generate-columns","tablet-grid-50","mobile-grid-100","grid-parent","grid-50"],"jetpack_publicize_connections":[],"jetpack_featured_media_url":"https:\/\/www.hoymercedes.com.ar\/principal\/wp-content\/uploads\/2024\/12\/Mario-Pergolini-Conferencista-Lujan-TECH.jpeg","wps_subtitle":"Institucionales ","jetpack_sharing_enabled":true,"_links":{"self":[{"href":"https:\/\/www.hoymercedes.com.ar\/principal\/wp-json\/wp\/v2\/posts\/181099","targetHints":{"allow":["GET"]}}],"collection":[{"href":"https:\/\/www.hoymercedes.com.ar\/principal\/wp-json\/wp\/v2\/posts"}],"about":[{"href":"https:\/\/www.hoymercedes.com.ar\/principal\/wp-json\/wp\/v2\/types\/post"}],"author":[{"embeddable":true,"href":"https:\/\/www.hoymercedes.com.ar\/principal\/wp-json\/wp\/v2\/users\/1"}],"replies":[{"embeddable":true,"href":"https:\/\/www.hoymercedes.com.ar\/principal\/wp-json\/wp\/v2\/comments?post=181099"}],"version-history":[{"count":0,"href":"https:\/\/www.hoymercedes.com.ar\/principal\/wp-json\/wp\/v2\/posts\/181099\/revisions"}],"wp:featuredmedia":[{"embeddable":true,"href":"https:\/\/www.hoymercedes.com.ar\/principal\/wp-json\/wp\/v2\/media\/181100"}],"wp:attachment":[{"href":"https:\/\/www.hoymercedes.com.ar\/principal\/wp-json\/wp\/v2\/media?parent=181099"}],"wp:term":[{"taxonomy":"category","embeddable":true,"href":"https:\/\/www.hoymercedes.com.ar\/principal\/wp-json\/wp\/v2\/categories?post=181099"},{"taxonomy":"post_tag","embeddable":true,"href":"https:\/\/www.hoymercedes.com.ar\/principal\/wp-json\/wp\/v2\/tags?post=181099"}],"curies":[{"name":"wp","href":"https:\/\/api.w.org\/{rel}","templated":true}]}}