{"id":181109,"date":"2024-12-11T00:38:08","date_gmt":"2024-12-11T03:38:08","guid":{"rendered":"https:\/\/www.hoymercedes.com.ar\/principal\/?p=181109"},"modified":"2024-12-11T23:26:34","modified_gmt":"2024-12-12T02:26:34","slug":"mas-reclamo-de-jubilados-mercedinos-por-falta-de-remedios","status":"publish","type":"post","link":"https:\/\/www.hoymercedes.com.ar\/principal\/2024\/12\/11\/mas-reclamo-de-jubilados-mercedinos-por-falta-de-remedios\/","title":{"rendered":"M\u00e1s reclamo de jubilados mercedinos por falta de remedios"},"content":{"rendered":"\n<figure class=\"wp-block-image size-large\"><img loading=\"lazy\" decoding=\"async\" width=\"1024\" height=\"768\" data-attachment-id=\"181110\" data-permalink=\"https:\/\/www.hoymercedes.com.ar\/principal\/2024\/12\/11\/mas-reclamo-de-jubilados-mercedinos-por-falta-de-remedios\/reclamo-jubilados-falta-de-medicamentos-1\/#main\" data-orig-file=\"https:\/\/www.hoymercedes.com.ar\/principal\/wp-content\/uploads\/2024\/12\/Reclamo-Jubilados-Falta-de-Medicamentos-1.jpg\" data-orig-size=\"1280,960\" data-comments-opened=\"0\" data-image-meta=\"{&quot;aperture&quot;:&quot;0&quot;,&quot;credit&quot;:&quot;&quot;,&quot;camera&quot;:&quot;&quot;,&quot;caption&quot;:&quot;&quot;,&quot;created_timestamp&quot;:&quot;0&quot;,&quot;copyright&quot;:&quot;&quot;,&quot;focal_length&quot;:&quot;0&quot;,&quot;iso&quot;:&quot;0&quot;,&quot;shutter_speed&quot;:&quot;0&quot;,&quot;title&quot;:&quot;&quot;,&quot;orientation&quot;:&quot;0&quot;}\" data-image-title=\"Reclamo-Jubilados-Falta de Medicamentos &amp;#8211; 1\" data-image-description=\"&lt;p&gt;Reclamo de jubilados en Fiesta del Durazno &amp;#8211; Falta de Medicamientos PAMI&lt;\/p&gt;\n\" data-image-caption=\"&lt;p&gt;Reclamo de jubilados en Fiesta del Durazno &amp;#8211; Falta de Medicamientos PAMI&lt;\/p&gt;\n\" data-large-file=\"https:\/\/www.hoymercedes.com.ar\/principal\/wp-content\/uploads\/2024\/12\/Reclamo-Jubilados-Falta-de-Medicamentos-1-1024x768.jpg\" src=\"https:\/\/www.hoymercedes.com.ar\/principal\/wp-content\/uploads\/2024\/12\/Reclamo-Jubilados-Falta-de-Medicamentos-1-1024x768.jpg\" alt=\"\" class=\"wp-image-181110\" srcset=\"https:\/\/www.hoymercedes.com.ar\/principal\/wp-content\/uploads\/2024\/12\/Reclamo-Jubilados-Falta-de-Medicamentos-1-1024x768.jpg 1024w, https:\/\/www.hoymercedes.com.ar\/principal\/wp-content\/uploads\/2024\/12\/Reclamo-Jubilados-Falta-de-Medicamentos-1-630x473.jpg 630w, https:\/\/www.hoymercedes.com.ar\/principal\/wp-content\/uploads\/2024\/12\/Reclamo-Jubilados-Falta-de-Medicamentos-1-150x113.jpg 150w, https:\/\/www.hoymercedes.com.ar\/principal\/wp-content\/uploads\/2024\/12\/Reclamo-Jubilados-Falta-de-Medicamentos-1.jpg 1280w\" sizes=\"auto, (max-width: 1024px) 100vw, 1024px\" \/><\/figure>\n\n\n\n<p>Un grupo numeroso de jubilados y pensionados efectuaron una medida de visibilizaci\u00f3n de la grave situaci\u00f3n que est\u00e1n viviendo. Lo hicieron con pancartas y exposiciones a viva voz. Fue en el marco de la Fiesta Nacional del Durazno.<\/p>\n\n\n\n<p>Durante el fin de semana se vivi\u00f3 la Fiesta Nacional del Durazno y un grupo numeroso de vecinos decidi\u00f3 contarle a quienes estaban en el patio gastron\u00f3mico y de juegos, especialmente, lo mal que la est\u00e1n pasando con la quita de medicamentos al 100% que efectu\u00f3 el PAMI por decisi\u00f3n de Milei y Juntos.<\/p>\n\n\n\n<p>Los vecinos y vecinas expresaron y contaron a los asistentes cu\u00e1nto cobran, cu\u00e1nto gastan en remedios imprescindibles para vivir, y c\u00f3mo ahora cada mes tienen que realizar una enorme cantidad de tr\u00e1mites para demostrar que s\u00ed o s\u00ed los necesitan.<\/p>\n\n\n\n<p>Para ellos es un paso atr\u00e1s muy grave que pone su vida en peligro dado que tiene que elegir, tras toda una vida de trabajo, entre comer o cuidarse la salud.<\/p>\n\n\n\n<figure class=\"wp-block-image size-large\"><img loading=\"lazy\" decoding=\"async\" width=\"1024\" height=\"768\" data-attachment-id=\"181111\" data-permalink=\"https:\/\/www.hoymercedes.com.ar\/principal\/2024\/12\/11\/mas-reclamo-de-jubilados-mercedinos-por-falta-de-remedios\/reclamo-jubilados-falta-de-medicamentos-2\/#main\" data-orig-file=\"https:\/\/www.hoymercedes.com.ar\/principal\/wp-content\/uploads\/2024\/12\/Reclamo-Jubilados-Falta-de-Medicamentos-2.jpg\" data-orig-size=\"1280,960\" data-comments-opened=\"0\" data-image-meta=\"{&quot;aperture&quot;:&quot;0&quot;,&quot;credit&quot;:&quot;&quot;,&quot;camera&quot;:&quot;&quot;,&quot;caption&quot;:&quot;&quot;,&quot;created_timestamp&quot;:&quot;0&quot;,&quot;copyright&quot;:&quot;&quot;,&quot;focal_length&quot;:&quot;0&quot;,&quot;iso&quot;:&quot;0&quot;,&quot;shutter_speed&quot;:&quot;0&quot;,&quot;title&quot;:&quot;&quot;,&quot;orientation&quot;:&quot;0&quot;}\" data-image-title=\"Reclamo-Jubilados-Falta de Medicamentos &amp;#8211; 2\" data-image-description=\"&lt;p&gt;Reclamo de jubilados en Fiesta del Durazno &amp;#8211; Falta de Medicamientos PAMI&lt;\/p&gt;\n\" data-image-caption=\"&lt;p&gt;Reclamo de jubilados en Fiesta del Durazno &amp;#8211; Falta de Medicamientos PAMI&lt;\/p&gt;\n\" data-large-file=\"https:\/\/www.hoymercedes.com.ar\/principal\/wp-content\/uploads\/2024\/12\/Reclamo-Jubilados-Falta-de-Medicamentos-2-1024x768.jpg\" src=\"https:\/\/www.hoymercedes.com.ar\/principal\/wp-content\/uploads\/2024\/12\/Reclamo-Jubilados-Falta-de-Medicamentos-2-1024x768.jpg\" alt=\"M\u00e1s reclamo de jubilados mercedinos por falta de remedios\" class=\"wp-image-181111\" srcset=\"https:\/\/www.hoymercedes.com.ar\/principal\/wp-content\/uploads\/2024\/12\/Reclamo-Jubilados-Falta-de-Medicamentos-2-1024x768.jpg 1024w, https:\/\/www.hoymercedes.com.ar\/principal\/wp-content\/uploads\/2024\/12\/Reclamo-Jubilados-Falta-de-Medicamentos-2-630x473.jpg 630w, https:\/\/www.hoymercedes.com.ar\/principal\/wp-content\/uploads\/2024\/12\/Reclamo-Jubilados-Falta-de-Medicamentos-2-150x113.jpg 150w, https:\/\/www.hoymercedes.com.ar\/principal\/wp-content\/uploads\/2024\/12\/Reclamo-Jubilados-Falta-de-Medicamentos-2.jpg 1280w\" sizes=\"auto, (max-width: 1024px) 100vw, 1024px\" \/><\/figure>\n","protected":false},"excerpt":{"rendered":"<p>Un grupo numeroso de jubilados y pensionados efectuaron una medida de visibilizaci\u00f3n de la grave situaci\u00f3n que est\u00e1n viviendo. Lo &#8230; <a title=\"M\u00e1s reclamo de jubilados mercedinos por falta de remedios\" class=\"read-more\" href=\"https:\/\/www.hoymercedes.com.ar\/principal\/2024\/12\/11\/mas-reclamo-de-jubilados-mercedinos-por-falta-de-remedios\/\" aria-label=\"Leer m\u00e1s sobre M\u00e1s reclamo de jubilados mercedinos por falta de remedios\">Leer m\u00e1s<\/a><\/p>\n","protected":false},"author":1,"featured_media":181111,"comment_status":"closed","ping_status":"open","sticky":false,"template":"","format":"standard","meta":{"_monsterinsights_skip_tracking":false,"_monsterinsights_sitenote_active":false,"_monsterinsights_sitenote_note":"","_monsterinsights_sitenote_category":0,"jetpack_post_was_ever_published":false,"_jetpack_newsletter_access":"","_jetpack_dont_email_post_to_subs":false,"_jetpack_newsletter_tier_id":0,"_jetpack_memberships_contains_paywalled_content":false,"_jetpack_memberships_contains_paid_content":false,"footnotes":"","jetpack_publicize_message":"","jetpack_publicize_feature_enabled":true,"jetpack_social_post_already_shared":true,"jetpack_social_options":{"image_generator_settings":{"template":"highway","default_image_id":0,"font":"","enabled":false},"version":2},"_wpas_customize_per_network":false},"categories":[8],"tags":[208,20027,19517,500,20028,20029],"class_list":["post-181109","post","type-post","status-publish","format-standard","has-post-thumbnail","hentry","category-sociedad","tag-fiesta-del-durazno","tag-jubilados-falta-de-medicamentos","tag-la-libertad-avanza-mercedes","tag-pami-mercedes","tag-reclamo-pami-mercedes","tag-silvia-di-leo-concejal","generate-columns","tablet-grid-50","mobile-grid-100","grid-parent","grid-50"],"jetpack_publicize_connections":[],"jetpack_featured_media_url":"https:\/\/www.hoymercedes.com.ar\/principal\/wp-content\/uploads\/2024\/12\/Reclamo-Jubilados-Falta-de-Medicamentos-2.jpg","wps_subtitle":"Doloroso","jetpack_sharing_enabled":true,"_links":{"self":[{"href":"https:\/\/www.hoymercedes.com.ar\/principal\/wp-json\/wp\/v2\/posts\/181109","targetHints":{"allow":["GET"]}}],"collection":[{"href":"https:\/\/www.hoymercedes.com.ar\/principal\/wp-json\/wp\/v2\/posts"}],"about":[{"href":"https:\/\/www.hoymercedes.com.ar\/principal\/wp-json\/wp\/v2\/types\/post"}],"author":[{"embeddable":true,"href":"https:\/\/www.hoymercedes.com.ar\/principal\/wp-json\/wp\/v2\/users\/1"}],"replies":[{"embeddable":true,"href":"https:\/\/www.hoymercedes.com.ar\/principal\/wp-json\/wp\/v2\/comments?post=181109"}],"version-history":[{"count":0,"href":"https:\/\/www.hoymercedes.com.ar\/principal\/wp-json\/wp\/v2\/posts\/181109\/revisions"}],"wp:featuredmedia":[{"embeddable":true,"href":"https:\/\/www.hoymercedes.com.ar\/principal\/wp-json\/wp\/v2\/media\/181111"}],"wp:attachment":[{"href":"https:\/\/www.hoymercedes.com.ar\/principal\/wp-json\/wp\/v2\/media?parent=181109"}],"wp:term":[{"taxonomy":"category","embeddable":true,"href":"https:\/\/www.hoymercedes.com.ar\/principal\/wp-json\/wp\/v2\/categories?post=181109"},{"taxonomy":"post_tag","embeddable":true,"href":"https:\/\/www.hoymercedes.com.ar\/principal\/wp-json\/wp\/v2\/tags?post=181109"}],"curies":[{"name":"wp","href":"https:\/\/api.w.org\/{rel}","templated":true}]}}