{"id":181115,"date":"2024-12-11T10:47:32","date_gmt":"2024-12-11T13:47:32","guid":{"rendered":"https:\/\/www.hoymercedes.com.ar\/principal\/?p=181115"},"modified":"2024-12-11T10:47:33","modified_gmt":"2024-12-11T13:47:33","slug":"suipacha-celebrara-su-primera-fiesta-del-pan-dulce","status":"publish","type":"post","link":"https:\/\/www.hoymercedes.com.ar\/principal\/2024\/12\/11\/suipacha-celebrara-su-primera-fiesta-del-pan-dulce\/","title":{"rendered":"Suipacha celebrar\u00e1 su primera Fiesta del Pan Dulce"},"content":{"rendered":"\n<figure class=\"wp-block-image size-large\"><img loading=\"lazy\" decoding=\"async\" width=\"1024\" height=\"682\" data-attachment-id=\"181116\" data-permalink=\"https:\/\/www.hoymercedes.com.ar\/principal\/2024\/12\/11\/suipacha-celebrara-su-primera-fiesta-del-pan-dulce\/fiesta-del-pan-dulce\/#main\" data-orig-file=\"https:\/\/www.hoymercedes.com.ar\/principal\/wp-content\/uploads\/2024\/12\/Fiesta-del-Pan-Dulce.jpg\" data-orig-size=\"1600,1066\" data-comments-opened=\"0\" data-image-meta=\"{&quot;aperture&quot;:&quot;0&quot;,&quot;credit&quot;:&quot;&quot;,&quot;camera&quot;:&quot;&quot;,&quot;caption&quot;:&quot;&quot;,&quot;created_timestamp&quot;:&quot;0&quot;,&quot;copyright&quot;:&quot;&quot;,&quot;focal_length&quot;:&quot;0&quot;,&quot;iso&quot;:&quot;0&quot;,&quot;shutter_speed&quot;:&quot;0&quot;,&quot;title&quot;:&quot;&quot;,&quot;orientation&quot;:&quot;0&quot;}\" data-image-title=\"Fiesta del Pan Dulce\" data-image-description=\"&lt;p&gt;Suipacha celebrar\u00e1 su primera Fiesta del Pan Dulce&lt;\/p&gt;\n\" data-image-caption=\"&lt;p&gt;Suipacha celebrar\u00e1 su primera Fiesta del Pan Dulce&lt;\/p&gt;\n\" data-large-file=\"https:\/\/www.hoymercedes.com.ar\/principal\/wp-content\/uploads\/2024\/12\/Fiesta-del-Pan-Dulce-1024x682.jpg\" src=\"https:\/\/www.hoymercedes.com.ar\/principal\/wp-content\/uploads\/2024\/12\/Fiesta-del-Pan-Dulce-1024x682.jpg\" alt=\"\" class=\"wp-image-181116\" srcset=\"https:\/\/www.hoymercedes.com.ar\/principal\/wp-content\/uploads\/2024\/12\/Fiesta-del-Pan-Dulce-1024x682.jpg 1024w, https:\/\/www.hoymercedes.com.ar\/principal\/wp-content\/uploads\/2024\/12\/Fiesta-del-Pan-Dulce-630x420.jpg 630w, https:\/\/www.hoymercedes.com.ar\/principal\/wp-content\/uploads\/2024\/12\/Fiesta-del-Pan-Dulce-150x100.jpg 150w, https:\/\/www.hoymercedes.com.ar\/principal\/wp-content\/uploads\/2024\/12\/Fiesta-del-Pan-Dulce-1536x1023.jpg 1536w, https:\/\/www.hoymercedes.com.ar\/principal\/wp-content\/uploads\/2024\/12\/Fiesta-del-Pan-Dulce-700x465.jpg 700w, https:\/\/www.hoymercedes.com.ar\/principal\/wp-content\/uploads\/2024\/12\/Fiesta-del-Pan-Dulce.jpg 1600w\" sizes=\"auto, (max-width: 1024px) 100vw, 1024px\" \/><\/figure>\n\n\n\n<p><br>Este domingo 15 de diciembre la Plaza Balcarce de Suipacha ser\u00e1 el escenario de un evento sin precedentes: la Primera Fiesta del Pan Dulce. Una celebraci\u00f3n que promete reunir a vecinos de toda la provincia de Buenos Aires en una jornada llena de sabores navide\u00f1os.<\/p>\n\n\n\n<p><br>El punto central del evento ser\u00e1 el concurso de pan dulce, que contar\u00e1 con m\u00e1s de 30 participantes de toda la regi\u00f3n compitiendo en las categor\u00edas profesional y amateur. Los maestros pasteleros pondr\u00e1n a prueba sus mejores recetas en busca del reconocimiento a la excelencia en la elaboraci\u00f3n de este tradicional postre navide\u00f1o.<br><\/p>\n\n\n\n<p>Para quienes deseen aprender los secretos de esta delicia festiva, se ofrecer\u00e1n talleres especializados en la elaboraci\u00f3n de variedades saludables como el pan dulce integral y una innovadora versi\u00f3n elaborada con soja, adapt\u00e1ndose a las nuevas tendencias gastron\u00f3micas.<\/p>\n\n\n\n<p><br>La fiesta no se limita solo a la pasteler\u00eda: los visitantes podr\u00e1n recorrer una variada feria de artesanos y disfrutar de un completo patio gastron\u00f3mico. Los m\u00e1s peque\u00f1os tendr\u00e1n su espacio especial con actividades infantiles y la presencia estelar de Pap\u00e1 Noel, quien estar\u00e1 esperando para recibir las cartas con los deseos navide\u00f1os y tomarse fotograf\u00edas con los ni\u00f1os.<\/p>\n","protected":false},"excerpt":{"rendered":"<p>Este domingo 15 de diciembre la Plaza Balcarce de Suipacha ser\u00e1 el escenario de un evento sin precedentes: la Primera &#8230; <a title=\"Suipacha celebrar\u00e1 su primera Fiesta del Pan Dulce\" class=\"read-more\" href=\"https:\/\/www.hoymercedes.com.ar\/principal\/2024\/12\/11\/suipacha-celebrara-su-primera-fiesta-del-pan-dulce\/\" aria-label=\"Leer m\u00e1s sobre Suipacha celebrar\u00e1 su primera Fiesta del Pan Dulce\">Leer m\u00e1s<\/a><\/p>\n","protected":false},"author":1,"featured_media":181116,"comment_status":"closed","ping_status":"open","sticky":false,"template":"","format":"standard","meta":{"_monsterinsights_skip_tracking":false,"_monsterinsights_sitenote_active":false,"_monsterinsights_sitenote_note":"","_monsterinsights_sitenote_category":0,"jetpack_post_was_ever_published":false,"_jetpack_newsletter_access":"","_jetpack_dont_email_post_to_subs":false,"_jetpack_newsletter_tier_id":0,"_jetpack_memberships_contains_paywalled_content":false,"_jetpack_memberships_contains_paid_content":false,"footnotes":"","jetpack_publicize_message":"","jetpack_publicize_feature_enabled":true,"jetpack_social_post_already_shared":true,"jetpack_social_options":{"image_generator_settings":{"template":"highway","default_image_id":0,"font":"","enabled":false},"version":2},"_wpas_customize_per_network":false},"categories":[5501],"tags":[20030,20031,17895,559],"class_list":["post-181115","post","type-post","status-publish","format-standard","has-post-thumbnail","hentry","category-region","tag-fiesta-del-pan-dulce","tag-fiestas-populares-suipacha","tag-mancini","tag-suipacha","generate-columns","tablet-grid-50","mobile-grid-100","grid-parent","grid-50"],"jetpack_publicize_connections":[],"jetpack_featured_media_url":"https:\/\/www.hoymercedes.com.ar\/principal\/wp-content\/uploads\/2024\/12\/Fiesta-del-Pan-Dulce.jpg","wps_subtitle":"Fiestas Populares","jetpack_sharing_enabled":true,"_links":{"self":[{"href":"https:\/\/www.hoymercedes.com.ar\/principal\/wp-json\/wp\/v2\/posts\/181115","targetHints":{"allow":["GET"]}}],"collection":[{"href":"https:\/\/www.hoymercedes.com.ar\/principal\/wp-json\/wp\/v2\/posts"}],"about":[{"href":"https:\/\/www.hoymercedes.com.ar\/principal\/wp-json\/wp\/v2\/types\/post"}],"author":[{"embeddable":true,"href":"https:\/\/www.hoymercedes.com.ar\/principal\/wp-json\/wp\/v2\/users\/1"}],"replies":[{"embeddable":true,"href":"https:\/\/www.hoymercedes.com.ar\/principal\/wp-json\/wp\/v2\/comments?post=181115"}],"version-history":[{"count":0,"href":"https:\/\/www.hoymercedes.com.ar\/principal\/wp-json\/wp\/v2\/posts\/181115\/revisions"}],"wp:featuredmedia":[{"embeddable":true,"href":"https:\/\/www.hoymercedes.com.ar\/principal\/wp-json\/wp\/v2\/media\/181116"}],"wp:attachment":[{"href":"https:\/\/www.hoymercedes.com.ar\/principal\/wp-json\/wp\/v2\/media?parent=181115"}],"wp:term":[{"taxonomy":"category","embeddable":true,"href":"https:\/\/www.hoymercedes.com.ar\/principal\/wp-json\/wp\/v2\/categories?post=181115"},{"taxonomy":"post_tag","embeddable":true,"href":"https:\/\/www.hoymercedes.com.ar\/principal\/wp-json\/wp\/v2\/tags?post=181115"}],"curies":[{"name":"wp","href":"https:\/\/api.w.org\/{rel}","templated":true}]}}