{"id":18112,"date":"2012-11-22T18:39:45","date_gmt":"2012-11-22T18:39:45","guid":{"rendered":"http:\/\/www.hoymercedes.com.ar\/principal\/?p=18112"},"modified":"2012-11-22T18:40:20","modified_gmt":"2012-11-22T18:40:20","slug":"arlia-estuvo-en-la-agrupacion-17-de-octubre","status":"publish","type":"post","link":"https:\/\/www.hoymercedes.com.ar\/principal\/2012\/11\/22\/arlia-estuvo-en-la-agrupacion-17-de-octubre\/","title":{"rendered":"Arl\u00eda estuvo en la Agrupaci\u00f3n 17 de Octubre"},"content":{"rendered":"<p><a href=\"https:\/\/www.hoymercedes.com.ar\/principal\/wp-content\/uploads\/2012\/11\/Arlia17Octubre.jpg\"><img loading=\"lazy\" decoding=\"async\" data-attachment-id=\"18114\" data-permalink=\"https:\/\/www.hoymercedes.com.ar\/principal\/2012\/11\/22\/arlia-estuvo-en-la-agrupacion-17-de-octubre\/arlia17octubre\/#main\" data-orig-file=\"https:\/\/www.hoymercedes.com.ar\/principal\/wp-content\/uploads\/2012\/11\/Arlia17Octubre.jpg\" data-orig-size=\"618,277\" data-comments-opened=\"1\" data-image-meta=\"{&quot;aperture&quot;:&quot;3.3&quot;,&quot;credit&quot;:&quot;&quot;,&quot;camera&quot;:&quot;NIKON D50&quot;,&quot;caption&quot;:&quot;&quot;,&quot;created_timestamp&quot;:&quot;1353590829&quot;,&quot;copyright&quot;:&quot;&quot;,&quot;focal_length&quot;:&quot;28&quot;,&quot;iso&quot;:&quot;0&quot;,&quot;shutter_speed&quot;:&quot;0.016666666666667&quot;,&quot;title&quot;:&quot;&quot;}\" data-image-title=\"Arlia17Octubre\" data-image-description=\"\" data-image-caption=\"\" data-large-file=\"https:\/\/www.hoymercedes.com.ar\/principal\/wp-content\/uploads\/2012\/11\/Arlia17Octubre.jpg\" class=\"aligncenter size-full wp-image-18114\" title=\"Arlia17Octubre\" src=\"https:\/\/www.hoymercedes.com.ar\/principal\/wp-content\/uploads\/2012\/11\/Arlia17Octubre.jpg\" alt=\"\" width=\"618\" height=\"277\" \/><\/a><\/p>\n<p>El\u00a0Ministro\u00a0de Infraestructura de la Provincia de Buenos Aires integrante del movimiento \u00abPeronistas sin fronteras\u00bb estuvo este mediod\u00eda en la Agrupaci\u00f3n 17 de Octubre donde dialog\u00f3 con los militantes, pos\u00f3 para las fotos y fue parte de un peque\u00f1o almuerzo.<\/p>\n<p>Arl\u00eda pronunci\u00f3 un discurso en el cual abog\u00f3 por la militancia, el acompa\u00f1amiento al primer mandatario local, el valor del trabajo pol\u00edtico y comparti\u00f3 un momento con gran parte de la juventud y militancia selvista que desde temprano trabaja en torno a la visita que a la sede partidaria efectuar\u00eda el representante de la gesti\u00f3n de Scioli.<\/p>\n<p>Firm\u00f3 algunas remeras como recuerdos para los militantes que ya empezaban a lucir las que dec\u00edan \u00abperonistas sin fronteras\u00bb en blanco y celeste.<\/p>\n<p>De esta manera el apoyo provincial sigue\u00a0mostr\u00e1ndose\u00a0claramente hacia el intendente Selva.<\/p>\n<p><a href=\"https:\/\/www.hoymercedes.com.ar\/principal\/wp-content\/uploads\/2012\/11\/Arlia17Octubre-II.jpg\"><img loading=\"lazy\" decoding=\"async\" data-attachment-id=\"18115\" data-permalink=\"https:\/\/www.hoymercedes.com.ar\/principal\/2012\/11\/22\/arlia-estuvo-en-la-agrupacion-17-de-octubre\/arlia17octubre-ii\/#main\" data-orig-file=\"https:\/\/www.hoymercedes.com.ar\/principal\/wp-content\/uploads\/2012\/11\/Arlia17Octubre-II.jpg\" data-orig-size=\"618,374\" data-comments-opened=\"1\" data-image-meta=\"{&quot;aperture&quot;:&quot;3.3&quot;,&quot;credit&quot;:&quot;&quot;,&quot;camera&quot;:&quot;NIKON D50&quot;,&quot;caption&quot;:&quot;&quot;,&quot;created_timestamp&quot;:&quot;1353592605&quot;,&quot;copyright&quot;:&quot;&quot;,&quot;focal_length&quot;:&quot;28&quot;,&quot;iso&quot;:&quot;0&quot;,&quot;shutter_speed&quot;:&quot;0.016666666666667&quot;,&quot;title&quot;:&quot;&quot;}\" data-image-title=\"Arlia17Octubre-II\" data-image-description=\"\" data-image-caption=\"\" data-large-file=\"https:\/\/www.hoymercedes.com.ar\/principal\/wp-content\/uploads\/2012\/11\/Arlia17Octubre-II.jpg\" class=\"aligncenter size-full wp-image-18115\" title=\"Arlia17Octubre-II\" src=\"https:\/\/www.hoymercedes.com.ar\/principal\/wp-content\/uploads\/2012\/11\/Arlia17Octubre-II.jpg\" alt=\"\" width=\"618\" height=\"374\" srcset=\"https:\/\/www.hoymercedes.com.ar\/principal\/wp-content\/uploads\/2012\/11\/Arlia17Octubre-II.jpg 618w, https:\/\/www.hoymercedes.com.ar\/principal\/wp-content\/uploads\/2012\/11\/Arlia17Octubre-II-300x181.jpg 300w\" sizes=\"auto, (max-width: 618px) 100vw, 618px\" \/><\/a><\/p>\n","protected":false},"excerpt":{"rendered":"<p>El\u00a0Ministro\u00a0de Infraestructura de la Provincia de Buenos Aires integrante del movimiento \u00abPeronistas sin fronteras\u00bb estuvo este mediod\u00eda en la Agrupaci\u00f3n &#8230; <a title=\"Arl\u00eda estuvo en la Agrupaci\u00f3n 17 de Octubre\" class=\"read-more\" href=\"https:\/\/www.hoymercedes.com.ar\/principal\/2012\/11\/22\/arlia-estuvo-en-la-agrupacion-17-de-octubre\/\" aria-label=\"Leer m\u00e1s sobre Arl\u00eda estuvo en la Agrupaci\u00f3n 17 de Octubre\">Leer m\u00e1s<\/a><\/p>\n","protected":false},"author":1,"featured_media":0,"comment_status":"open","ping_status":"open","sticky":false,"template":"","format":"standard","meta":{"_monsterinsights_skip_tracking":false,"_monsterinsights_sitenote_active":false,"_monsterinsights_sitenote_note":"","_monsterinsights_sitenote_category":0,"jetpack_post_was_ever_published":false,"_jetpack_newsletter_access":"","_jetpack_dont_email_post_to_subs":false,"_jetpack_newsletter_tier_id":0,"_jetpack_memberships_contains_paywalled_content":false,"_jetpack_memberships_contains_paid_content":false,"footnotes":"","jetpack_publicize_message":"","jetpack_publicize_feature_enabled":true,"jetpack_social_post_already_shared":false,"jetpack_social_options":{"image_generator_settings":{"template":"highway","default_image_id":0,"font":"","enabled":false},"version":2},"_wpas_customize_per_network":false},"categories":[5],"tags":[],"class_list":["post-18112","post","type-post","status-publish","format-standard","hentry","category-politica","generate-columns","tablet-grid-50","mobile-grid-100","grid-parent","grid-50"],"jetpack_publicize_connections":[],"jetpack_featured_media_url":"","wps_subtitle":"","jetpack_sharing_enabled":true,"_links":{"self":[{"href":"https:\/\/www.hoymercedes.com.ar\/principal\/wp-json\/wp\/v2\/posts\/18112","targetHints":{"allow":["GET"]}}],"collection":[{"href":"https:\/\/www.hoymercedes.com.ar\/principal\/wp-json\/wp\/v2\/posts"}],"about":[{"href":"https:\/\/www.hoymercedes.com.ar\/principal\/wp-json\/wp\/v2\/types\/post"}],"author":[{"embeddable":true,"href":"https:\/\/www.hoymercedes.com.ar\/principal\/wp-json\/wp\/v2\/users\/1"}],"replies":[{"embeddable":true,"href":"https:\/\/www.hoymercedes.com.ar\/principal\/wp-json\/wp\/v2\/comments?post=18112"}],"version-history":[{"count":0,"href":"https:\/\/www.hoymercedes.com.ar\/principal\/wp-json\/wp\/v2\/posts\/18112\/revisions"}],"wp:attachment":[{"href":"https:\/\/www.hoymercedes.com.ar\/principal\/wp-json\/wp\/v2\/media?parent=18112"}],"wp:term":[{"taxonomy":"category","embeddable":true,"href":"https:\/\/www.hoymercedes.com.ar\/principal\/wp-json\/wp\/v2\/categories?post=18112"},{"taxonomy":"post_tag","embeddable":true,"href":"https:\/\/www.hoymercedes.com.ar\/principal\/wp-json\/wp\/v2\/tags?post=18112"}],"curies":[{"name":"wp","href":"https:\/\/api.w.org\/{rel}","templated":true}]}}