{"id":181153,"date":"2024-12-12T14:22:23","date_gmt":"2024-12-12T17:22:23","guid":{"rendered":"https:\/\/www.hoymercedes.com.ar\/principal\/?p=181153"},"modified":"2024-12-12T14:27:34","modified_gmt":"2024-12-12T17:27:34","slug":"moana-y-kraven-en-la-pantalla-grande-local","status":"publish","type":"post","link":"https:\/\/www.hoymercedes.com.ar\/principal\/2024\/12\/12\/moana-y-kraven-en-la-pantalla-grande-local\/","title":{"rendered":"Moana y Kraven en la pantalla grande local"},"content":{"rendered":"\n<p>Desde el Cine Mercedes anunciaron que desde el viernes 13 al martes 17 de diciembre, estar\u00e1n proyectando la segunda parte de Moana y el estreno \u00abKraven, el cazador\u00bb. <\/p>\n\n\n\n<p>Sinopsis Moana 2: Tras recibir una inesperada llamada de sus antepasados, Moana debe viajar a los lejanos mares de Ocean\u00eda y adentrarse en peligrosas aguas perdidas para vivir una aventura sin precedentes<\/p>\n\n\n\n<p>Sinopsis \u00abKraven, el cazador\u00bb: Es la historia sobre c\u00f3mo y por qu\u00e9 uno de los m\u00e1s ic\u00f3nicos villanos de Marvel lleg\u00f3 a serlo. Kraven (Aaron Taylor-Johnson) es un hombre cuya compleja relaci\u00f3n con su despiadado padre, Nikolai Kravinoff (Russell Crowe), le hace emprender un camino de venganza con brutales consecuencias, motiv\u00e1ndole a convertirse no s\u00f3lo en el mejor cazador del mundo, sino tambi\u00e9n en uno de los m\u00e1s temidos.<\/p>\n\n\n<div class=\"wp-block-image\">\n<figure class=\"aligncenter size-full\"><img loading=\"lazy\" decoding=\"async\" width=\"827\" height=\"813\" data-attachment-id=\"181155\" data-permalink=\"https:\/\/www.hoymercedes.com.ar\/principal\/2024\/12\/12\/moana-y-kraven-en-la-pantalla-grande-local\/gacetilla-cine-mercedes-20-3\/#main\" data-orig-file=\"https:\/\/www.hoymercedes.com.ar\/principal\/wp-content\/uploads\/2024\/12\/Gacetilla-Cine-Mercedes-20.png\" data-orig-size=\"827,813\" data-comments-opened=\"0\" data-image-meta=\"{&quot;aperture&quot;:&quot;0&quot;,&quot;credit&quot;:&quot;&quot;,&quot;camera&quot;:&quot;&quot;,&quot;caption&quot;:&quot;&quot;,&quot;created_timestamp&quot;:&quot;0&quot;,&quot;copyright&quot;:&quot;&quot;,&quot;focal_length&quot;:&quot;0&quot;,&quot;iso&quot;:&quot;0&quot;,&quot;shutter_speed&quot;:&quot;0&quot;,&quot;title&quot;:&quot;&quot;,&quot;orientation&quot;:&quot;0&quot;}\" data-image-title=\"Gacetilla Cine Mercedes (20)\" data-image-description=\"\" data-image-caption=\"\" data-large-file=\"https:\/\/www.hoymercedes.com.ar\/principal\/wp-content\/uploads\/2024\/12\/Gacetilla-Cine-Mercedes-20.png\" src=\"https:\/\/www.hoymercedes.com.ar\/principal\/wp-content\/uploads\/2024\/12\/Gacetilla-Cine-Mercedes-20.png\" alt=\"\" class=\"wp-image-181155\" srcset=\"https:\/\/www.hoymercedes.com.ar\/principal\/wp-content\/uploads\/2024\/12\/Gacetilla-Cine-Mercedes-20.png 827w, https:\/\/www.hoymercedes.com.ar\/principal\/wp-content\/uploads\/2024\/12\/Gacetilla-Cine-Mercedes-20-630x620.png 630w, https:\/\/www.hoymercedes.com.ar\/principal\/wp-content\/uploads\/2024\/12\/Gacetilla-Cine-Mercedes-20-150x147.png 150w\" sizes=\"auto, (max-width: 827px) 100vw, 827px\" \/><\/figure>\n<\/div>","protected":false},"excerpt":{"rendered":"<p>Desde el Cine Mercedes anunciaron que desde el viernes 13 al martes 17 de diciembre, estar\u00e1n proyectando la segunda parte &#8230; <a title=\"Moana y Kraven en la pantalla grande local\" class=\"read-more\" href=\"https:\/\/www.hoymercedes.com.ar\/principal\/2024\/12\/12\/moana-y-kraven-en-la-pantalla-grande-local\/\" aria-label=\"Leer m\u00e1s sobre Moana y Kraven en la pantalla grande local\">Leer m\u00e1s<\/a><\/p>\n","protected":false},"author":1,"featured_media":181154,"comment_status":"closed","ping_status":"open","sticky":false,"template":"","format":"standard","meta":{"_monsterinsights_skip_tracking":false,"_monsterinsights_sitenote_active":false,"_monsterinsights_sitenote_note":"","_monsterinsights_sitenote_category":0,"jetpack_post_was_ever_published":false,"_jetpack_newsletter_access":"","_jetpack_dont_email_post_to_subs":false,"_jetpack_newsletter_tier_id":0,"_jetpack_memberships_contains_paywalled_content":false,"_jetpack_memberships_contains_paid_content":false,"footnotes":"","jetpack_publicize_message":"","jetpack_publicize_feature_enabled":true,"jetpack_social_post_already_shared":true,"jetpack_social_options":{"image_generator_settings":{"template":"highway","default_image_id":0,"font":"","enabled":false},"version":2},"_wpas_customize_per_network":false},"categories":[8],"tags":[],"class_list":["post-181153","post","type-post","status-publish","format-standard","has-post-thumbnail","hentry","category-sociedad","generate-columns","tablet-grid-50","mobile-grid-100","grid-parent","grid-50"],"jetpack_publicize_connections":[],"jetpack_featured_media_url":"https:\/\/www.hoymercedes.com.ar\/principal\/wp-content\/uploads\/2024\/12\/KRAVEN-1.png","wps_subtitle":"","jetpack_sharing_enabled":true,"_links":{"self":[{"href":"https:\/\/www.hoymercedes.com.ar\/principal\/wp-json\/wp\/v2\/posts\/181153","targetHints":{"allow":["GET"]}}],"collection":[{"href":"https:\/\/www.hoymercedes.com.ar\/principal\/wp-json\/wp\/v2\/posts"}],"about":[{"href":"https:\/\/www.hoymercedes.com.ar\/principal\/wp-json\/wp\/v2\/types\/post"}],"author":[{"embeddable":true,"href":"https:\/\/www.hoymercedes.com.ar\/principal\/wp-json\/wp\/v2\/users\/1"}],"replies":[{"embeddable":true,"href":"https:\/\/www.hoymercedes.com.ar\/principal\/wp-json\/wp\/v2\/comments?post=181153"}],"version-history":[{"count":0,"href":"https:\/\/www.hoymercedes.com.ar\/principal\/wp-json\/wp\/v2\/posts\/181153\/revisions"}],"wp:featuredmedia":[{"embeddable":true,"href":"https:\/\/www.hoymercedes.com.ar\/principal\/wp-json\/wp\/v2\/media\/181154"}],"wp:attachment":[{"href":"https:\/\/www.hoymercedes.com.ar\/principal\/wp-json\/wp\/v2\/media?parent=181153"}],"wp:term":[{"taxonomy":"category","embeddable":true,"href":"https:\/\/www.hoymercedes.com.ar\/principal\/wp-json\/wp\/v2\/categories?post=181153"},{"taxonomy":"post_tag","embeddable":true,"href":"https:\/\/www.hoymercedes.com.ar\/principal\/wp-json\/wp\/v2\/tags?post=181153"}],"curies":[{"name":"wp","href":"https:\/\/api.w.org\/{rel}","templated":true}]}}