{"id":181165,"date":"2024-12-13T18:08:25","date_gmt":"2024-12-13T21:08:25","guid":{"rendered":"https:\/\/www.hoymercedes.com.ar\/principal\/?p=181165"},"modified":"2024-12-13T18:08:27","modified_gmt":"2024-12-13T21:08:27","slug":"medico-detenido-por-abuso-sexual-a-menor-en-lujan","status":"publish","type":"post","link":"https:\/\/www.hoymercedes.com.ar\/principal\/2024\/12\/13\/medico-detenido-por-abuso-sexual-a-menor-en-lujan\/","title":{"rendered":"M\u00e9dico detenido por abuso sexual a menor en Luj\u00e1n"},"content":{"rendered":"\n<figure class=\"wp-block-image size-large\"><img loading=\"lazy\" decoding=\"async\" width=\"1024\" height=\"586\" data-attachment-id=\"181166\" data-permalink=\"https:\/\/www.hoymercedes.com.ar\/principal\/2024\/12\/13\/medico-detenido-por-abuso-sexual-a-menor-en-lujan\/medicodetenido-lujan\/#main\" data-orig-file=\"https:\/\/www.hoymercedes.com.ar\/principal\/wp-content\/uploads\/2024\/12\/MedicoDetenido-Lujan.jpg\" data-orig-size=\"1045,598\" data-comments-opened=\"0\" data-image-meta=\"{&quot;aperture&quot;:&quot;0&quot;,&quot;credit&quot;:&quot;&quot;,&quot;camera&quot;:&quot;&quot;,&quot;caption&quot;:&quot;&quot;,&quot;created_timestamp&quot;:&quot;0&quot;,&quot;copyright&quot;:&quot;&quot;,&quot;focal_length&quot;:&quot;0&quot;,&quot;iso&quot;:&quot;0&quot;,&quot;shutter_speed&quot;:&quot;0&quot;,&quot;title&quot;:&quot;&quot;,&quot;orientation&quot;:&quot;0&quot;}\" data-image-title=\"MedicoDetenido-Lujan\" data-image-description=\"&lt;p&gt;M\u00e9dico detenido por abuso sexual a menor en Luj\u00e1n&lt;\/p&gt;\n\" data-image-caption=\"&lt;p&gt;M\u00e9dico detenido por abuso sexual a menor en Luj\u00e1n&lt;\/p&gt;\n\" data-large-file=\"https:\/\/www.hoymercedes.com.ar\/principal\/wp-content\/uploads\/2024\/12\/MedicoDetenido-Lujan-1024x586.jpg\" src=\"https:\/\/www.hoymercedes.com.ar\/principal\/wp-content\/uploads\/2024\/12\/MedicoDetenido-Lujan-1024x586.jpg\" alt=\"\" class=\"wp-image-181166\" srcset=\"https:\/\/www.hoymercedes.com.ar\/principal\/wp-content\/uploads\/2024\/12\/MedicoDetenido-Lujan-1024x586.jpg 1024w, https:\/\/www.hoymercedes.com.ar\/principal\/wp-content\/uploads\/2024\/12\/MedicoDetenido-Lujan-630x361.jpg 630w, https:\/\/www.hoymercedes.com.ar\/principal\/wp-content\/uploads\/2024\/12\/MedicoDetenido-Lujan-150x86.jpg 150w, https:\/\/www.hoymercedes.com.ar\/principal\/wp-content\/uploads\/2024\/12\/MedicoDetenido-Lujan.jpg 1045w\" sizes=\"auto, (max-width: 1024px) 100vw, 1024px\" \/><\/figure>\n\n\n\n<p>Un m\u00e9dico del <strong>Hospital Zonal General Nuestra Se\u00f1ora de Luj\u00e1n<\/strong> fue arrestado tras una investigaci\u00f3n por <strong>abuso sexual a una ni\u00f1a de 11 a\u00f1os.<\/strong><\/p>\n\n\n\n<p>El escalofriante caso de abuso sexual conmociona a la comunidad de Luj\u00e1n. <\/p>\n\n\n\n<p>Un m\u00e9dico del Hospital Zonal General Nuestra Se\u00f1ora de Luj\u00e1n fue detenido tras ser acusado de abusar sexualmente de una ni\u00f1a de 11 a\u00f1os. La investigaci\u00f3n, que se inici\u00f3 a partir de una denuncia de la madre de la v\u00edctima, revel\u00f3 una trama de enga\u00f1os y manipulaci\u00f3n por parte del profesional de la salud.<\/p>\n\n\n\n<p>Fue tras un allanamiento en la ciudad de San Miguel a cargo de una unidad investigtiva de San Miguel. <\/p>\n\n\n\n<p>La noticia, que salio en Infobae, destall\u00f3 que en uno de los allanamientos se secuestr\u00f3 m\u00e1s de una docena de ropa interior de ni\u00f1as y mujeres.<\/p>\n\n\n\n<p>\u201c\u2019Pasame fotos sin ropa y en bombacha, un video m\u00e1s largo y claro\u2019, le escribi\u00f3 un m\u00e9dico de origen ecuatoriano a una nena de 11 a\u00f1os por Whatsapp, como condici\u00f3n para que le diera un dinero que le hab\u00eda pedido para la escuela. Lo que nunca imagin\u00f3 es que quien estaba detr\u00e1s del mensaje era la mam\u00e1 de la menor, quien se hizo pasar por su hija despu\u00e9s de que descubriera que su hija ya le hab\u00eda enviado al hombre fotos desnuda y en distintas poses sexuales. Gracias al plan de la mujer, el sospechoso fue detenido\u201d, expuso el sitio de noticias Infobae dando detalles de la investigaci\u00f3n a la cual accedi\u00f3 y sobre la que pudo generar la noticia. <\/p>\n","protected":false},"excerpt":{"rendered":"<p>Un m\u00e9dico del Hospital Zonal General Nuestra Se\u00f1ora de Luj\u00e1n fue arrestado tras una investigaci\u00f3n por abuso sexual a una &#8230; <a title=\"M\u00e9dico detenido por abuso sexual a menor en Luj\u00e1n\" class=\"read-more\" href=\"https:\/\/www.hoymercedes.com.ar\/principal\/2024\/12\/13\/medico-detenido-por-abuso-sexual-a-menor-en-lujan\/\" aria-label=\"Leer m\u00e1s sobre M\u00e9dico detenido por abuso sexual a menor en Luj\u00e1n\">Leer m\u00e1s<\/a><\/p>\n","protected":false},"author":1,"featured_media":181166,"comment_status":"closed","ping_status":"open","sticky":false,"template":"","format":"standard","meta":{"_monsterinsights_skip_tracking":false,"_monsterinsights_sitenote_active":false,"_monsterinsights_sitenote_note":"","_monsterinsights_sitenote_category":0,"jetpack_post_was_ever_published":false,"_jetpack_newsletter_access":"","_jetpack_dont_email_post_to_subs":false,"_jetpack_newsletter_tier_id":0,"_jetpack_memberships_contains_paywalled_content":false,"_jetpack_memberships_contains_paid_content":false,"footnotes":"","jetpack_publicize_message":"","jetpack_publicize_feature_enabled":true,"jetpack_social_post_already_shared":true,"jetpack_social_options":{"image_generator_settings":{"template":"highway","default_image_id":0,"font":"","enabled":false},"version":2},"_wpas_customize_per_network":false},"categories":[5501],"tags":[5797,6728,20040,20039],"class_list":["post-181165","post","type-post","status-publish","format-standard","has-post-thumbnail","hentry","category-region","tag-abuso-sexual","tag-detenido","tag-lujan-detenido-por-abuso","tag-medico-lujan","generate-columns","tablet-grid-50","mobile-grid-100","grid-parent","grid-50"],"jetpack_publicize_connections":[],"jetpack_featured_media_url":"https:\/\/www.hoymercedes.com.ar\/principal\/wp-content\/uploads\/2024\/12\/MedicoDetenido-Lujan.jpg","wps_subtitle":"Tras las rejas ","jetpack_sharing_enabled":true,"_links":{"self":[{"href":"https:\/\/www.hoymercedes.com.ar\/principal\/wp-json\/wp\/v2\/posts\/181165","targetHints":{"allow":["GET"]}}],"collection":[{"href":"https:\/\/www.hoymercedes.com.ar\/principal\/wp-json\/wp\/v2\/posts"}],"about":[{"href":"https:\/\/www.hoymercedes.com.ar\/principal\/wp-json\/wp\/v2\/types\/post"}],"author":[{"embeddable":true,"href":"https:\/\/www.hoymercedes.com.ar\/principal\/wp-json\/wp\/v2\/users\/1"}],"replies":[{"embeddable":true,"href":"https:\/\/www.hoymercedes.com.ar\/principal\/wp-json\/wp\/v2\/comments?post=181165"}],"version-history":[{"count":0,"href":"https:\/\/www.hoymercedes.com.ar\/principal\/wp-json\/wp\/v2\/posts\/181165\/revisions"}],"wp:featuredmedia":[{"embeddable":true,"href":"https:\/\/www.hoymercedes.com.ar\/principal\/wp-json\/wp\/v2\/media\/181166"}],"wp:attachment":[{"href":"https:\/\/www.hoymercedes.com.ar\/principal\/wp-json\/wp\/v2\/media?parent=181165"}],"wp:term":[{"taxonomy":"category","embeddable":true,"href":"https:\/\/www.hoymercedes.com.ar\/principal\/wp-json\/wp\/v2\/categories?post=181165"},{"taxonomy":"post_tag","embeddable":true,"href":"https:\/\/www.hoymercedes.com.ar\/principal\/wp-json\/wp\/v2\/tags?post=181165"}],"curies":[{"name":"wp","href":"https:\/\/api.w.org\/{rel}","templated":true}]}}