{"id":181172,"date":"2024-12-14T02:57:33","date_gmt":"2024-12-14T05:57:33","guid":{"rendered":"https:\/\/www.hoymercedes.com.ar\/principal\/?p=181172"},"modified":"2024-12-14T02:57:35","modified_gmt":"2024-12-14T05:57:35","slug":"fatal-siniestro-vial-en-ruta-nacional-n5","status":"publish","type":"post","link":"https:\/\/www.hoymercedes.com.ar\/principal\/2024\/12\/14\/fatal-siniestro-vial-en-ruta-nacional-n5\/","title":{"rendered":"Fatal siniestro vial en Ruta Nacional N\u00b05"},"content":{"rendered":"\n<p><\/p>\n\n\n\n<p>Un grave siniestro vial con una v\u00edctima fatal se produjo en jurisdicci\u00f3n Mercedes de la Ruta Nacional N\u00b05.  Un autom\u00f3vil y un cami\u00f3n fueron los protagonistas del doloroso suceso.<\/p>\n\n\n\n<p>Seg\u00fan se supo extra oficialmente una mala maniobra hizo que chocaran de frente un autom\u00f3vil corsa y un cami\u00f3n de transporte de mercader\u00edas.<\/p>\n\n\n\n<p>El fallecido iba en el autom\u00f3vil, quedando atrapado en su interior.<\/p>\n\n\n\n<p>A la hora del cierre de la noticia no se conocen detalles del suceso ni datos de los involucrados.<\/p>\n\n\n\n<p>Trabaj\u00f3 en el lugar SAME, Bomberos Voluntarios, Protecci\u00f3n Civil y Polic\u00eda Comunal.<\/p>\n","protected":false},"excerpt":{"rendered":"<p>Un grave siniestro vial con una v\u00edctima fatal se produjo en jurisdicci\u00f3n Mercedes de la Ruta Nacional N\u00b05. Un autom\u00f3vil &#8230; <a title=\"Fatal siniestro vial en Ruta Nacional N\u00b05\" class=\"read-more\" href=\"https:\/\/www.hoymercedes.com.ar\/principal\/2024\/12\/14\/fatal-siniestro-vial-en-ruta-nacional-n5\/\" aria-label=\"Leer m\u00e1s sobre Fatal siniestro vial en Ruta Nacional N\u00b05\">Leer m\u00e1s<\/a><\/p>\n","protected":false},"author":1,"featured_media":127982,"comment_status":"closed","ping_status":"open","sticky":false,"template":"","format":"standard","meta":{"_monsterinsights_skip_tracking":false,"_monsterinsights_sitenote_active":false,"_monsterinsights_sitenote_note":"","_monsterinsights_sitenote_category":0,"jetpack_post_was_ever_published":false,"_jetpack_newsletter_access":"","_jetpack_dont_email_post_to_subs":false,"_jetpack_newsletter_tier_id":0,"_jetpack_memberships_contains_paywalled_content":false,"_jetpack_memberships_contains_paid_content":false,"footnotes":"","jetpack_publicize_message":"","jetpack_publicize_feature_enabled":true,"jetpack_social_post_already_shared":true,"jetpack_social_options":{"image_generator_settings":{"template":"highway","default_image_id":0,"font":"","enabled":false},"version":2},"_wpas_customize_per_network":false},"categories":[85],"tags":[20041,20043,8905,20044,10395,20042],"class_list":["post-181172","post","type-post","status-publish","format-standard","has-post-thumbnail","hentry","category-policial","tag-acciodente-falta","tag-chocque-corsa-y-camion-ruta-5","tag-choque-ruta-5","tag-ruta-5-km104","tag-siniestro-vial","tag-victima-fatal-ruta-5","generate-columns","tablet-grid-50","mobile-grid-100","grid-parent","grid-50"],"jetpack_publicize_connections":[],"jetpack_featured_media_url":"https:\/\/www.hoymercedes.com.ar\/principal\/wp-content\/uploads\/2021\/04\/PoliciaComual.jpg","wps_subtitle":"Doloroso","jetpack_sharing_enabled":true,"_links":{"self":[{"href":"https:\/\/www.hoymercedes.com.ar\/principal\/wp-json\/wp\/v2\/posts\/181172","targetHints":{"allow":["GET"]}}],"collection":[{"href":"https:\/\/www.hoymercedes.com.ar\/principal\/wp-json\/wp\/v2\/posts"}],"about":[{"href":"https:\/\/www.hoymercedes.com.ar\/principal\/wp-json\/wp\/v2\/types\/post"}],"author":[{"embeddable":true,"href":"https:\/\/www.hoymercedes.com.ar\/principal\/wp-json\/wp\/v2\/users\/1"}],"replies":[{"embeddable":true,"href":"https:\/\/www.hoymercedes.com.ar\/principal\/wp-json\/wp\/v2\/comments?post=181172"}],"version-history":[{"count":0,"href":"https:\/\/www.hoymercedes.com.ar\/principal\/wp-json\/wp\/v2\/posts\/181172\/revisions"}],"wp:featuredmedia":[{"embeddable":true,"href":"https:\/\/www.hoymercedes.com.ar\/principal\/wp-json\/wp\/v2\/media\/127982"}],"wp:attachment":[{"href":"https:\/\/www.hoymercedes.com.ar\/principal\/wp-json\/wp\/v2\/media?parent=181172"}],"wp:term":[{"taxonomy":"category","embeddable":true,"href":"https:\/\/www.hoymercedes.com.ar\/principal\/wp-json\/wp\/v2\/categories?post=181172"},{"taxonomy":"post_tag","embeddable":true,"href":"https:\/\/www.hoymercedes.com.ar\/principal\/wp-json\/wp\/v2\/tags?post=181172"}],"curies":[{"name":"wp","href":"https:\/\/api.w.org\/{rel}","templated":true}]}}