{"id":181177,"date":"2024-12-14T16:54:38","date_gmt":"2024-12-14T19:54:38","guid":{"rendered":"https:\/\/www.hoymercedes.com.ar\/principal\/?p=181177"},"modified":"2024-12-14T16:54:40","modified_gmt":"2024-12-14T19:54:40","slug":"vecino-de-mercedes-pierde-la-vida-en-siniestro-de-ruta-n5","status":"publish","type":"post","link":"https:\/\/www.hoymercedes.com.ar\/principal\/2024\/12\/14\/vecino-de-mercedes-pierde-la-vida-en-siniestro-de-ruta-n5\/","title":{"rendered":"Vecino de Mercedes pierde la vida en siniestro de Ruta N\u00b05"},"content":{"rendered":"\n<figure class=\"wp-block-image size-full is-resized\"><img loading=\"lazy\" decoding=\"async\" width=\"775\" height=\"397\" data-attachment-id=\"181178\" data-permalink=\"https:\/\/www.hoymercedes.com.ar\/principal\/2024\/12\/14\/vecino-de-mercedes-pierde-la-vida-en-siniestro-de-ruta-n5\/siniestroruta5\/#main\" data-orig-file=\"https:\/\/www.hoymercedes.com.ar\/principal\/wp-content\/uploads\/2024\/12\/SiniestroRuta5.jpg\" data-orig-size=\"775,397\" data-comments-opened=\"0\" data-image-meta=\"{&quot;aperture&quot;:&quot;0&quot;,&quot;credit&quot;:&quot;&quot;,&quot;camera&quot;:&quot;&quot;,&quot;caption&quot;:&quot;&quot;,&quot;created_timestamp&quot;:&quot;0&quot;,&quot;copyright&quot;:&quot;&quot;,&quot;focal_length&quot;:&quot;0&quot;,&quot;iso&quot;:&quot;0&quot;,&quot;shutter_speed&quot;:&quot;0&quot;,&quot;title&quot;:&quot;&quot;,&quot;orientation&quot;:&quot;0&quot;}\" data-image-title=\"SiniestroRuta5\" data-image-description=\"&lt;p&gt;Vecino de Mercedes pierde la vida en siniestro de Ruta N\u00b05&lt;\/p&gt;\n\" data-image-caption=\"&lt;p&gt;Vecino de Mercedes pierde la vida en siniestro de Ruta N\u00b05&lt;\/p&gt;\n\" data-large-file=\"https:\/\/www.hoymercedes.com.ar\/principal\/wp-content\/uploads\/2024\/12\/SiniestroRuta5.jpg\" src=\"https:\/\/www.hoymercedes.com.ar\/principal\/wp-content\/uploads\/2024\/12\/SiniestroRuta5.jpg\" alt=\"\" class=\"wp-image-181178\" style=\"width:960px;height:auto\" srcset=\"https:\/\/www.hoymercedes.com.ar\/principal\/wp-content\/uploads\/2024\/12\/SiniestroRuta5.jpg 775w, https:\/\/www.hoymercedes.com.ar\/principal\/wp-content\/uploads\/2024\/12\/SiniestroRuta5-630x323.jpg 630w, https:\/\/www.hoymercedes.com.ar\/principal\/wp-content\/uploads\/2024\/12\/SiniestroRuta5-150x77.jpg 150w\" sizes=\"auto, (max-width: 775px) 100vw, 775px\" \/><\/figure>\n\n\n\n<p>Un grave siniestro vial en Ruta Nacional N\u00b05 gener\u00f3 la p\u00e9rdida de la vida de un vecino de nuestra ciudad. Se trata de Mariano Miguel Fugante, de 51 a\u00f1os de edad, quien ven\u00eda en sentido Suipacha \u2013 Mercedes.<\/p>\n\n\n\n<p>El siniestro se produjo en el km 104 y sobre el mismo se dio cuenta en horas de la madrugada, pero sin conocerse detalles.<\/p>\n\n\n\n<p>Seg\u00fan se supo el corsa en el que viajaba habr\u00eda cruzado de carril, por motivos que se desconocen, y choc\u00f3 contra un cami\u00f3n Iveco que transportaba gaseosas. El desenlace fue fatal para el vecino de nuestra comunidad.<\/p>\n\n\n\n<p>Actuaron Bomberos Voluntarios, Polic\u00eda Comunal, Protecci\u00f3n Civil y SAME.<\/p>\n\n\n\n<p>El hecho tuvo su alerta poco despu\u00e9s de las 00hs del inicio de este s\u00e1bado 14 de diciembre.<\/p>\n\n\n\n<p>Produjo un gran dolor en nuestra comunidad el acontecimiento.<\/p>\n","protected":false},"excerpt":{"rendered":"<p>Un grave siniestro vial en Ruta Nacional N\u00b05 gener\u00f3 la p\u00e9rdida de la vida de un vecino de nuestra ciudad. &#8230; <a title=\"Vecino de Mercedes pierde la vida en siniestro de Ruta N\u00b05\" class=\"read-more\" href=\"https:\/\/www.hoymercedes.com.ar\/principal\/2024\/12\/14\/vecino-de-mercedes-pierde-la-vida-en-siniestro-de-ruta-n5\/\" aria-label=\"Leer m\u00e1s sobre Vecino de Mercedes pierde la vida en siniestro de Ruta N\u00b05\">Leer m\u00e1s<\/a><\/p>\n","protected":false},"author":1,"featured_media":181178,"comment_status":"closed","ping_status":"open","sticky":false,"template":"","format":"standard","meta":{"_monsterinsights_skip_tracking":false,"_monsterinsights_sitenote_active":false,"_monsterinsights_sitenote_note":"","_monsterinsights_sitenote_category":0,"jetpack_post_was_ever_published":false,"_jetpack_newsletter_access":"","_jetpack_dont_email_post_to_subs":false,"_jetpack_newsletter_tier_id":0,"_jetpack_memberships_contains_paywalled_content":false,"_jetpack_memberships_contains_paid_content":false,"footnotes":"","jetpack_publicize_message":"","jetpack_publicize_feature_enabled":true,"jetpack_social_post_already_shared":true,"jetpack_social_options":{"image_generator_settings":{"template":"highway","default_image_id":0,"font":"","enabled":false},"version":2},"_wpas_customize_per_network":false},"categories":[8],"tags":[20045,20047,8905,20046,20048],"class_list":["post-181177","post","type-post","status-publish","format-standard","has-post-thumbnail","hentry","category-sociedad","tag-accidente-fatl","tag-choque-corsa-y-camion","tag-choque-ruta-5","tag-pierde-la-vida-en-ruta-5","tag-siniestro-vial-ruta-5-mercedes","generate-columns","tablet-grid-50","mobile-grid-100","grid-parent","grid-50"],"jetpack_publicize_connections":[],"jetpack_featured_media_url":"https:\/\/www.hoymercedes.com.ar\/principal\/wp-content\/uploads\/2024\/12\/SiniestroRuta5.jpg","wps_subtitle":"Doloroso ","jetpack_sharing_enabled":true,"_links":{"self":[{"href":"https:\/\/www.hoymercedes.com.ar\/principal\/wp-json\/wp\/v2\/posts\/181177","targetHints":{"allow":["GET"]}}],"collection":[{"href":"https:\/\/www.hoymercedes.com.ar\/principal\/wp-json\/wp\/v2\/posts"}],"about":[{"href":"https:\/\/www.hoymercedes.com.ar\/principal\/wp-json\/wp\/v2\/types\/post"}],"author":[{"embeddable":true,"href":"https:\/\/www.hoymercedes.com.ar\/principal\/wp-json\/wp\/v2\/users\/1"}],"replies":[{"embeddable":true,"href":"https:\/\/www.hoymercedes.com.ar\/principal\/wp-json\/wp\/v2\/comments?post=181177"}],"version-history":[{"count":0,"href":"https:\/\/www.hoymercedes.com.ar\/principal\/wp-json\/wp\/v2\/posts\/181177\/revisions"}],"wp:featuredmedia":[{"embeddable":true,"href":"https:\/\/www.hoymercedes.com.ar\/principal\/wp-json\/wp\/v2\/media\/181178"}],"wp:attachment":[{"href":"https:\/\/www.hoymercedes.com.ar\/principal\/wp-json\/wp\/v2\/media?parent=181177"}],"wp:term":[{"taxonomy":"category","embeddable":true,"href":"https:\/\/www.hoymercedes.com.ar\/principal\/wp-json\/wp\/v2\/categories?post=181177"},{"taxonomy":"post_tag","embeddable":true,"href":"https:\/\/www.hoymercedes.com.ar\/principal\/wp-json\/wp\/v2\/tags?post=181177"}],"curies":[{"name":"wp","href":"https:\/\/api.w.org\/{rel}","templated":true}]}}