{"id":181204,"date":"2024-12-15T15:29:09","date_gmt":"2024-12-15T18:29:09","guid":{"rendered":"https:\/\/www.hoymercedes.com.ar\/principal\/?p=181204"},"modified":"2024-12-15T15:29:13","modified_gmt":"2024-12-15T18:29:13","slug":"continua-la-fiesta-de-la-tradicion-con-musica-historia-y-cultura","status":"publish","type":"post","link":"https:\/\/www.hoymercedes.com.ar\/principal\/2024\/12\/15\/continua-la-fiesta-de-la-tradicion-con-musica-historia-y-cultura\/","title":{"rendered":"Contin\u00faa la \u00a0\u201cFiesta de la Tradici\u00f3n\u201d con m\u00fasica, historia y cultura"},"content":{"rendered":"\n<figure class=\"wp-block-image size-large\"><img loading=\"lazy\" decoding=\"async\" width=\"1024\" height=\"683\" data-attachment-id=\"181205\" data-permalink=\"https:\/\/www.hoymercedes.com.ar\/principal\/2024\/12\/15\/continua-la-fiesta-de-la-tradicion-con-musica-historia-y-cultura\/tradicion-2024\/#main\" data-orig-file=\"https:\/\/www.hoymercedes.com.ar\/principal\/wp-content\/uploads\/2024\/12\/Tradicion-2024-scaled.jpg\" data-orig-size=\"2560,1707\" data-comments-opened=\"0\" data-image-meta=\"{&quot;aperture&quot;:&quot;0&quot;,&quot;credit&quot;:&quot;&quot;,&quot;camera&quot;:&quot;&quot;,&quot;caption&quot;:&quot;&quot;,&quot;created_timestamp&quot;:&quot;0&quot;,&quot;copyright&quot;:&quot;&quot;,&quot;focal_length&quot;:&quot;0&quot;,&quot;iso&quot;:&quot;0&quot;,&quot;shutter_speed&quot;:&quot;0&quot;,&quot;title&quot;:&quot;&quot;,&quot;orientation&quot;:&quot;0&quot;}\" data-image-title=\"Tradicion-2024\" data-image-description=\"&lt;p&gt;Contin\u00faa la \u00a0\u201cFiesta de la Tradici\u00f3n\u201d con m\u00fasica, historia y cultura&lt;\/p&gt;\n\" data-image-caption=\"&lt;p&gt;Contin\u00faa la \u00a0\u201cFiesta de la Tradici\u00f3n\u201d con m\u00fasica, historia y cultura&lt;\/p&gt;\n\" data-large-file=\"https:\/\/www.hoymercedes.com.ar\/principal\/wp-content\/uploads\/2024\/12\/Tradicion-2024-1024x683.jpg\" src=\"https:\/\/www.hoymercedes.com.ar\/principal\/wp-content\/uploads\/2024\/12\/Tradicion-2024-1024x683.jpg\" alt=\"\" class=\"wp-image-181205\" srcset=\"https:\/\/www.hoymercedes.com.ar\/principal\/wp-content\/uploads\/2024\/12\/Tradicion-2024-1024x683.jpg 1024w, https:\/\/www.hoymercedes.com.ar\/principal\/wp-content\/uploads\/2024\/12\/Tradicion-2024-630x420.jpg 630w, https:\/\/www.hoymercedes.com.ar\/principal\/wp-content\/uploads\/2024\/12\/Tradicion-2024-150x100.jpg 150w, https:\/\/www.hoymercedes.com.ar\/principal\/wp-content\/uploads\/2024\/12\/Tradicion-2024-1536x1024.jpg 1536w, https:\/\/www.hoymercedes.com.ar\/principal\/wp-content\/uploads\/2024\/12\/Tradicion-2024-2048x1366.jpg 2048w\" sizes=\"auto, (max-width: 1024px) 100vw, 1024px\" \/><\/figure>\n\n\n\n<p><\/p>\n\n\n\n<p>La Fiesta de la Tradici\u00f3n inici\u00f3 este s\u00e1bado con una excelente jornada de m\u00fasica en vivo, destrezas criollas, cantinas, artesanos y un hermoso predio del C\u00edrculo Criollo en el Parque Municipal para el disfrute de todas las familias.<\/p>\n\n\n\n<p>La fiesta tuvo su inicio del escenario musical alrededor de las 19hs, motivado por la b\u00fasqueda de temperaturas m\u00e1s acordes para el disfrute, pero desde el mediod\u00eda ya hubo actividades camperas para quienes son gustosos de tradici\u00f3n y las destrezas.<\/p>\n\n\n\n<p>La primera jornada fue gratis \u201cel domingo 2.000 pesos la entrada y 1.500 el estacionamiento. Adem\u00e1s personas con discapacidad y menores de 12 a\u00f1os gratis\u201d recordaron desde amigos pe\u00f1eros.<\/p>\n\n\n\n<p>Se pudo disfrutar de la Escuela Municipal de Tanto, Ay Nom\u00e1s, Escuela de Danzas Folkl\u00f3ricas Nuestra Se\u00f1ora de las Meercedes y el Taller de Adultos Mayores, Grupo Suyai, Escuela de Danzas Folkl\u00f3ricas Ayek\u00e1n, Luc\u00eda Ceresani, Gustavo Guzm\u00e1n, Juanjo Abreg\u00fa y Los de Ayer.<\/p>\n\n\n\n<figure class=\"wp-block-image size-large\"><img loading=\"lazy\" decoding=\"async\" width=\"1024\" height=\"683\" data-attachment-id=\"181206\" data-permalink=\"https:\/\/www.hoymercedes.com.ar\/principal\/2024\/12\/15\/continua-la-fiesta-de-la-tradicion-con-musica-historia-y-cultura\/tradicion-2024-2\/#main\" data-orig-file=\"https:\/\/www.hoymercedes.com.ar\/principal\/wp-content\/uploads\/2024\/12\/Tradicion-2024-2-scaled.jpg\" data-orig-size=\"2560,1707\" data-comments-opened=\"0\" data-image-meta=\"{&quot;aperture&quot;:&quot;0&quot;,&quot;credit&quot;:&quot;&quot;,&quot;camera&quot;:&quot;&quot;,&quot;caption&quot;:&quot;&quot;,&quot;created_timestamp&quot;:&quot;0&quot;,&quot;copyright&quot;:&quot;&quot;,&quot;focal_length&quot;:&quot;0&quot;,&quot;iso&quot;:&quot;0&quot;,&quot;shutter_speed&quot;:&quot;0&quot;,&quot;title&quot;:&quot;&quot;,&quot;orientation&quot;:&quot;0&quot;}\" data-image-title=\"Tradicion-2024-2\" data-image-description=\"\" data-image-caption=\"\" data-large-file=\"https:\/\/www.hoymercedes.com.ar\/principal\/wp-content\/uploads\/2024\/12\/Tradicion-2024-2-1024x683.jpg\" src=\"https:\/\/www.hoymercedes.com.ar\/principal\/wp-content\/uploads\/2024\/12\/Tradicion-2024-2-1024x683.jpg\" alt=\"Contin\u00faa la \u00a0\u201cFiesta de la Tradici\u00f3n\u201d con m\u00fasica, historia y cultura\" class=\"wp-image-181206\" srcset=\"https:\/\/www.hoymercedes.com.ar\/principal\/wp-content\/uploads\/2024\/12\/Tradicion-2024-2-1024x683.jpg 1024w, https:\/\/www.hoymercedes.com.ar\/principal\/wp-content\/uploads\/2024\/12\/Tradicion-2024-2-630x420.jpg 630w, https:\/\/www.hoymercedes.com.ar\/principal\/wp-content\/uploads\/2024\/12\/Tradicion-2024-2-150x100.jpg 150w, https:\/\/www.hoymercedes.com.ar\/principal\/wp-content\/uploads\/2024\/12\/Tradicion-2024-2-1536x1024.jpg 1536w, https:\/\/www.hoymercedes.com.ar\/principal\/wp-content\/uploads\/2024\/12\/Tradicion-2024-2-2048x1366.jpg 2048w\" sizes=\"auto, (max-width: 1024px) 100vw, 1024px\" \/><\/figure>\n\n\n\n<p>Este domingo el escenario nos brindar\u00e1 a Claudia Lome\u00f1a, Amanecer del Pueblo, Los L\u00f3pez Heredia, Ballet Municipal Estrella del Sur, Santa Cecilia, Milena Salamanca, Ra\u00edces Mercedinas y el Chacarero Cantor.<\/p>\n\n\n\n<p>\u201cLos esperamos, va a ser una fiesta familiar y realmente hermosa este domingo\u201d, afirmaron desde Amigos Pe\u00f1eros.<\/p>\n","protected":false},"excerpt":{"rendered":"<p>La Fiesta de la Tradici\u00f3n inici\u00f3 este s\u00e1bado con una excelente jornada de m\u00fasica en vivo, destrezas criollas, cantinas, artesanos &#8230; <a title=\"Contin\u00faa la \u00a0\u201cFiesta de la Tradici\u00f3n\u201d con m\u00fasica, historia y cultura\" class=\"read-more\" href=\"https:\/\/www.hoymercedes.com.ar\/principal\/2024\/12\/15\/continua-la-fiesta-de-la-tradicion-con-musica-historia-y-cultura\/\" aria-label=\"Leer m\u00e1s sobre Contin\u00faa la \u00a0\u201cFiesta de la Tradici\u00f3n\u201d con m\u00fasica, historia y cultura\">Leer m\u00e1s<\/a><\/p>\n","protected":false},"author":1,"featured_media":181205,"comment_status":"closed","ping_status":"open","sticky":false,"template":"","format":"standard","meta":{"_monsterinsights_skip_tracking":false,"_monsterinsights_sitenote_active":false,"_monsterinsights_sitenote_note":"","_monsterinsights_sitenote_category":0,"jetpack_post_was_ever_published":false,"_jetpack_newsletter_access":"","_jetpack_dont_email_post_to_subs":false,"_jetpack_newsletter_tier_id":0,"_jetpack_memberships_contains_paywalled_content":false,"_jetpack_memberships_contains_paid_content":false,"footnotes":"","jetpack_publicize_message":"","jetpack_publicize_feature_enabled":true,"jetpack_social_post_already_shared":true,"jetpack_social_options":{"image_generator_settings":{"template":"highway","default_image_id":0,"font":"","enabled":false},"version":2},"_wpas_customize_per_network":false},"categories":[8],"tags":[12231,15925,18339,20051,20052,209],"class_list":["post-181204","post","type-post","status-publish","format-standard","has-post-thumbnail","hentry","category-sociedad","tag-amigos-peneros","tag-fiesta-de-la-tradicion-2","tag-fiestas-en-mercedes","tag-fiestas-popualrs","tag-tradicion-en-mercedes","tag-turismo-mercedes","generate-columns","tablet-grid-50","mobile-grid-100","grid-parent","grid-50"],"jetpack_publicize_connections":[],"jetpack_featured_media_url":"https:\/\/www.hoymercedes.com.ar\/principal\/wp-content\/uploads\/2024\/12\/Tradicion-2024-scaled.jpg","wps_subtitle":"Fiestas populares","jetpack_sharing_enabled":true,"_links":{"self":[{"href":"https:\/\/www.hoymercedes.com.ar\/principal\/wp-json\/wp\/v2\/posts\/181204","targetHints":{"allow":["GET"]}}],"collection":[{"href":"https:\/\/www.hoymercedes.com.ar\/principal\/wp-json\/wp\/v2\/posts"}],"about":[{"href":"https:\/\/www.hoymercedes.com.ar\/principal\/wp-json\/wp\/v2\/types\/post"}],"author":[{"embeddable":true,"href":"https:\/\/www.hoymercedes.com.ar\/principal\/wp-json\/wp\/v2\/users\/1"}],"replies":[{"embeddable":true,"href":"https:\/\/www.hoymercedes.com.ar\/principal\/wp-json\/wp\/v2\/comments?post=181204"}],"version-history":[{"count":0,"href":"https:\/\/www.hoymercedes.com.ar\/principal\/wp-json\/wp\/v2\/posts\/181204\/revisions"}],"wp:featuredmedia":[{"embeddable":true,"href":"https:\/\/www.hoymercedes.com.ar\/principal\/wp-json\/wp\/v2\/media\/181205"}],"wp:attachment":[{"href":"https:\/\/www.hoymercedes.com.ar\/principal\/wp-json\/wp\/v2\/media?parent=181204"}],"wp:term":[{"taxonomy":"category","embeddable":true,"href":"https:\/\/www.hoymercedes.com.ar\/principal\/wp-json\/wp\/v2\/categories?post=181204"},{"taxonomy":"post_tag","embeddable":true,"href":"https:\/\/www.hoymercedes.com.ar\/principal\/wp-json\/wp\/v2\/tags?post=181204"}],"curies":[{"name":"wp","href":"https:\/\/api.w.org\/{rel}","templated":true}]}}