{"id":181268,"date":"2024-12-17T01:01:36","date_gmt":"2024-12-17T04:01:36","guid":{"rendered":"https:\/\/www.hoymercedes.com.ar\/principal\/?p=181268"},"modified":"2024-12-17T01:01:39","modified_gmt":"2024-12-17T04:01:39","slug":"elevan-nota-de-queja-por-el-servicio-de-atlantida-57","status":"publish","type":"post","link":"https:\/\/www.hoymercedes.com.ar\/principal\/2024\/12\/17\/elevan-nota-de-queja-por-el-servicio-de-atlantida-57\/","title":{"rendered":"Elevan nota de queja por el servicio de Atl\u00e1ntida 57"},"content":{"rendered":"\n<p>Un grupo de vecinos de la ciudad de Luj\u00e1n tom\u00f3 la iniciativa y gener\u00f3 un proceso de reclamo ante la Secretar\u00eda de Transporte por los constantes incumplimientos de la l\u00ednea 57 Atl\u00e1ntida en horarios y frecuencias para los viajes.<\/p>\n\n\n\n<p>Si bien el gobierno de Milei desregul\u00f3 por completo el transporte, a punto que cualquiera puede ser taxi, tener colectivo o combi, se gener\u00f3 este intento de que el Estado intervenga y act\u00fae ante la vulnerabilidad de los usuarios.<\/p>\n\n\n\n<p>Ahora los pasajeros denunciaron modificaciones en el recorrido Mercedes-Moreno que part\u00eda a las 6.25 y pasaba por nuestra ciudad una hora y cinco minutos despu\u00e9s. \u201cDesde hace 45 d\u00edas aproximadamente lo unificaron con el servicio Mercedes-Palermo. Esto no s\u00f3lo increment\u00f3 el caudal de gente, sino que adem\u00e1s trasladaron el horario de salida 10 minutos -el cual no se cumple-, lo que implica que todos los pasajeros que tomamos el servicio para concurrir a nuestros trabajos, universidades, m\u00e9dicos, etc., resultemos perjudicados por el deficiente servicio prestado a los usuarios\u201d <a href=\"https:\/\/www.elcivismo.com.ar\/notas\/55073\/llevan-quejas-contra-la-linea-57-a-la-secretaria-de-transporte.html\" target=\"_blank\" rel=\"noopener\">expresaron los usuarios ante el Bisemanario El Civismo en su edici\u00f3n digital.<\/a><\/p>\n\n\n\n<p>La situaci\u00f3n&nbsp; es sumamente delicada y claramente desde el gobierno de Milei y Juntos, para los usuarios, ha empeorado en todos los servicios de todas las empresas de transporte.<\/p>\n","protected":false},"excerpt":{"rendered":"<p>Un grupo de vecinos de la ciudad de Luj\u00e1n tom\u00f3 la iniciativa y gener\u00f3 un proceso de reclamo ante la &#8230; <a title=\"Elevan nota de queja por el servicio de Atl\u00e1ntida 57\" class=\"read-more\" href=\"https:\/\/www.hoymercedes.com.ar\/principal\/2024\/12\/17\/elevan-nota-de-queja-por-el-servicio-de-atlantida-57\/\" aria-label=\"Leer m\u00e1s sobre Elevan nota de queja por el servicio de Atl\u00e1ntida 57\">Leer m\u00e1s<\/a><\/p>\n","protected":false},"author":1,"featured_media":178282,"comment_status":"closed","ping_status":"open","sticky":false,"template":"","format":"standard","meta":{"_monsterinsights_skip_tracking":false,"_monsterinsights_sitenote_active":false,"_monsterinsights_sitenote_note":"","_monsterinsights_sitenote_category":0,"jetpack_post_was_ever_published":false,"_jetpack_newsletter_access":"","_jetpack_dont_email_post_to_subs":false,"_jetpack_newsletter_tier_id":0,"_jetpack_memberships_contains_paywalled_content":false,"_jetpack_memberships_contains_paid_content":false,"footnotes":"","jetpack_publicize_message":"","jetpack_publicize_feature_enabled":true,"jetpack_social_post_already_shared":true,"jetpack_social_options":{"image_generator_settings":{"template":"highway","default_image_id":0,"font":"","enabled":false},"version":2},"_wpas_customize_per_network":false},"categories":[8],"tags":[],"class_list":["post-181268","post","type-post","status-publish","format-standard","has-post-thumbnail","hentry","category-sociedad","generate-columns","tablet-grid-50","mobile-grid-100","grid-parent","grid-50"],"jetpack_publicize_connections":[],"jetpack_featured_media_url":"https:\/\/www.hoymercedes.com.ar\/principal\/wp-content\/uploads\/2024\/08\/57-Atlantida.jpg","wps_subtitle":"Preocupante","jetpack_sharing_enabled":true,"_links":{"self":[{"href":"https:\/\/www.hoymercedes.com.ar\/principal\/wp-json\/wp\/v2\/posts\/181268","targetHints":{"allow":["GET"]}}],"collection":[{"href":"https:\/\/www.hoymercedes.com.ar\/principal\/wp-json\/wp\/v2\/posts"}],"about":[{"href":"https:\/\/www.hoymercedes.com.ar\/principal\/wp-json\/wp\/v2\/types\/post"}],"author":[{"embeddable":true,"href":"https:\/\/www.hoymercedes.com.ar\/principal\/wp-json\/wp\/v2\/users\/1"}],"replies":[{"embeddable":true,"href":"https:\/\/www.hoymercedes.com.ar\/principal\/wp-json\/wp\/v2\/comments?post=181268"}],"version-history":[{"count":0,"href":"https:\/\/www.hoymercedes.com.ar\/principal\/wp-json\/wp\/v2\/posts\/181268\/revisions"}],"wp:featuredmedia":[{"embeddable":true,"href":"https:\/\/www.hoymercedes.com.ar\/principal\/wp-json\/wp\/v2\/media\/178282"}],"wp:attachment":[{"href":"https:\/\/www.hoymercedes.com.ar\/principal\/wp-json\/wp\/v2\/media?parent=181268"}],"wp:term":[{"taxonomy":"category","embeddable":true,"href":"https:\/\/www.hoymercedes.com.ar\/principal\/wp-json\/wp\/v2\/categories?post=181268"},{"taxonomy":"post_tag","embeddable":true,"href":"https:\/\/www.hoymercedes.com.ar\/principal\/wp-json\/wp\/v2\/tags?post=181268"}],"curies":[{"name":"wp","href":"https:\/\/api.w.org\/{rel}","templated":true}]}}