{"id":18127,"date":"2012-11-23T03:30:16","date_gmt":"2012-11-23T03:30:16","guid":{"rendered":"http:\/\/www.hoymercedes.com.ar\/principal\/?p=18127"},"modified":"2012-11-23T03:31:20","modified_gmt":"2012-11-23T03:31:20","slug":"benitez-se-corre-el-riesgo-de-haber-sido-una-simple-reunion-donde-los-vecinos-expresaron-su-opinion-y-no-cambio-nada","status":"publish","type":"post","link":"https:\/\/www.hoymercedes.com.ar\/principal\/2012\/11\/23\/benitez-se-corre-el-riesgo-de-haber-sido-una-simple-reunion-donde-los-vecinos-expresaron-su-opinion-y-no-cambio-nada\/","title":{"rendered":"Ben\u00edtez: \u00abSe corre el riesgo de haber sido una simple reuni\u00f3n donde los vecinos expresaron su opini\u00f3n y no cambi\u00f3 nada\u00bb"},"content":{"rendered":"<figure id=\"attachment_18129\" aria-describedby=\"caption-attachment-18129\" style=\"width: 608px\" class=\"wp-caption aligncenter\"><a href=\"https:\/\/www.hoymercedes.com.ar\/principal\/wp-content\/uploads\/2012\/11\/BenitezJuanCarlos-UnionProMercedes.jpg\"><img loading=\"lazy\" decoding=\"async\" data-attachment-id=\"18129\" data-permalink=\"https:\/\/www.hoymercedes.com.ar\/principal\/2012\/11\/23\/benitez-se-corre-el-riesgo-de-haber-sido-una-simple-reunion-donde-los-vecinos-expresaron-su-opinion-y-no-cambio-nada\/sanyo-digital-camera-12\/#main\" data-orig-file=\"https:\/\/www.hoymercedes.com.ar\/principal\/wp-content\/uploads\/2012\/11\/BenitezJuanCarlos-UnionProMercedes.jpg\" data-orig-size=\"618,223\" data-comments-opened=\"1\" data-image-meta=\"{&quot;aperture&quot;:&quot;2.8&quot;,&quot;credit&quot;:&quot;&quot;,&quot;camera&quot;:&quot;S770&quot;,&quot;caption&quot;:&quot;&quot;,&quot;created_timestamp&quot;:&quot;1200094364&quot;,&quot;copyright&quot;:&quot;&quot;,&quot;focal_length&quot;:&quot;5.8&quot;,&quot;iso&quot;:&quot;200&quot;,&quot;shutter_speed&quot;:&quot;0.025&quot;,&quot;title&quot;:&quot;SANYO DIGITAL CAMERA&quot;}\" data-image-title=\"Juan Carlos Benitez\" data-image-description=\"&lt;p&gt;Juan Carlos Benitez&lt;\/p&gt;\n\" data-image-caption=\"&lt;p&gt;Juan Carlos Benitez&lt;\/p&gt;\n\" data-large-file=\"https:\/\/www.hoymercedes.com.ar\/principal\/wp-content\/uploads\/2012\/11\/BenitezJuanCarlos-UnionProMercedes.jpg\" class=\"size-full wp-image-18129\" title=\"Juan Carlos Benitez\" src=\"https:\/\/www.hoymercedes.com.ar\/principal\/wp-content\/uploads\/2012\/11\/BenitezJuanCarlos-UnionProMercedes.jpg\" alt=\"Juan Carlos Benitez\" width=\"618\" height=\"223\" \/><\/a><figcaption id=\"caption-attachment-18129\" class=\"wp-caption-text\">Juan Carlos Benitez<\/figcaption><\/figure>\n<p>Luego de dos semanas de la Audiencia P\u00fablica por la Seguridad en nuestra ciudad acudimos a uno de los espacios organizadores para llevar a cabo una evaluaci\u00f3n de lo debatido, lo presentado y lo que qued\u00f3 pensando en si lograr\u00e1n instrumentar alguna medida de las planteadas o todo quedar\u00e1 en el aire sin materializarse. Los riesgos, las principales medidas y el pensamiento a trav\u00e9s del tiempo de un hecho social de importancia.<\/p>\n<p>Juan Carlos Ben\u00edtez reflexiona en torno de las cuestiones que le presentan una postura optimista y otra que los deja en estado de alerta. Sostiene:<em> \u201cPrimero, ha ocurrido que la gente se ha podido expresar y ha habido propuestas, alguna de ellas se podr\u00edan llevar adelante para mejorar el sistema de seguridad de Mercedes. Una de ella surge de nuestro bloque que es establecer un \u00e1rea exclusiva para control urbano municipal sacando de all\u00ed a la polic\u00eda para mandarla a lugares m\u00e1s distantes y as\u00ed cubrir m\u00e1s la ciudad. Nuestra propuesta es en tener las 24hs personal de control urbano cubriendo el \u00e1rea perimetral de calles 29, 17, 30 y 16. L\u00f3gicamente que exigir\u00e1 mayor presupuesto, un aumento de alg\u00fan rubro, mayor personal. Otro trabajo importante fue el de la consejera escolar M\u00f3nica Brown que realiz\u00f3 un mapa del delito en el \u00e1mbito escolar. Cu\u00e1ntas veces fueron las escuelas asaltadas, violentadas, etc. Tambi\u00e9n hubo propuestas sobre las denominadas inteligencias pasivas previniendo. Fundamentalmente estas situaciones derivadas del plano operativo. Sabemos hay otras cuestiones que pasan por la parte pol\u00edtica que estar\u00eda ligado al presupuesto, pero, la gran responsabilidad de lo operativo pasa por lo pol\u00edtico que define conducciones, jefaturas, etc. Por otra parte, algo contradictorio, que es el rechazo que se vive a la polic\u00eda, donde ponen la vida por la ciudadan\u00eda, se lo achacamos al poder pol\u00edtico tambi\u00e9n. Los excesos, la brutalidad, la corrupci\u00f3n, que ha tenido la fuerza policial es responsabilidad directa del poder pol\u00edtico porque es la que deb<\/em>e capacitar, elegir y si se va a lugares err\u00f3neos el error es de qui\u00e9n designa, denomina\u201d<\/p>\n<p>Pasados los d\u00edas se trata de una cuesti\u00f3n elemental efectuar un balance de los elementos propuestos, las reflexiones ya alejadas de la vor\u00e1gine y el pensamiento en una de las \u00e1reas que m\u00e1s sensibiliza a la poblaci\u00f3n: la seguridad. Respecto a la posibilidad de lograr instrumentar las propuestas el edil sostuvo que: <em>\u201cLa asamblea no tiene un poder ejecutivo y ah\u00ed nosotros ingresamos trasladando las propuestas. Somos concejales y estamos en condiciones de influir no s\u00f3lo en el orden del departamento Ejecutivo sino en el orden legislativo a fin de que haya, por ejemplo, mayor presupuesto para implementar medidas como la por nosotros propuesta\u201d.<\/em><\/p>\n<p>Uno de los grandes interrogantes es qu\u00e9 pasar\u00e1, si se avanzar\u00e1 o no ante el riesgo latente de que sea un gran: \u201ccomo si\u201d, un desahogo general, pero, sin impacto social. Al respecto Ben\u00edtez sostuvo: <em>\u201cSi, por supuesto, es factible, se corre el riesgo de haber sido una simple reuni\u00f3n donde los vecinos expresaron su opini\u00f3n y no cambi\u00f3 nada. Si a partir de ahora no intentamos hacer algo para sostener lo que se dijo en la asamblea corremos el riesgo de que no pase nada. No tengo dudas. Lo que tenemos es la fuerza y el convencimiento necesario para que se tuerza esa situaci\u00f3n y llevar adelante las diversas inquietudes\u201d.<\/em><\/p>\n<p>Por \u00faltimo mostr\u00f3 su satisfacci\u00f3n por lo vivido y no descarta la idea de que se convierta en algo m\u00e1s frecuente el hecho de reunirse y dialogar sobre el tema: <em>\u201cojal\u00e1 se convierta en algo regular y ojal\u00e1 no lo hagamos nosotros. Por ejemplo el foro de seguridad hoy cuestionado. Entiendo la buena voluntad de sus integrantes, pero, debemos pensar m\u00e1s. Yo propuse que se convierta en una suerte de auditor externo de la Polic\u00eda Comunal. No de la regional ni nada as\u00ed, pero, si de la comunal. Tambi\u00e9n del \u00e1rea de Control Urbano municipal, porqu\u00e9 no, puede poseer caracter\u00edsticas diferentes a las que viene teniendo. Creo ser\u00eda muy bueno que el Foro estableciera pautas de convocatorias aqu\u00ed en el Concejo Deliberante, en los clubes, en las asociaciones comunales, ser\u00eda interesante\u201d<\/em><\/p>\n<p>&nbsp;<\/p>\n","protected":false},"excerpt":{"rendered":"<p>Luego de dos semanas de la Audiencia P\u00fablica por la Seguridad en nuestra ciudad acudimos a uno de los espacios &#8230; <a title=\"Ben\u00edtez: \u00abSe corre el riesgo de haber sido una simple reuni\u00f3n donde los vecinos expresaron su opini\u00f3n y no cambi\u00f3 nada\u00bb\" class=\"read-more\" href=\"https:\/\/www.hoymercedes.com.ar\/principal\/2012\/11\/23\/benitez-se-corre-el-riesgo-de-haber-sido-una-simple-reunion-donde-los-vecinos-expresaron-su-opinion-y-no-cambio-nada\/\" aria-label=\"Leer m\u00e1s sobre Ben\u00edtez: \u00abSe corre el riesgo de haber sido una simple reuni\u00f3n donde los vecinos expresaron su opini\u00f3n y no cambi\u00f3 nada\u00bb\">Leer m\u00e1s<\/a><\/p>\n","protected":false},"author":1,"featured_media":0,"comment_status":"open","ping_status":"open","sticky":false,"template":"","format":"standard","meta":{"_monsterinsights_skip_tracking":false,"_monsterinsights_sitenote_active":false,"_monsterinsights_sitenote_note":"","_monsterinsights_sitenote_category":0,"jetpack_post_was_ever_published":false,"_jetpack_newsletter_access":"","_jetpack_dont_email_post_to_subs":false,"_jetpack_newsletter_tier_id":0,"_jetpack_memberships_contains_paywalled_content":false,"_jetpack_memberships_contains_paid_content":false,"footnotes":"","jetpack_publicize_message":"","jetpack_publicize_feature_enabled":true,"jetpack_social_post_already_shared":false,"jetpack_social_options":{"image_generator_settings":{"template":"highway","default_image_id":0,"font":"","enabled":false},"version":2},"_wpas_customize_per_network":false},"categories":[5],"tags":[],"class_list":["post-18127","post","type-post","status-publish","format-standard","hentry","category-politica","generate-columns","tablet-grid-50","mobile-grid-100","grid-parent","grid-50"],"jetpack_publicize_connections":[],"jetpack_featured_media_url":"","wps_subtitle":"","jetpack_sharing_enabled":true,"_links":{"self":[{"href":"https:\/\/www.hoymercedes.com.ar\/principal\/wp-json\/wp\/v2\/posts\/18127","targetHints":{"allow":["GET"]}}],"collection":[{"href":"https:\/\/www.hoymercedes.com.ar\/principal\/wp-json\/wp\/v2\/posts"}],"about":[{"href":"https:\/\/www.hoymercedes.com.ar\/principal\/wp-json\/wp\/v2\/types\/post"}],"author":[{"embeddable":true,"href":"https:\/\/www.hoymercedes.com.ar\/principal\/wp-json\/wp\/v2\/users\/1"}],"replies":[{"embeddable":true,"href":"https:\/\/www.hoymercedes.com.ar\/principal\/wp-json\/wp\/v2\/comments?post=18127"}],"version-history":[{"count":0,"href":"https:\/\/www.hoymercedes.com.ar\/principal\/wp-json\/wp\/v2\/posts\/18127\/revisions"}],"wp:attachment":[{"href":"https:\/\/www.hoymercedes.com.ar\/principal\/wp-json\/wp\/v2\/media?parent=18127"}],"wp:term":[{"taxonomy":"category","embeddable":true,"href":"https:\/\/www.hoymercedes.com.ar\/principal\/wp-json\/wp\/v2\/categories?post=18127"},{"taxonomy":"post_tag","embeddable":true,"href":"https:\/\/www.hoymercedes.com.ar\/principal\/wp-json\/wp\/v2\/tags?post=18127"}],"curies":[{"name":"wp","href":"https:\/\/api.w.org\/{rel}","templated":true}]}}