{"id":181291,"date":"2024-12-17T20:21:16","date_gmt":"2024-12-17T23:21:16","guid":{"rendered":"https:\/\/www.hoymercedes.com.ar\/principal\/?p=181291"},"modified":"2024-12-17T20:24:23","modified_gmt":"2024-12-17T23:24:23","slug":"reconocimiento-a-fernando-lubo","status":"publish","type":"post","link":"https:\/\/www.hoymercedes.com.ar\/principal\/2024\/12\/17\/reconocimiento-a-fernando-lubo\/","title":{"rendered":"Reconocimiento a Fernando Lubo"},"content":{"rendered":"\n<p>Desde Mercedes SADE Internacional informaron que d\u00edas atr\u00e1s entregaron un destacado reconocimiento tal como la Plaqueta de Honor \u00abJos\u00e9 Hern\u00e1ndez\u00bb, al Ingeniero y Educador Fernando Lubo. Destacado en la ciudad como pionero, fundador y m\u00e1xima autoridad del Cine Club Mercedes, Lubo fue el centro del brindis de la instituci\u00f3n literaria. <\/p>\n\n\n<div class=\"wp-block-image\">\n<figure class=\"alignleft size-full is-resized\"><img loading=\"lazy\" decoding=\"async\" width=\"899\" height=\"599\" data-attachment-id=\"181292\" data-permalink=\"https:\/\/www.hoymercedes.com.ar\/principal\/2024\/12\/17\/reconocimiento-a-fernando-lubo\/lubo-2\/#main\" data-orig-file=\"https:\/\/www.hoymercedes.com.ar\/principal\/wp-content\/uploads\/2024\/12\/lubo-2.jpg\" data-orig-size=\"899,599\" data-comments-opened=\"0\" data-image-meta=\"{&quot;aperture&quot;:&quot;0&quot;,&quot;credit&quot;:&quot;&quot;,&quot;camera&quot;:&quot;&quot;,&quot;caption&quot;:&quot;&quot;,&quot;created_timestamp&quot;:&quot;0&quot;,&quot;copyright&quot;:&quot;&quot;,&quot;focal_length&quot;:&quot;0&quot;,&quot;iso&quot;:&quot;0&quot;,&quot;shutter_speed&quot;:&quot;0&quot;,&quot;title&quot;:&quot;&quot;,&quot;orientation&quot;:&quot;0&quot;}\" data-image-title=\"lubo 2\" data-image-description=\"\" data-image-caption=\"\" data-large-file=\"https:\/\/www.hoymercedes.com.ar\/principal\/wp-content\/uploads\/2024\/12\/lubo-2.jpg\" src=\"https:\/\/www.hoymercedes.com.ar\/principal\/wp-content\/uploads\/2024\/12\/lubo-2.jpg\" alt=\"\" class=\"wp-image-181292\" style=\"width:268px;height:auto\" srcset=\"https:\/\/www.hoymercedes.com.ar\/principal\/wp-content\/uploads\/2024\/12\/lubo-2.jpg 899w, https:\/\/www.hoymercedes.com.ar\/principal\/wp-content\/uploads\/2024\/12\/lubo-2-630x420.jpg 630w, https:\/\/www.hoymercedes.com.ar\/principal\/wp-content\/uploads\/2024\/12\/lubo-2-150x100.jpg 150w, https:\/\/www.hoymercedes.com.ar\/principal\/wp-content\/uploads\/2024\/12\/lubo-2-700x465.jpg 700w\" sizes=\"auto, (max-width: 899px) 100vw, 899px\" \/><\/figure>\n<\/div>\n\n\n<p>En nombre de Mercedes SADE Internacional estuvieron presentes el cineasta y profesor\u00a0 Dr. Jorge Citrangolo Casal, junto a la presidente de la entidad, Patricia Franco, su vicepresidente\u00a0Juan Manuel Bories Maxwell y\u00a0a la responables de cultura institucional Mar\u00eda Amelia Dinova Castro. <\/p>\n\n\n\n<p>Tambi\u00e9n estuvieron presentes Mart\u00edn Acu\u00f1a y Jorge Etchegoyen de Gral Rodr\u00edguez, Noem\u00ed Galarraga de La Plata, Fabiana Riveira de Villa Constituci\u00f3n (Santa Fe), Rodolfo Gonz\u00e1lez y\u00a0Dr. Carlos Benavidez de CABA, Luj\u00e1n D\u00edaz de Z\u00e1rate, y \u00c1ngel Mario Maldonado de C\u00e1rmen de Areco.<\/p>\n\n\n<div class=\"wp-block-image\">\n<figure class=\"aligncenter size-full\"><img loading=\"lazy\" decoding=\"async\" width=\"800\" height=\"534\" data-attachment-id=\"181293\" data-permalink=\"https:\/\/www.hoymercedes.com.ar\/principal\/2024\/12\/17\/reconocimiento-a-fernando-lubo\/whatsapp-image-2024-12-15-at-09-14-31\/#main\" data-orig-file=\"https:\/\/www.hoymercedes.com.ar\/principal\/wp-content\/uploads\/2024\/12\/WhatsApp-Image-2024-12-15-at-09.14.31.jpg\" data-orig-size=\"800,534\" data-comments-opened=\"0\" data-image-meta=\"{&quot;aperture&quot;:&quot;0&quot;,&quot;credit&quot;:&quot;&quot;,&quot;camera&quot;:&quot;&quot;,&quot;caption&quot;:&quot;&quot;,&quot;created_timestamp&quot;:&quot;0&quot;,&quot;copyright&quot;:&quot;&quot;,&quot;focal_length&quot;:&quot;0&quot;,&quot;iso&quot;:&quot;0&quot;,&quot;shutter_speed&quot;:&quot;0&quot;,&quot;title&quot;:&quot;&quot;,&quot;orientation&quot;:&quot;0&quot;}\" data-image-title=\"WhatsApp Image 2024-12-15 at 09.14.31\" data-image-description=\"\" data-image-caption=\"\" data-large-file=\"https:\/\/www.hoymercedes.com.ar\/principal\/wp-content\/uploads\/2024\/12\/WhatsApp-Image-2024-12-15-at-09.14.31.jpg\" src=\"https:\/\/www.hoymercedes.com.ar\/principal\/wp-content\/uploads\/2024\/12\/WhatsApp-Image-2024-12-15-at-09.14.31.jpg\" alt=\"\" class=\"wp-image-181293\" srcset=\"https:\/\/www.hoymercedes.com.ar\/principal\/wp-content\/uploads\/2024\/12\/WhatsApp-Image-2024-12-15-at-09.14.31.jpg 800w, https:\/\/www.hoymercedes.com.ar\/principal\/wp-content\/uploads\/2024\/12\/WhatsApp-Image-2024-12-15-at-09.14.31-630x421.jpg 630w, https:\/\/www.hoymercedes.com.ar\/principal\/wp-content\/uploads\/2024\/12\/WhatsApp-Image-2024-12-15-at-09.14.31-150x100.jpg 150w\" sizes=\"auto, (max-width: 800px) 100vw, 800px\" \/><\/figure>\n<\/div>\n\n\n<p><br><\/p>\n","protected":false},"excerpt":{"rendered":"<p>Desde Mercedes SADE Internacional informaron que d\u00edas atr\u00e1s entregaron un destacado reconocimiento tal como la Plaqueta de Honor \u00abJos\u00e9 Hern\u00e1ndez\u00bb, &#8230; <a title=\"Reconocimiento a Fernando Lubo\" class=\"read-more\" href=\"https:\/\/www.hoymercedes.com.ar\/principal\/2024\/12\/17\/reconocimiento-a-fernando-lubo\/\" aria-label=\"Leer m\u00e1s sobre Reconocimiento a Fernando Lubo\">Leer m\u00e1s<\/a><\/p>\n","protected":false},"author":1,"featured_media":181293,"comment_status":"closed","ping_status":"open","sticky":false,"template":"","format":"standard","meta":{"_monsterinsights_skip_tracking":false,"_monsterinsights_sitenote_active":false,"_monsterinsights_sitenote_note":"","_monsterinsights_sitenote_category":0,"jetpack_post_was_ever_published":false,"_jetpack_newsletter_access":"","_jetpack_dont_email_post_to_subs":false,"_jetpack_newsletter_tier_id":0,"_jetpack_memberships_contains_paywalled_content":false,"_jetpack_memberships_contains_paid_content":false,"footnotes":"","jetpack_publicize_message":"","jetpack_publicize_feature_enabled":true,"jetpack_social_post_already_shared":true,"jetpack_social_options":{"image_generator_settings":{"template":"highway","default_image_id":0,"font":"","enabled":false},"version":2},"_wpas_customize_per_network":false},"categories":[8],"tags":[],"class_list":["post-181291","post","type-post","status-publish","format-standard","has-post-thumbnail","hentry","category-sociedad","generate-columns","tablet-grid-50","mobile-grid-100","grid-parent","grid-50"],"jetpack_publicize_connections":[],"jetpack_featured_media_url":"https:\/\/www.hoymercedes.com.ar\/principal\/wp-content\/uploads\/2024\/12\/WhatsApp-Image-2024-12-15-at-09.14.31.jpg","wps_subtitle":"","jetpack_sharing_enabled":true,"_links":{"self":[{"href":"https:\/\/www.hoymercedes.com.ar\/principal\/wp-json\/wp\/v2\/posts\/181291","targetHints":{"allow":["GET"]}}],"collection":[{"href":"https:\/\/www.hoymercedes.com.ar\/principal\/wp-json\/wp\/v2\/posts"}],"about":[{"href":"https:\/\/www.hoymercedes.com.ar\/principal\/wp-json\/wp\/v2\/types\/post"}],"author":[{"embeddable":true,"href":"https:\/\/www.hoymercedes.com.ar\/principal\/wp-json\/wp\/v2\/users\/1"}],"replies":[{"embeddable":true,"href":"https:\/\/www.hoymercedes.com.ar\/principal\/wp-json\/wp\/v2\/comments?post=181291"}],"version-history":[{"count":0,"href":"https:\/\/www.hoymercedes.com.ar\/principal\/wp-json\/wp\/v2\/posts\/181291\/revisions"}],"wp:featuredmedia":[{"embeddable":true,"href":"https:\/\/www.hoymercedes.com.ar\/principal\/wp-json\/wp\/v2\/media\/181293"}],"wp:attachment":[{"href":"https:\/\/www.hoymercedes.com.ar\/principal\/wp-json\/wp\/v2\/media?parent=181291"}],"wp:term":[{"taxonomy":"category","embeddable":true,"href":"https:\/\/www.hoymercedes.com.ar\/principal\/wp-json\/wp\/v2\/categories?post=181291"},{"taxonomy":"post_tag","embeddable":true,"href":"https:\/\/www.hoymercedes.com.ar\/principal\/wp-json\/wp\/v2\/tags?post=181291"}],"curies":[{"name":"wp","href":"https:\/\/api.w.org\/{rel}","templated":true}]}}