{"id":181304,"date":"2024-12-17T23:53:15","date_gmt":"2024-12-18T02:53:15","guid":{"rendered":"https:\/\/www.hoymercedes.com.ar\/principal\/?p=181304"},"modified":"2024-12-17T23:53:17","modified_gmt":"2024-12-18T02:53:17","slug":"soldado-de-mercedes-pierde-la-vida-en-combate-en-la-guerra-de-ucrania","status":"publish","type":"post","link":"https:\/\/www.hoymercedes.com.ar\/principal\/2024\/12\/17\/soldado-de-mercedes-pierde-la-vida-en-combate-en-la-guerra-de-ucrania\/","title":{"rendered":"Soldado de Mercedes pierde la vida en combate en la guerra de Ucrania"},"content":{"rendered":"\n<figure class=\"wp-block-image size-full is-resized\"><img loading=\"lazy\" decoding=\"async\" width=\"535\" height=\"644\" data-attachment-id=\"181307\" data-permalink=\"https:\/\/www.hoymercedes.com.ar\/principal\/2024\/12\/17\/soldado-de-mercedes-pierde-la-vida-en-combate-en-la-guerra-de-ucrania\/nicolas-gioscio-soldadomercedino-2\/#main\" data-orig-file=\"https:\/\/www.hoymercedes.com.ar\/principal\/wp-content\/uploads\/2024\/12\/Nicolas.Gioscio.SoldadoMercedino-1.jpg\" data-orig-size=\"535,644\" data-comments-opened=\"0\" data-image-meta=\"{&quot;aperture&quot;:&quot;0&quot;,&quot;credit&quot;:&quot;&quot;,&quot;camera&quot;:&quot;&quot;,&quot;caption&quot;:&quot;&quot;,&quot;created_timestamp&quot;:&quot;0&quot;,&quot;copyright&quot;:&quot;&quot;,&quot;focal_length&quot;:&quot;0&quot;,&quot;iso&quot;:&quot;0&quot;,&quot;shutter_speed&quot;:&quot;0&quot;,&quot;title&quot;:&quot;&quot;,&quot;orientation&quot;:&quot;1&quot;}\" data-image-title=\"Nicolas.Gioscio.SoldadoMercedino\" data-image-description=\"&lt;p&gt;Soldado de Mercedes pierde la vida en combate en la guerra de Ucrania&lt;\/p&gt;\n\" data-image-caption=\"&lt;p&gt;Soldado de Mercedes pierde la vida en combate en la guerra de Ucrania&lt;\/p&gt;\n\" data-large-file=\"https:\/\/www.hoymercedes.com.ar\/principal\/wp-content\/uploads\/2024\/12\/Nicolas.Gioscio.SoldadoMercedino-1.jpg\" src=\"https:\/\/www.hoymercedes.com.ar\/principal\/wp-content\/uploads\/2024\/12\/Nicolas.Gioscio.SoldadoMercedino-1.jpg\" alt=\"Soldado de Mercedes pierde la vida en combate en la guerra de Ucrania\" class=\"wp-image-181307\" style=\"width:960px;height:auto\" srcset=\"https:\/\/www.hoymercedes.com.ar\/principal\/wp-content\/uploads\/2024\/12\/Nicolas.Gioscio.SoldadoMercedino-1.jpg 535w, https:\/\/www.hoymercedes.com.ar\/principal\/wp-content\/uploads\/2024\/12\/Nicolas.Gioscio.SoldadoMercedino-1-515x620.jpg 515w, https:\/\/www.hoymercedes.com.ar\/principal\/wp-content\/uploads\/2024\/12\/Nicolas.Gioscio.SoldadoMercedino-1-125x150.jpg 125w\" sizes=\"auto, (max-width: 535px) 100vw, 535px\" \/><figcaption class=\"wp-element-caption\">Soldado de Mercedes pierde la vida en combate en la guerra de Ucrania<\/figcaption><\/figure>\n\n\n\n<p>Se trata del soldado <strong>Nicol\u00e1s Gioscio<\/strong>, quien estaba en el frente de batalla de la guerra que se est\u00e1 desarrollando entre Ucrania y Rusia. La triste noticia fue confirmada por su propia familia. Los restos del mercedino a\u00fan est\u00e1n en el viejo continente y se supo que sali\u00f3 de zona segura y la de combate donde habr\u00eda sido alcanzado por un ataque de drones en la zona de Donetsk.<\/p>\n\n\n\n<p>Su madre, la <strong>reconocida profesora M\u00f3nica Brown<\/strong>, escribi\u00f3 al respecto: <\/p>\n\n\n\n<p><em>Ante tantas personas que se acercaron dolidas, tristes, asombradas, interesadas en saber qu\u00e9 pas\u00f3 con Nicol\u00e1s quien participaba, como soldado del ej\u00e9rcito ucraniano, de la guerra con Ruso-ucraniana, he decidido escribir estas l\u00edneas esperando poder responder todos los interrogantes, y generando otros nuevos que s\u00f3lo el tiempo aclarar\u00e1.<\/em><\/p>\n\n\n\n<p><em>Finalmente he podido cerrar el cap\u00edtulo final de la historia de mi hijo, Virgilio Nicol\u00e1s Gioscio. S\u00ed, lamentablemente muri\u00f3 en combate en Ucrania, en el ataque masivo de drones rusos sobre Kerny, territorio de Donetsk, del d\u00eda lunes 25 de noviembre a las 8 horas (dos de la ma\u00f1ana en Argentina). Esta informaci\u00f3n, obtenida a trav\u00e9s de conocidos en Europa con contactos dentro del ej\u00e9rcito ucraniano, si bien no es \u201coficial\u201d del gobierno, calma la ansiedad de la familia respecto del cu\u00e1ndo, d\u00f3nde y c\u00f3mo sucedi\u00f3.<\/em><\/p>\n\n\n\n<p><em>Saberlo me motiva a escribir estas l\u00edneas destinada a todos aquellos (familiares, amigos, vecinos, conocidos, compa\u00f1eros de la promo, compa\u00f1eros de trabajo, alumnos, tanto m\u00edos como de mis hermanas, mi marido, y especialmente de mi hijo) que se mostraron preocupados el pasado mi\u00e9rcoles 4 de diciembre cuando nos enteramos de la triste noticia a trav\u00e9s de sus dos \u201chermanos\u201d soldados en Ucrania, ambos argentinos y que a\u00fan contin\u00faan all\u00e1 en posici\u00f3n de combate, cuyos apodos de guerra son Turu y Lobo (el de Nico era \u201cpulpo\u201d, como mi pap\u00e1). El dolor inmediato de la familia provoc\u00f3 la propagaci\u00f3n de la triste noticia y el intento de frenar su expansi\u00f3n especialmente por mis dos nietos, hijos de Nico, a los cuales decidimos no informarles hasta tanto estar seguros de su deceso.<\/em><\/p>\n\n\n\n<p><em>Agradezco infinitamente a todos los periodistas y a los distintos medios por haberse comunicado conmigo por privado entendiendo esta sensible situaci\u00f3n.<\/em><\/p>\n\n\n\n<p><em>Les cuento que Nicol\u00e1s estaba en \u201cmisi\u00f3n de guerra\u201d en el frente, en la zona de Donetsk, desde el 30 de septiembre. \u00bfQu\u00e9 significa esto? Que hab\u00eda dejado su posici\u00f3n en zona segura (un pueblito rural devastado por los ataques rusos con drones y por lo tanto olvidado por ellos, a 15 km de la frontera rusa) para ser destinado en la zona caliente de combate, seg\u00fan \u00e9l durante diez d\u00edas, per\u00edodo en el cual no estar\u00eda en comunicaci\u00f3n ni con sus compa\u00f1eros de grupo y menos conmigo. Sin embargo, llevaba ya dos meses en el frente y no regresaba. Turu y Lobo me manten\u00edan informaba de las novedades que a ellos les llevaba su sargento. Noticias bastante m\u00ednimas por cierto: \u201cPulpo est\u00e1 en posici\u00f3n pero bien\u201d, \u201cest\u00e1 esperando a ser evacuado\u201d, \u201clo hemos escuchado por la radio\u201d, hasta recib\u00ed el audio de un operador -con acento colombiano- que informa de una acci\u00f3n heroica por parte de pulpo, en la cual tuvo una acci\u00f3n destacada a mediados de noviembre, aunque no sabemos con exactitud cual fue. Sinceramente, all\u00ed yo pens\u00e9 \u201csonamos, no vuelve\u201d. Y fue as\u00ed, el fr\u00edo y la nieve ucraniano apagaron su fuego.<\/em><\/p>\n\n\n\n<p><em>Hac\u00eda cinco que meses que estaba en Ucrania. Hab\u00eda cambiado su proyecto de ir a trabajar a Europa por el de defender una tierra y una bandera ajena. Tan convencido estaba que esper\u00f3 hasta pocos d\u00edas antes de partir para decirme que -virtualmente- hab\u00eda sido aceptado en la ILDU (Legi\u00f3n Internacional para la Defensa de Ucrania).<\/em><\/p>\n\n\n\n<p><em>Emprendiendo un viaje completamente s\u00f3lo (\u00e9l que no ten\u00eda idea de lo que era viajar en avi\u00f3n) a pa\u00edses con un idioma que no conoc\u00eda, sabiendo que iba a participar de un conflicto armado. \u00bfPor qu\u00e9? Durante estos cinco meses, cuando me preguntaban \u00bfy vos c\u00f3mo mam\u00e1 como est\u00e1s, c\u00f3mo te sent\u00eds ante el peligro de la guerra? Mi respuesta era: \u201c\u00e9l quer\u00eda estar ah\u00ed, le gusta la disciplina militar, y debe haber sufrido mucho m\u00e1s de lo yo pienso el rechazo que sienten muchos argentinos hacia todos los uniformes producto de la \u00faltima dictadura militar, debe haberse sentido muy discriminado y rechazado por amar vestir un uniforme militar\u201d.<\/em><\/p>\n\n\n\n<p><em>Ahora que tengo en mi poder imagen de la carta que me escribi\u00f3 como despedida por si no volv\u00eda, me doy cuenta que efectivamente fue as\u00ed, era como yo pensaba.<\/em><\/p>\n\n\n\n<p><em>Posiblemente haya sentido temor y angustia de morir en sus \u00faltimos d\u00edas, porque era un ser humano y las situaciones de guerra son muy fuertes, pero \u00e9l estaba convencido de lo que estaba haciendo y de por qu\u00e9 lo hac\u00eda. Quiero compartir con todos ustedes algunas l\u00edneas:<\/em><\/p>\n\n\n\n<p><em>\u201cEstoy en paz sabiendo que estoy haciendo lo correcto, no quiero que lloren o se derrumben por m\u00ed, ya que, nac\u00ed como ni\u00f1o y me desarroll\u00e9 como soldado, mi fidelidad a este pa\u00eds es completa, vale cada gota de sangre, su cultura, su idioma, su gente y su tierra son las cosas m\u00e1s maravillosas que he visto, ojal\u00e1 Argentina fuese un d\u00e9cimo de este pa\u00eds\u201d. \u201cNo podr\u00eda escribir de mi futuro de aqu\u00ed a tres meses, pero, mi mayor deseo es establecerme y darle a mi vida un sentido real, donde mi amor al uniforme no sea un pecado y sea algo normal\/respetado\u201d.<\/em><\/p>\n\n\n\n<p><em>Su proyecto era seguir carrera en el ej\u00e9rcito ucraniano, vivir en ese pa\u00eds y en alg\u00fan momento poder tener all\u00ed a sus hijos con \u00e9l. Qui\u00e9n sabe, tal vez deba permanecer para siempre en aquella tierra como quer\u00eda. Veremos si sus restos pueden volver a Argentina, lo cual no ser\u00e1 sino hasta despu\u00e9s de finalizada la guerra. Yo a\u00fan sigo esperando la confirmaci\u00f3n oficial, la aparici\u00f3n de su nombre dentro de las listas de muertos, desaparecidos y prisioneros emitidas por el ministerio de defensa ucraniano. Para ello la Embajada argentina en Kiev y nuestra canciller\u00eda est\u00e1n al tanto de todo encarg\u00e1ndose encontrar su paradero certero.<\/em><\/p>\n\n\n\n<p><em>La Embajada ucraniana en CABA a\u00fan no me ha respondido. Ir\u00e9 personalmente.<\/em><\/p>\n\n\n\n<p><em>El cap\u00edtulo final est\u00e1 cerrado, resta saber el contenido del ep\u00edlogo.<\/em><\/p>\n\n\n\n<p><em>\u00a1Vuela alto Nicol\u00e1s! \u00a1Siempre estar\u00e1s en nuestros corazones!\u201d<\/em><\/p>\n","protected":false},"excerpt":{"rendered":"<p>Se trata del soldado Nicol\u00e1s Gioscio, quien estaba en el frente de batalla de la guerra que se est\u00e1 desarrollando &#8230; <a title=\"Soldado de Mercedes pierde la vida en combate en la guerra de Ucrania\" class=\"read-more\" href=\"https:\/\/www.hoymercedes.com.ar\/principal\/2024\/12\/17\/soldado-de-mercedes-pierde-la-vida-en-combate-en-la-guerra-de-ucrania\/\" aria-label=\"Leer m\u00e1s sobre Soldado de Mercedes pierde la vida en combate en la guerra de Ucrania\">Leer m\u00e1s<\/a><\/p>\n","protected":false},"author":1,"featured_media":181306,"comment_status":"closed","ping_status":"open","sticky":false,"template":"","format":"standard","meta":{"_monsterinsights_skip_tracking":false,"_monsterinsights_sitenote_active":false,"_monsterinsights_sitenote_note":"","_monsterinsights_sitenote_category":0,"jetpack_post_was_ever_published":false,"_jetpack_newsletter_access":"","_jetpack_dont_email_post_to_subs":false,"_jetpack_newsletter_tier_id":0,"_jetpack_memberships_contains_paywalled_content":false,"_jetpack_memberships_contains_paid_content":false,"footnotes":"","jetpack_publicize_message":"","jetpack_publicize_feature_enabled":true,"jetpack_social_post_already_shared":true,"jetpack_social_options":{"image_generator_settings":{"template":"highway","default_image_id":0,"font":"","enabled":false},"version":2},"_wpas_customize_per_network":false},"categories":[8],"tags":[20072,421,20073,20070,20071],"class_list":["post-181304","post","type-post","status-publish","format-standard","has-post-thumbnail","hentry","category-sociedad","tag-guerra-ucrania-rusia","tag-monica-brown","tag-muere-soldado-mercedino","tag-nicolas-gioscio","tag-soldado-mercedino","generate-columns","tablet-grid-50","mobile-grid-100","grid-parent","grid-50"],"jetpack_publicize_connections":[],"jetpack_featured_media_url":"https:\/\/www.hoymercedes.com.ar\/principal\/wp-content\/uploads\/2024\/12\/Nicolas.Gioscio.SoldadoMercedino.jpg","wps_subtitle":"Dolor","jetpack_sharing_enabled":true,"_links":{"self":[{"href":"https:\/\/www.hoymercedes.com.ar\/principal\/wp-json\/wp\/v2\/posts\/181304","targetHints":{"allow":["GET"]}}],"collection":[{"href":"https:\/\/www.hoymercedes.com.ar\/principal\/wp-json\/wp\/v2\/posts"}],"about":[{"href":"https:\/\/www.hoymercedes.com.ar\/principal\/wp-json\/wp\/v2\/types\/post"}],"author":[{"embeddable":true,"href":"https:\/\/www.hoymercedes.com.ar\/principal\/wp-json\/wp\/v2\/users\/1"}],"replies":[{"embeddable":true,"href":"https:\/\/www.hoymercedes.com.ar\/principal\/wp-json\/wp\/v2\/comments?post=181304"}],"version-history":[{"count":0,"href":"https:\/\/www.hoymercedes.com.ar\/principal\/wp-json\/wp\/v2\/posts\/181304\/revisions"}],"wp:featuredmedia":[{"embeddable":true,"href":"https:\/\/www.hoymercedes.com.ar\/principal\/wp-json\/wp\/v2\/media\/181306"}],"wp:attachment":[{"href":"https:\/\/www.hoymercedes.com.ar\/principal\/wp-json\/wp\/v2\/media?parent=181304"}],"wp:term":[{"taxonomy":"category","embeddable":true,"href":"https:\/\/www.hoymercedes.com.ar\/principal\/wp-json\/wp\/v2\/categories?post=181304"},{"taxonomy":"post_tag","embeddable":true,"href":"https:\/\/www.hoymercedes.com.ar\/principal\/wp-json\/wp\/v2\/tags?post=181304"}],"curies":[{"name":"wp","href":"https:\/\/api.w.org\/{rel}","templated":true}]}}