{"id":18132,"date":"2012-11-23T03:38:30","date_gmt":"2012-11-23T03:38:30","guid":{"rendered":"http:\/\/www.hoymercedes.com.ar\/principal\/?p=18132"},"modified":"2012-11-23T03:39:07","modified_gmt":"2012-11-23T03:39:07","slug":"juventud-peronista-mercedes-en-plenario-de-la-militancia-organizado-por-la-juventud-sindical","status":"publish","type":"post","link":"https:\/\/www.hoymercedes.com.ar\/principal\/2012\/11\/23\/juventud-peronista-mercedes-en-plenario-de-la-militancia-organizado-por-la-juventud-sindical\/","title":{"rendered":"Juventud Peronista Mercedes en Plenario de la Militancia Organizado por la Juventud Sindical"},"content":{"rendered":"<p><a href=\"https:\/\/www.hoymercedes.com.ar\/principal\/wp-content\/uploads\/2012\/11\/plenario-2.jpg\"><img loading=\"lazy\" decoding=\"async\" data-attachment-id=\"18135\" data-permalink=\"https:\/\/www.hoymercedes.com.ar\/principal\/2012\/11\/23\/juventud-peronista-mercedes-en-plenario-de-la-militancia-organizado-por-la-juventud-sindical\/plenario-2\/#main\" data-orig-file=\"https:\/\/www.hoymercedes.com.ar\/principal\/wp-content\/uploads\/2012\/11\/plenario-2.jpg\" data-orig-size=\"618,349\" data-comments-opened=\"1\" data-image-meta=\"{&quot;aperture&quot;:&quot;0&quot;,&quot;credit&quot;:&quot;&quot;,&quot;camera&quot;:&quot;&quot;,&quot;caption&quot;:&quot;&quot;,&quot;created_timestamp&quot;:&quot;0&quot;,&quot;copyright&quot;:&quot;&quot;,&quot;focal_length&quot;:&quot;0&quot;,&quot;iso&quot;:&quot;0&quot;,&quot;shutter_speed&quot;:&quot;0&quot;,&quot;title&quot;:&quot;&quot;}\" data-image-title=\"plenario 2\" data-image-description=\"\" data-image-caption=\"\" data-large-file=\"https:\/\/www.hoymercedes.com.ar\/principal\/wp-content\/uploads\/2012\/11\/plenario-2.jpg\" class=\"aligncenter size-full wp-image-18135\" title=\"plenario 2\" src=\"https:\/\/www.hoymercedes.com.ar\/principal\/wp-content\/uploads\/2012\/11\/plenario-2.jpg\" alt=\"\" width=\"618\" height=\"349\" \/><\/a><\/p>\n<p>El s\u00e1bado 17 de noviembre m\u00e1s de 600 j\u00f3venes trabajadores, de organizaciones sociales y pol\u00edticas celebraron el D\u00eda de la Militancia a puro debate en el Plenario Metropolitano llevado a cabo en General Rodr\u00edguez, del mismo formaron parte representantes de la Agrupaci\u00f3n 17 de Octubre que conduce el Presidente del Partido Justicialista Carlos Selva y miembros de la Juventud Sindical Mercedes.<\/p>\n<p>A partir de las 8 hs comenzaron las acreditaciones, luego a las 10.30 comenz\u00f3 el debate en comisiones que se extendi\u00f3 en un hermoso d\u00eda soleado hasta las 18 hs. Durante la primera etapa los participantes expusieron la situaci\u00f3n de cada uno de los territorios y sindicatos en los que viven o se desempe\u00f1an. All\u00ed contaron las distintas experiencias y trabajos que vienen realizando.<\/p>\n<p>Durante la tarde el debate se dividi\u00f3 en 4 ejes: Trabajo, Salud, Educaci\u00f3n y Cultura y Deporte, donde los concurrentes pudieron debatir, dialogar y proponer una agenda de acuerdo a las situaciones en cada territorio como as\u00ed tambi\u00e9n a nivel Nacional.<\/p>\n<p>Al finalizar el debate se leyeron las conclusiones de cada una de la comisiones. Posteriormente el referente de la Juventud Sindical Facundo Moyano hizo el cierre de la jornada.<\/p>\n<p>\u201cFeliz D\u00eda del Militante Peronista para todos. Es un orgullo cerrar este plenario\u201d, comenz\u00f3 el diputado nacional. \u201cEs fundamental que llevemos adelante este tipo de debates y discutamos qu\u00e9 tipo de pa\u00eds queremos\u201d, sostuvo y alent\u00f3 a los compa\u00f1eros de los distintos distritos a que repliquen este tipo de plenarios en los territorios. \u201cTenemos que tener una visi\u00f3n integral\u201d.<\/p>\n<p>&nbsp;<\/p>\n<p>En ese sentido enfatiz\u00f3 que \u201clos j\u00f3venes tienen que ser los que se pongan al hombro la construcci\u00f3n de un proyecto pol\u00edtico que realmente pueda darle satisfacciones a los trabajadores\u201d. Y advirti\u00f3: \u201cNo podemos hacer pol\u00edtica \u00fanicamente desde los discursos o los simbolismos\u201d.<\/p>\n<p>&nbsp;<\/p>\n","protected":false},"excerpt":{"rendered":"<p>El s\u00e1bado 17 de noviembre m\u00e1s de 600 j\u00f3venes trabajadores, de organizaciones sociales y pol\u00edticas celebraron el D\u00eda de la &#8230; <a title=\"Juventud Peronista Mercedes en Plenario de la Militancia Organizado por la Juventud Sindical\" class=\"read-more\" href=\"https:\/\/www.hoymercedes.com.ar\/principal\/2012\/11\/23\/juventud-peronista-mercedes-en-plenario-de-la-militancia-organizado-por-la-juventud-sindical\/\" aria-label=\"Leer m\u00e1s sobre Juventud Peronista Mercedes en Plenario de la Militancia Organizado por la Juventud Sindical\">Leer m\u00e1s<\/a><\/p>\n","protected":false},"author":1,"featured_media":0,"comment_status":"open","ping_status":"open","sticky":false,"template":"","format":"standard","meta":{"_monsterinsights_skip_tracking":false,"_monsterinsights_sitenote_active":false,"_monsterinsights_sitenote_note":"","_monsterinsights_sitenote_category":0,"jetpack_post_was_ever_published":false,"_jetpack_newsletter_access":"","_jetpack_dont_email_post_to_subs":false,"_jetpack_newsletter_tier_id":0,"_jetpack_memberships_contains_paywalled_content":false,"_jetpack_memberships_contains_paid_content":false,"footnotes":"","jetpack_publicize_message":"","jetpack_publicize_feature_enabled":true,"jetpack_social_post_already_shared":false,"jetpack_social_options":{"image_generator_settings":{"template":"highway","default_image_id":0,"font":"","enabled":false},"version":2},"_wpas_customize_per_network":false},"categories":[5],"tags":[3005],"class_list":["post-18132","post","type-post","status-publish","format-standard","hentry","category-politica","tag-juventud-sindical","generate-columns","tablet-grid-50","mobile-grid-100","grid-parent","grid-50"],"jetpack_publicize_connections":[],"jetpack_featured_media_url":"","wps_subtitle":"","jetpack_sharing_enabled":true,"_links":{"self":[{"href":"https:\/\/www.hoymercedes.com.ar\/principal\/wp-json\/wp\/v2\/posts\/18132","targetHints":{"allow":["GET"]}}],"collection":[{"href":"https:\/\/www.hoymercedes.com.ar\/principal\/wp-json\/wp\/v2\/posts"}],"about":[{"href":"https:\/\/www.hoymercedes.com.ar\/principal\/wp-json\/wp\/v2\/types\/post"}],"author":[{"embeddable":true,"href":"https:\/\/www.hoymercedes.com.ar\/principal\/wp-json\/wp\/v2\/users\/1"}],"replies":[{"embeddable":true,"href":"https:\/\/www.hoymercedes.com.ar\/principal\/wp-json\/wp\/v2\/comments?post=18132"}],"version-history":[{"count":0,"href":"https:\/\/www.hoymercedes.com.ar\/principal\/wp-json\/wp\/v2\/posts\/18132\/revisions"}],"wp:attachment":[{"href":"https:\/\/www.hoymercedes.com.ar\/principal\/wp-json\/wp\/v2\/media?parent=18132"}],"wp:term":[{"taxonomy":"category","embeddable":true,"href":"https:\/\/www.hoymercedes.com.ar\/principal\/wp-json\/wp\/v2\/categories?post=18132"},{"taxonomy":"post_tag","embeddable":true,"href":"https:\/\/www.hoymercedes.com.ar\/principal\/wp-json\/wp\/v2\/tags?post=18132"}],"curies":[{"name":"wp","href":"https:\/\/api.w.org\/{rel}","templated":true}]}}