{"id":181322,"date":"2024-12-18T16:10:41","date_gmt":"2024-12-18T19:10:41","guid":{"rendered":"https:\/\/www.hoymercedes.com.ar\/principal\/?p=181322"},"modified":"2024-12-18T16:10:43","modified_gmt":"2024-12-18T19:10:43","slug":"juraron-nuevos-matriculados-en-abogados","status":"publish","type":"post","link":"https:\/\/www.hoymercedes.com.ar\/principal\/2024\/12\/18\/juraron-nuevos-matriculados-en-abogados\/","title":{"rendered":"Juraron nuevos matriculados en Abogados"},"content":{"rendered":"\n<p>Se realiz\u00f3 la \u00faltima jura del a\u00f1o de nuevos matriculados en el Colegio de Abogados departamental. El Dr. Hern\u00e1n Alberto Salaverri, Presidente del Colegio, presidi\u00f3 la ceremonia.<\/p>\n\n\n<div class=\"wp-block-image\">\n<figure class=\"aligncenter size-full\"><img loading=\"lazy\" decoding=\"async\" width=\"800\" height=\"479\" data-attachment-id=\"181323\" data-permalink=\"https:\/\/www.hoymercedes.com.ar\/principal\/2024\/12\/18\/juraron-nuevos-matriculados-en-abogados\/matriculados20241218_copy_800x479\/#main\" data-orig-file=\"https:\/\/www.hoymercedes.com.ar\/principal\/wp-content\/uploads\/2024\/12\/MATRICULADOS20241218_copy_800x479.jpg\" data-orig-size=\"800,479\" data-comments-opened=\"0\" data-image-meta=\"{&quot;aperture&quot;:&quot;0&quot;,&quot;credit&quot;:&quot;&quot;,&quot;camera&quot;:&quot;&quot;,&quot;caption&quot;:&quot;&quot;,&quot;created_timestamp&quot;:&quot;0&quot;,&quot;copyright&quot;:&quot;&quot;,&quot;focal_length&quot;:&quot;0&quot;,&quot;iso&quot;:&quot;0&quot;,&quot;shutter_speed&quot;:&quot;0&quot;,&quot;title&quot;:&quot;&quot;,&quot;orientation&quot;:&quot;0&quot;}\" data-image-title=\"MATRICULADOS20241218_copy_800x479\" data-image-description=\"\" data-image-caption=\"\" data-large-file=\"https:\/\/www.hoymercedes.com.ar\/principal\/wp-content\/uploads\/2024\/12\/MATRICULADOS20241218_copy_800x479.jpg\" src=\"https:\/\/www.hoymercedes.com.ar\/principal\/wp-content\/uploads\/2024\/12\/MATRICULADOS20241218_copy_800x479.jpg\" alt=\"\" class=\"wp-image-181323\" srcset=\"https:\/\/www.hoymercedes.com.ar\/principal\/wp-content\/uploads\/2024\/12\/MATRICULADOS20241218_copy_800x479.jpg 800w, https:\/\/www.hoymercedes.com.ar\/principal\/wp-content\/uploads\/2024\/12\/MATRICULADOS20241218_copy_800x479-630x377.jpg 630w, https:\/\/www.hoymercedes.com.ar\/principal\/wp-content\/uploads\/2024\/12\/MATRICULADOS20241218_copy_800x479-150x90.jpg 150w, https:\/\/www.hoymercedes.com.ar\/principal\/wp-content\/uploads\/2024\/12\/MATRICULADOS20241218_copy_800x479-445x265.jpg 445w\" sizes=\"auto, (max-width: 800px) 100vw, 800px\" \/><\/figure>\n<\/div>\n\n\n<p>En esta ocasi\u00f3n, los doctores y doctoras Marcela Elsa Cejas, Mar\u00eda Marta Duarte, Federico Luis Juchniewicz, Sabrina Valeria L\u00f3pez Herrera, Roc\u00edo Aldana Romero, Natahena Lirenza Cartasegna, Franco Nicol\u00e1s Catcof, Franco Mansilla, Melina Bertera y Ramiro Lucas Herrera, prestaron juramento. <\/p>\n\n\n\n<p>Los flamantes matriculados se acercaron al estrado para firmar y recibir sus diplomas como parte de su incorporaci\u00f3n formal al Colegio departamental.<\/p>\n\n\n\n<p>El Dr. Salaverri ofreci\u00f3 unas c\u00e1lidas palabras de bienvenida, destacando el valor de que estos profesionales hayan optado por integrarse a la jurisdicci\u00f3n.<\/p>\n\n\n\n<p>El evento, que se realiz\u00f3 en el Sal\u00f3n de Actos \u00abDr. Arturo Acu\u00f1a Anzorena\u00bb de nuestro Colegio, cont\u00f3 con la asistencia de familiares y amigos.<\/p>\n","protected":false},"excerpt":{"rendered":"<p>Se realiz\u00f3 la \u00faltima jura del a\u00f1o de nuevos matriculados en el Colegio de Abogados departamental. El Dr. Hern\u00e1n Alberto &#8230; <a title=\"Juraron nuevos matriculados en Abogados\" class=\"read-more\" href=\"https:\/\/www.hoymercedes.com.ar\/principal\/2024\/12\/18\/juraron-nuevos-matriculados-en-abogados\/\" aria-label=\"Leer m\u00e1s sobre Juraron nuevos matriculados en Abogados\">Leer m\u00e1s<\/a><\/p>\n","protected":false},"author":1,"featured_media":181323,"comment_status":"closed","ping_status":"open","sticky":false,"template":"","format":"standard","meta":{"_monsterinsights_skip_tracking":false,"_monsterinsights_sitenote_active":false,"_monsterinsights_sitenote_note":"","_monsterinsights_sitenote_category":0,"jetpack_post_was_ever_published":false,"_jetpack_newsletter_access":"","_jetpack_dont_email_post_to_subs":false,"_jetpack_newsletter_tier_id":0,"_jetpack_memberships_contains_paywalled_content":false,"_jetpack_memberships_contains_paid_content":false,"footnotes":"","jetpack_publicize_message":"","jetpack_publicize_feature_enabled":true,"jetpack_social_post_already_shared":true,"jetpack_social_options":{"image_generator_settings":{"template":"highway","default_image_id":0,"font":"","enabled":false},"version":2},"_wpas_customize_per_network":false},"categories":[8],"tags":[],"class_list":["post-181322","post","type-post","status-publish","format-standard","has-post-thumbnail","hentry","category-sociedad","generate-columns","tablet-grid-50","mobile-grid-100","grid-parent","grid-50"],"jetpack_publicize_connections":[],"jetpack_featured_media_url":"https:\/\/www.hoymercedes.com.ar\/principal\/wp-content\/uploads\/2024\/12\/MATRICULADOS20241218_copy_800x479.jpg","wps_subtitle":"","jetpack_sharing_enabled":true,"_links":{"self":[{"href":"https:\/\/www.hoymercedes.com.ar\/principal\/wp-json\/wp\/v2\/posts\/181322","targetHints":{"allow":["GET"]}}],"collection":[{"href":"https:\/\/www.hoymercedes.com.ar\/principal\/wp-json\/wp\/v2\/posts"}],"about":[{"href":"https:\/\/www.hoymercedes.com.ar\/principal\/wp-json\/wp\/v2\/types\/post"}],"author":[{"embeddable":true,"href":"https:\/\/www.hoymercedes.com.ar\/principal\/wp-json\/wp\/v2\/users\/1"}],"replies":[{"embeddable":true,"href":"https:\/\/www.hoymercedes.com.ar\/principal\/wp-json\/wp\/v2\/comments?post=181322"}],"version-history":[{"count":0,"href":"https:\/\/www.hoymercedes.com.ar\/principal\/wp-json\/wp\/v2\/posts\/181322\/revisions"}],"wp:featuredmedia":[{"embeddable":true,"href":"https:\/\/www.hoymercedes.com.ar\/principal\/wp-json\/wp\/v2\/media\/181323"}],"wp:attachment":[{"href":"https:\/\/www.hoymercedes.com.ar\/principal\/wp-json\/wp\/v2\/media?parent=181322"}],"wp:term":[{"taxonomy":"category","embeddable":true,"href":"https:\/\/www.hoymercedes.com.ar\/principal\/wp-json\/wp\/v2\/categories?post=181322"},{"taxonomy":"post_tag","embeddable":true,"href":"https:\/\/www.hoymercedes.com.ar\/principal\/wp-json\/wp\/v2\/tags?post=181322"}],"curies":[{"name":"wp","href":"https:\/\/api.w.org\/{rel}","templated":true}]}}