{"id":181341,"date":"2024-12-19T14:26:23","date_gmt":"2024-12-19T17:26:23","guid":{"rendered":"https:\/\/www.hoymercedes.com.ar\/principal\/?p=181341"},"modified":"2024-12-19T14:26:25","modified_gmt":"2024-12-19T17:26:25","slug":"eden-anuncia-corte-de-energia-para-el-domingo","status":"publish","type":"post","link":"https:\/\/www.hoymercedes.com.ar\/principal\/2024\/12\/19\/eden-anuncia-corte-de-energia-para-el-domingo\/","title":{"rendered":"EDEN anuncia corte de energ\u00eda para el domingo"},"content":{"rendered":"\n<p>La empresa de energ\u00eda el\u00e9ctrica que opera en la ciudad anunci\u00f3 que realizar\u00e1 un corte de energ\u00eda programado par el pr\u00f3ximo domingo 22 de diciembre. <\/p>\n\n\n\n<p>El comunicado oficial es el siguiente: <\/p>\n\n\n\n<p><em>El pr\u00f3ximo <strong>domingo 22 de diciembre, entre las 4:30 y las 15 horas<\/strong>, la distribuidora de electricidad estar\u00e1 realizando trabajos de <strong>mantenimiento y modernizaci\u00f3n<\/strong> que afectar\u00e1n el suministro en la <strong>zona centro de<\/strong>\u00a0<strong>Mercedes<\/strong>.<\/em><\/p>\n\n\n\n<p><em>Entre estas tareas, indispensables para el buen funcionamiento de los sistemas, se realizar\u00e1 una modernizaci\u00f3n de equipamiento para mejor maniobrabilidad de la red el\u00e9ctrica, y el montaje de una nueva ventilaci\u00f3n en un Centro de Transformaci\u00f3n para mantener la refrigeraci\u00f3n de los equipos frente a las altas temperaturas.<\/em><\/p>\n\n\n\n<p><em>La interrupci\u00f3n del abastecimiento afectar\u00e1 el <strong>cuadrante comprendido por las calles 22 a 28 y 23 a 33.<\/strong><\/em>\u00a0<\/p>\n\n\n\n<p><em>Los usuarios que se encuentran registrados en la <strong>Oficina Virtual<\/strong> (en <a href=\"http:\/\/www.edensa.com.ar\" target=\"_blank\" rel=\"noreferrer noopener\">www.edensa.com.ar<\/a> o en nuestra APP) recibir\u00e1n una notificaci\u00f3n en los correos electr\u00f3nicos con los que se han registrado anticipando estas tareas y una vez finalizadas.<\/em><\/p>\n\n\n\n<p><em>Para comunicarse con la empresa, los usuarios pueden llamar al <strong>0800 999 3336<\/strong> o contactarse a trav\u00e9s de las redes sociales <strong>EDEN<\/strong>.<\/em><\/p>\n","protected":false},"excerpt":{"rendered":"<p>La empresa de energ\u00eda el\u00e9ctrica que opera en la ciudad anunci\u00f3 que realizar\u00e1 un corte de energ\u00eda programado par el &#8230; <a title=\"EDEN anuncia corte de energ\u00eda para el domingo\" class=\"read-more\" href=\"https:\/\/www.hoymercedes.com.ar\/principal\/2024\/12\/19\/eden-anuncia-corte-de-energia-para-el-domingo\/\" aria-label=\"Leer m\u00e1s sobre EDEN anuncia corte de energ\u00eda para el domingo\">Leer m\u00e1s<\/a><\/p>\n","protected":false},"author":1,"featured_media":169864,"comment_status":"closed","ping_status":"open","sticky":false,"template":"","format":"standard","meta":{"_monsterinsights_skip_tracking":false,"_monsterinsights_sitenote_active":false,"_monsterinsights_sitenote_note":"","_monsterinsights_sitenote_category":0,"jetpack_post_was_ever_published":false,"_jetpack_newsletter_access":"","_jetpack_dont_email_post_to_subs":false,"_jetpack_newsletter_tier_id":0,"_jetpack_memberships_contains_paywalled_content":false,"_jetpack_memberships_contains_paid_content":false,"footnotes":"","jetpack_publicize_message":"","jetpack_publicize_feature_enabled":true,"jetpack_social_post_already_shared":true,"jetpack_social_options":{"image_generator_settings":{"template":"highway","default_image_id":0,"font":"","enabled":false},"version":2},"_wpas_customize_per_network":false},"categories":[8],"tags":[1770,20079,1023],"class_list":["post-181341","post","type-post","status-publish","format-standard","has-post-thumbnail","hentry","category-sociedad","tag-corte-de-energia","tag-corte-de-luz-en-mercedes","tag-eden","generate-columns","tablet-grid-50","mobile-grid-100","grid-parent","grid-50"],"jetpack_publicize_connections":[],"jetpack_featured_media_url":"https:\/\/www.hoymercedes.com.ar\/principal\/wp-content\/uploads\/2023\/11\/MERCEDES-Obra-EDEN-Barrio-Blandengues-CT-1-edited.jpeg","wps_subtitle":"Empresas","jetpack_sharing_enabled":true,"_links":{"self":[{"href":"https:\/\/www.hoymercedes.com.ar\/principal\/wp-json\/wp\/v2\/posts\/181341","targetHints":{"allow":["GET"]}}],"collection":[{"href":"https:\/\/www.hoymercedes.com.ar\/principal\/wp-json\/wp\/v2\/posts"}],"about":[{"href":"https:\/\/www.hoymercedes.com.ar\/principal\/wp-json\/wp\/v2\/types\/post"}],"author":[{"embeddable":true,"href":"https:\/\/www.hoymercedes.com.ar\/principal\/wp-json\/wp\/v2\/users\/1"}],"replies":[{"embeddable":true,"href":"https:\/\/www.hoymercedes.com.ar\/principal\/wp-json\/wp\/v2\/comments?post=181341"}],"version-history":[{"count":0,"href":"https:\/\/www.hoymercedes.com.ar\/principal\/wp-json\/wp\/v2\/posts\/181341\/revisions"}],"wp:featuredmedia":[{"embeddable":true,"href":"https:\/\/www.hoymercedes.com.ar\/principal\/wp-json\/wp\/v2\/media\/169864"}],"wp:attachment":[{"href":"https:\/\/www.hoymercedes.com.ar\/principal\/wp-json\/wp\/v2\/media?parent=181341"}],"wp:term":[{"taxonomy":"category","embeddable":true,"href":"https:\/\/www.hoymercedes.com.ar\/principal\/wp-json\/wp\/v2\/categories?post=181341"},{"taxonomy":"post_tag","embeddable":true,"href":"https:\/\/www.hoymercedes.com.ar\/principal\/wp-json\/wp\/v2\/tags?post=181341"}],"curies":[{"name":"wp","href":"https:\/\/api.w.org\/{rel}","templated":true}]}}