{"id":181350,"date":"2024-12-19T19:18:45","date_gmt":"2024-12-19T22:18:45","guid":{"rendered":"https:\/\/www.hoymercedes.com.ar\/principal\/?p=181350"},"modified":"2024-12-19T19:21:10","modified_gmt":"2024-12-19T22:21:10","slug":"la-cem-invita-a-participar-del-concurso-de-vidrieras-navidenas-2024","status":"publish","type":"post","link":"https:\/\/www.hoymercedes.com.ar\/principal\/2024\/12\/19\/la-cem-invita-a-participar-del-concurso-de-vidrieras-navidenas-2024\/","title":{"rendered":"La CEM invita a participar del Concurso de Vidrieras Navide\u00f1as 2024"},"content":{"rendered":"\n<p>La C\u00e1mara Econ\u00f3mica Mercedina lanz\u00f3 oficialmente el Concurso de Vidrieras Navide\u00f1as 2024, dirigido a los comercios locales de la ciudad. La iniciativa busca fomentar la creatividad y el esp\u00edritu festivo en el marco de las celebraciones de fin de a\u00f1o. Los interesados tienen tiempo hasta el domingo 22 de diciembre para enviar fotograf\u00edas de sus vidrieras decoradas.<\/p>\n\n\n<div class=\"wp-block-image\">\n<figure class=\"aligncenter size-full\"><img loading=\"lazy\" decoding=\"async\" width=\"595\" height=\"592\" data-attachment-id=\"181351\" data-permalink=\"https:\/\/www.hoymercedes.com.ar\/principal\/2024\/12\/19\/la-cem-invita-a-participar-del-concurso-de-vidrieras-navidenas-2024\/img-20241219-wa0002\/#main\" data-orig-file=\"https:\/\/www.hoymercedes.com.ar\/principal\/wp-content\/uploads\/2024\/12\/IMG-20241219-WA0002.jpg\" data-orig-size=\"595,592\" data-comments-opened=\"0\" data-image-meta=\"{&quot;aperture&quot;:&quot;0&quot;,&quot;credit&quot;:&quot;&quot;,&quot;camera&quot;:&quot;&quot;,&quot;caption&quot;:&quot;&quot;,&quot;created_timestamp&quot;:&quot;0&quot;,&quot;copyright&quot;:&quot;&quot;,&quot;focal_length&quot;:&quot;0&quot;,&quot;iso&quot;:&quot;0&quot;,&quot;shutter_speed&quot;:&quot;0&quot;,&quot;title&quot;:&quot;&quot;,&quot;orientation&quot;:&quot;0&quot;}\" data-image-title=\"IMG-20241219-WA0002\" data-image-description=\"\" data-image-caption=\"\" data-large-file=\"https:\/\/www.hoymercedes.com.ar\/principal\/wp-content\/uploads\/2024\/12\/IMG-20241219-WA0002.jpg\" src=\"https:\/\/www.hoymercedes.com.ar\/principal\/wp-content\/uploads\/2024\/12\/IMG-20241219-WA0002.jpg\" alt=\"\" class=\"wp-image-181351\" srcset=\"https:\/\/www.hoymercedes.com.ar\/principal\/wp-content\/uploads\/2024\/12\/IMG-20241219-WA0002.jpg 595w, https:\/\/www.hoymercedes.com.ar\/principal\/wp-content\/uploads\/2024\/12\/IMG-20241219-WA0002-150x150.jpg 150w\" sizes=\"auto, (max-width: 595px) 100vw, 595px\" \/><\/figure>\n<\/div>\n\n\n<p>Las im\u00e1genes pueden ser remitidas a trav\u00e9s de WhatsApp al n\u00famero 2324-693478 o por correo electr\u00f3nico a administracion@cemercedina.org.ar. Desde la organizaci\u00f3n destacaron que el concurso est\u00e1 abierto \u00fanicamente para socios de la instituci\u00f3n.<\/p>\n\n\n\n<p>El objetivo principal de esta propuesta es generar un ambiente festivo en la ciudad, incentivando a los comerciantes a decorar sus espacios con motivos navide\u00f1os. La C\u00e1mara promueve, adem\u00e1s, la interacci\u00f3n entre los negocios y la comunidad, realzando la actividad comercial en esta temporada del a\u00f1o.<\/p>\n\n\n\n<p>Para m\u00e1s informaci\u00f3n sobre las bases y condiciones del concurso, se invita a los interesados a contactar a la C\u00e1mara Econ\u00f3mica Mercedina.<\/p>\n","protected":false},"excerpt":{"rendered":"<p>La C\u00e1mara Econ\u00f3mica Mercedina lanz\u00f3 oficialmente el Concurso de Vidrieras Navide\u00f1as 2024, dirigido a los comercios locales de la ciudad. &#8230; <a title=\"La CEM invita a participar del Concurso de Vidrieras Navide\u00f1as 2024\" class=\"read-more\" href=\"https:\/\/www.hoymercedes.com.ar\/principal\/2024\/12\/19\/la-cem-invita-a-participar-del-concurso-de-vidrieras-navidenas-2024\/\" aria-label=\"Leer m\u00e1s sobre La CEM invita a participar del Concurso de Vidrieras Navide\u00f1as 2024\">Leer m\u00e1s<\/a><\/p>\n","protected":false},"author":1,"featured_media":181351,"comment_status":"closed","ping_status":"open","sticky":false,"template":"","format":"standard","meta":{"_monsterinsights_skip_tracking":false,"_monsterinsights_sitenote_active":false,"_monsterinsights_sitenote_note":"","_monsterinsights_sitenote_category":0,"jetpack_post_was_ever_published":false,"_jetpack_newsletter_access":"","_jetpack_dont_email_post_to_subs":false,"_jetpack_newsletter_tier_id":0,"_jetpack_memberships_contains_paywalled_content":false,"_jetpack_memberships_contains_paid_content":false,"footnotes":"","jetpack_publicize_message":"","jetpack_publicize_feature_enabled":true,"jetpack_social_post_already_shared":true,"jetpack_social_options":{"image_generator_settings":{"template":"highway","default_image_id":0,"font":"","enabled":false},"version":2},"_wpas_customize_per_network":false},"categories":[8],"tags":[],"class_list":["post-181350","post","type-post","status-publish","format-standard","has-post-thumbnail","hentry","category-sociedad","generate-columns","tablet-grid-50","mobile-grid-100","grid-parent","grid-50"],"jetpack_publicize_connections":[],"jetpack_featured_media_url":"https:\/\/www.hoymercedes.com.ar\/principal\/wp-content\/uploads\/2024\/12\/IMG-20241219-WA0002.jpg","wps_subtitle":"","jetpack_sharing_enabled":true,"_links":{"self":[{"href":"https:\/\/www.hoymercedes.com.ar\/principal\/wp-json\/wp\/v2\/posts\/181350","targetHints":{"allow":["GET"]}}],"collection":[{"href":"https:\/\/www.hoymercedes.com.ar\/principal\/wp-json\/wp\/v2\/posts"}],"about":[{"href":"https:\/\/www.hoymercedes.com.ar\/principal\/wp-json\/wp\/v2\/types\/post"}],"author":[{"embeddable":true,"href":"https:\/\/www.hoymercedes.com.ar\/principal\/wp-json\/wp\/v2\/users\/1"}],"replies":[{"embeddable":true,"href":"https:\/\/www.hoymercedes.com.ar\/principal\/wp-json\/wp\/v2\/comments?post=181350"}],"version-history":[{"count":0,"href":"https:\/\/www.hoymercedes.com.ar\/principal\/wp-json\/wp\/v2\/posts\/181350\/revisions"}],"wp:featuredmedia":[{"embeddable":true,"href":"https:\/\/www.hoymercedes.com.ar\/principal\/wp-json\/wp\/v2\/media\/181351"}],"wp:attachment":[{"href":"https:\/\/www.hoymercedes.com.ar\/principal\/wp-json\/wp\/v2\/media?parent=181350"}],"wp:term":[{"taxonomy":"category","embeddable":true,"href":"https:\/\/www.hoymercedes.com.ar\/principal\/wp-json\/wp\/v2\/categories?post=181350"},{"taxonomy":"post_tag","embeddable":true,"href":"https:\/\/www.hoymercedes.com.ar\/principal\/wp-json\/wp\/v2\/tags?post=181350"}],"curies":[{"name":"wp","href":"https:\/\/api.w.org\/{rel}","templated":true}]}}