{"id":181353,"date":"2024-12-19T22:54:25","date_gmt":"2024-12-20T01:54:25","guid":{"rendered":"https:\/\/www.hoymercedes.com.ar\/principal\/?p=181353"},"modified":"2024-12-19T22:54:28","modified_gmt":"2024-12-20T01:54:28","slug":"abel-pintos-y-luciano-pereyra-reciben-a-mano-de-wado-reconocimiento-en-el-senado","status":"publish","type":"post","link":"https:\/\/www.hoymercedes.com.ar\/principal\/2024\/12\/19\/abel-pintos-y-luciano-pereyra-reciben-a-mano-de-wado-reconocimiento-en-el-senado\/","title":{"rendered":"Abel Pintos y Luciano Pereyra reciben a mano de Wado reconocimiento en el Senado"},"content":{"rendered":"\n<figure class=\"wp-block-image size-large\"><img loading=\"lazy\" decoding=\"async\" width=\"1024\" height=\"731\" data-attachment-id=\"181354\" data-permalink=\"https:\/\/www.hoymercedes.com.ar\/principal\/2024\/12\/19\/abel-pintos-y-luciano-pereyra-reciben-a-mano-de-wado-reconocimiento-en-el-senado\/wado-abelpintos-2\/#main\" data-orig-file=\"https:\/\/www.hoymercedes.com.ar\/principal\/wp-content\/uploads\/2024\/12\/Wado-AbelPintos.2.jpg\" data-orig-size=\"1600,1142\" data-comments-opened=\"0\" data-image-meta=\"{&quot;aperture&quot;:&quot;0&quot;,&quot;credit&quot;:&quot;&quot;,&quot;camera&quot;:&quot;&quot;,&quot;caption&quot;:&quot;&quot;,&quot;created_timestamp&quot;:&quot;0&quot;,&quot;copyright&quot;:&quot;&quot;,&quot;focal_length&quot;:&quot;0&quot;,&quot;iso&quot;:&quot;0&quot;,&quot;shutter_speed&quot;:&quot;0&quot;,&quot;title&quot;:&quot;&quot;,&quot;orientation&quot;:&quot;0&quot;}\" data-image-title=\"Abel Pintos y Luciano Pereyra reciben a mano de Wado reconocimiento en el Senado\" data-image-description=\"&lt;p&gt;Abel Pintos y Luciano Pereyra reciben a mano de Wado reconocimiento en el Senado&lt;\/p&gt;\n\" data-image-caption=\"&lt;p&gt;Abel Pintos y Luciano Pereyra reciben a mano de Wado reconocimiento en el Senado&lt;\/p&gt;\n\" data-large-file=\"https:\/\/www.hoymercedes.com.ar\/principal\/wp-content\/uploads\/2024\/12\/Wado-AbelPintos.2-1024x731.jpg\" src=\"https:\/\/www.hoymercedes.com.ar\/principal\/wp-content\/uploads\/2024\/12\/Wado-AbelPintos.2-1024x731.jpg\" alt=\"\" class=\"wp-image-181354\" srcset=\"https:\/\/www.hoymercedes.com.ar\/principal\/wp-content\/uploads\/2024\/12\/Wado-AbelPintos.2-1024x731.jpg 1024w, https:\/\/www.hoymercedes.com.ar\/principal\/wp-content\/uploads\/2024\/12\/Wado-AbelPintos.2-630x450.jpg 630w, https:\/\/www.hoymercedes.com.ar\/principal\/wp-content\/uploads\/2024\/12\/Wado-AbelPintos.2-150x107.jpg 150w, https:\/\/www.hoymercedes.com.ar\/principal\/wp-content\/uploads\/2024\/12\/Wado-AbelPintos.2-1536x1096.jpg 1536w, https:\/\/www.hoymercedes.com.ar\/principal\/wp-content\/uploads\/2024\/12\/Wado-AbelPintos.2-120x85.jpg 120w, https:\/\/www.hoymercedes.com.ar\/principal\/wp-content\/uploads\/2024\/12\/Wado-AbelPintos.2.jpg 1600w\" sizes=\"auto, (max-width: 1024px) 100vw, 1024px\" \/><\/figure>\n\n\n\n<p>El presidente de la Comisi\u00f3n de Educaci\u00f3n y Cultura del Senado de la Naci\u00f3n, Wado de Pedro, entreg\u00f3 el Diploma de Honor del Senado de la Naci\u00f3n a los artistas Abel Pintos y Luciano Pereyra, en reconocimiento a sus destacadas trayectorias y su contribuci\u00f3n a la cultura e identidad nacional.<\/p>\n\n\n\n<p>Durante el evento, Wado de Pedro se dirigi\u00f3 a Abel Pintos y expres\u00f3: \u201cSos un artista popular reconocido por toda la Argentina. En nombre de todos y de todas, quiero agradecerte por llevar nuestras tradiciones, el amor, las costumbres, el federalismo y la Argentina al resto del mundo\u201d. Y agreg\u00f3: \u201cSobre todo porque en tus canciones tambi\u00e9n llevas un poquito el coraz\u00f3n de cada uno de los argentinos y argentinas\u201d.<\/p>\n\n\n\n<figure class=\"wp-block-image size-large\"><img loading=\"lazy\" decoding=\"async\" width=\"1024\" height=\"731\" data-attachment-id=\"181355\" data-permalink=\"https:\/\/www.hoymercedes.com.ar\/principal\/2024\/12\/19\/abel-pintos-y-luciano-pereyra-reciben-a-mano-de-wado-reconocimiento-en-el-senado\/wado-abelpintos-4\/#main\" data-orig-file=\"https:\/\/www.hoymercedes.com.ar\/principal\/wp-content\/uploads\/2024\/12\/Wado-AbelPintos.4.jpg\" data-orig-size=\"1600,1142\" data-comments-opened=\"0\" data-image-meta=\"{&quot;aperture&quot;:&quot;0&quot;,&quot;credit&quot;:&quot;&quot;,&quot;camera&quot;:&quot;&quot;,&quot;caption&quot;:&quot;&quot;,&quot;created_timestamp&quot;:&quot;0&quot;,&quot;copyright&quot;:&quot;&quot;,&quot;focal_length&quot;:&quot;0&quot;,&quot;iso&quot;:&quot;0&quot;,&quot;shutter_speed&quot;:&quot;0&quot;,&quot;title&quot;:&quot;&quot;,&quot;orientation&quot;:&quot;0&quot;}\" data-image-title=\"Abel Pintos y Luciano Pereyra reciben a mano de Wado reconocimiento en el Senado\" data-image-description=\"&lt;p&gt;Abel Pintos y Luciano Pereyra reciben a mano de Wado reconocimiento en el Senado&lt;\/p&gt;\n\" data-image-caption=\"&lt;p&gt;Abel Pintos y Luciano Pereyra reciben a mano de Wado reconocimiento en el Senado&lt;\/p&gt;\n\" data-large-file=\"https:\/\/www.hoymercedes.com.ar\/principal\/wp-content\/uploads\/2024\/12\/Wado-AbelPintos.4-1024x731.jpg\" src=\"https:\/\/www.hoymercedes.com.ar\/principal\/wp-content\/uploads\/2024\/12\/Wado-AbelPintos.4-1024x731.jpg\" alt=\"\" class=\"wp-image-181355\" srcset=\"https:\/\/www.hoymercedes.com.ar\/principal\/wp-content\/uploads\/2024\/12\/Wado-AbelPintos.4-1024x731.jpg 1024w, https:\/\/www.hoymercedes.com.ar\/principal\/wp-content\/uploads\/2024\/12\/Wado-AbelPintos.4-630x450.jpg 630w, https:\/\/www.hoymercedes.com.ar\/principal\/wp-content\/uploads\/2024\/12\/Wado-AbelPintos.4-150x107.jpg 150w, https:\/\/www.hoymercedes.com.ar\/principal\/wp-content\/uploads\/2024\/12\/Wado-AbelPintos.4-1536x1096.jpg 1536w, https:\/\/www.hoymercedes.com.ar\/principal\/wp-content\/uploads\/2024\/12\/Wado-AbelPintos.4-120x85.jpg 120w, https:\/\/www.hoymercedes.com.ar\/principal\/wp-content\/uploads\/2024\/12\/Wado-AbelPintos.4.jpg 1600w\" sizes=\"auto, (max-width: 1024px) 100vw, 1024px\" \/><\/figure>\n\n\n\n<p>Por su parte, Abel Pintos comparti\u00f3 su emoci\u00f3n al recibir el reconocimiento: \u201cYo siento mucha alegr\u00eda siempre en lo que hago, pero lo siento porque justamente siempre encontr\u00e9, m\u00e1s tarde o m\u00e1s temprano, en los dem\u00e1s el apoyo y el reconocimiento, como en este caso, y eso me llena de entusiasmo\u201d.<\/p>\n\n\n\n<p>\u201cAgradezco esta distinci\u00f3n, todo lo que est\u00e1 pasando ac\u00e1, pero por sobre todas las cosas les agradezco el apoyo, porque lo estoy experimentando yo en persona y me hace muy bien a m\u00ed, a mi coraz\u00f3n, a mi alma. Me da muchas ganas de seguir adelante y de todo lo que se puedan imaginar\u201d, expres\u00f3 el artista. Y reflexion\u00f3: \u201cCuando nos encontramos, cuando nos acompa\u00f1amos y cuando nos apoyamos, estas cosas pasan, las cosas florecen, nosotros florecemos\u201d.<\/p>\n\n\n\n<figure class=\"wp-block-image size-large\"><img loading=\"lazy\" decoding=\"async\" width=\"1024\" height=\"731\" data-attachment-id=\"181356\" data-permalink=\"https:\/\/www.hoymercedes.com.ar\/principal\/2024\/12\/19\/abel-pintos-y-luciano-pereyra-reciben-a-mano-de-wado-reconocimiento-en-el-senado\/wado-abelpintos\/#main\" data-orig-file=\"https:\/\/www.hoymercedes.com.ar\/principal\/wp-content\/uploads\/2024\/12\/Wado-AbelPintos.jpg\" data-orig-size=\"1600,1142\" data-comments-opened=\"0\" data-image-meta=\"{&quot;aperture&quot;:&quot;0&quot;,&quot;credit&quot;:&quot;&quot;,&quot;camera&quot;:&quot;&quot;,&quot;caption&quot;:&quot;&quot;,&quot;created_timestamp&quot;:&quot;0&quot;,&quot;copyright&quot;:&quot;&quot;,&quot;focal_length&quot;:&quot;0&quot;,&quot;iso&quot;:&quot;0&quot;,&quot;shutter_speed&quot;:&quot;0&quot;,&quot;title&quot;:&quot;&quot;,&quot;orientation&quot;:&quot;0&quot;}\" data-image-title=\"Abel Pintos y Luciano Pereyra reciben a mano de Wado reconocimiento en el Senado\" data-image-description=\"&lt;p&gt;Abel Pintos y Luciano Pereyra reciben a mano de Wado reconocimiento en el Senado&lt;\/p&gt;\n\" data-image-caption=\"&lt;p&gt;Abel Pintos y Luciano Pereyra reciben a mano de Wado reconocimiento en el Senado&lt;\/p&gt;\n\" data-large-file=\"https:\/\/www.hoymercedes.com.ar\/principal\/wp-content\/uploads\/2024\/12\/Wado-AbelPintos-1024x731.jpg\" src=\"https:\/\/www.hoymercedes.com.ar\/principal\/wp-content\/uploads\/2024\/12\/Wado-AbelPintos-1024x731.jpg\" alt=\"\" class=\"wp-image-181356\" srcset=\"https:\/\/www.hoymercedes.com.ar\/principal\/wp-content\/uploads\/2024\/12\/Wado-AbelPintos-1024x731.jpg 1024w, https:\/\/www.hoymercedes.com.ar\/principal\/wp-content\/uploads\/2024\/12\/Wado-AbelPintos-630x450.jpg 630w, https:\/\/www.hoymercedes.com.ar\/principal\/wp-content\/uploads\/2024\/12\/Wado-AbelPintos-150x107.jpg 150w, https:\/\/www.hoymercedes.com.ar\/principal\/wp-content\/uploads\/2024\/12\/Wado-AbelPintos-1536x1096.jpg 1536w, https:\/\/www.hoymercedes.com.ar\/principal\/wp-content\/uploads\/2024\/12\/Wado-AbelPintos-120x85.jpg 120w, https:\/\/www.hoymercedes.com.ar\/principal\/wp-content\/uploads\/2024\/12\/Wado-AbelPintos.jpg 1600w\" sizes=\"auto, (max-width: 1024px) 100vw, 1024px\" \/><\/figure>\n\n\n\n<p>En representaci\u00f3n de Luciano Pereyra, que no pudo asistir por razones de agenda, el diploma fue recibido por el propio Abel Pintos, su compa\u00f1ero de escenario en la gira \u201cEs Ahora\u201d. Esta gira, adem\u00e1s de recorrer diversas provincias y pa\u00edses, logr\u00f3 el r\u00e9cord hist\u00f3rico de 34 presentaciones en el estadio Luna Park.<\/p>\n\n\n\n<p>Marcelo Gonz\u00e1lez, director ejecutivo de la productora Plan Divino Group, tambi\u00e9n dedic\u00f3 unas palabras destacando la figura de Abel Pintos. \u201cComo bien dijo Wado, Abel primero es gigante abajo, despu\u00e9s es gigante arriba\u201d, destac\u00f3. Y concluy\u00f3 con emoci\u00f3n: \u201cAbel traza su vida linkeado a dejar una huella, una huella que est\u00e9 ligada a la educaci\u00f3n, a la cultura, al medio ambiente, al amor, a la paz, a la sabidur\u00eda\u201d.<\/p>\n\n\n\n<p>La ceremonia de entrega tuvo lugar en la hist\u00f3rica Confiter\u00eda El Molino y cont\u00f3 con la participaci\u00f3n del presidente de Sony Argentina, Daniel Amato. Tambi\u00e9n estuvieron presentes las senadoras Mar\u00eda Teresa Gonz\u00e1lez (Formosa) y Florencia L\u00f3pez (La Rioja), junto al diputado Roberto Mirabella (Santa Fe).<\/p>\n\n\n\n<figure class=\"wp-block-image size-large\"><img loading=\"lazy\" decoding=\"async\" width=\"1024\" height=\"731\" data-attachment-id=\"181357\" data-permalink=\"https:\/\/www.hoymercedes.com.ar\/principal\/2024\/12\/19\/abel-pintos-y-luciano-pereyra-reciben-a-mano-de-wado-reconocimiento-en-el-senado\/wado-abelpintos-3\/#main\" data-orig-file=\"https:\/\/www.hoymercedes.com.ar\/principal\/wp-content\/uploads\/2024\/12\/Wado-AbelPintos.3.jpg\" data-orig-size=\"1600,1142\" data-comments-opened=\"0\" data-image-meta=\"{&quot;aperture&quot;:&quot;0&quot;,&quot;credit&quot;:&quot;&quot;,&quot;camera&quot;:&quot;&quot;,&quot;caption&quot;:&quot;&quot;,&quot;created_timestamp&quot;:&quot;0&quot;,&quot;copyright&quot;:&quot;&quot;,&quot;focal_length&quot;:&quot;0&quot;,&quot;iso&quot;:&quot;0&quot;,&quot;shutter_speed&quot;:&quot;0&quot;,&quot;title&quot;:&quot;&quot;,&quot;orientation&quot;:&quot;0&quot;}\" data-image-title=\"Abel Pintos y Luciano Pereyra reciben a mano de Wado reconocimiento en el Senado\" data-image-description=\"&lt;p&gt;Abel Pintos y Luciano Pereyra reciben a mano de Wado reconocimiento en el Senado&lt;\/p&gt;\n\" data-image-caption=\"&lt;p&gt;Abel Pintos y Luciano Pereyra reciben a mano de Wado reconocimiento en el Senado&lt;\/p&gt;\n\" data-large-file=\"https:\/\/www.hoymercedes.com.ar\/principal\/wp-content\/uploads\/2024\/12\/Wado-AbelPintos.3-1024x731.jpg\" src=\"https:\/\/www.hoymercedes.com.ar\/principal\/wp-content\/uploads\/2024\/12\/Wado-AbelPintos.3-1024x731.jpg\" alt=\"\" class=\"wp-image-181357\" srcset=\"https:\/\/www.hoymercedes.com.ar\/principal\/wp-content\/uploads\/2024\/12\/Wado-AbelPintos.3-1024x731.jpg 1024w, https:\/\/www.hoymercedes.com.ar\/principal\/wp-content\/uploads\/2024\/12\/Wado-AbelPintos.3-630x450.jpg 630w, https:\/\/www.hoymercedes.com.ar\/principal\/wp-content\/uploads\/2024\/12\/Wado-AbelPintos.3-150x107.jpg 150w, https:\/\/www.hoymercedes.com.ar\/principal\/wp-content\/uploads\/2024\/12\/Wado-AbelPintos.3-1536x1096.jpg 1536w, https:\/\/www.hoymercedes.com.ar\/principal\/wp-content\/uploads\/2024\/12\/Wado-AbelPintos.3-120x85.jpg 120w, https:\/\/www.hoymercedes.com.ar\/principal\/wp-content\/uploads\/2024\/12\/Wado-AbelPintos.3.jpg 1600w\" sizes=\"auto, (max-width: 1024px) 100vw, 1024px\" \/><\/figure>\n\n\n\n<p>Para cerrar la jornada, Abel Pintos enton\u00f3 las estrofas del Himno Nacional Argentino, dando un emotivo broche final a la ceremonia de reconocimiento.<\/p>\n","protected":false},"excerpt":{"rendered":"<p>El presidente de la Comisi\u00f3n de Educaci\u00f3n y Cultura del Senado de la Naci\u00f3n, Wado de Pedro, entreg\u00f3 el Diploma &#8230; <a title=\"Abel Pintos y Luciano Pereyra reciben a mano de Wado reconocimiento en el Senado\" class=\"read-more\" href=\"https:\/\/www.hoymercedes.com.ar\/principal\/2024\/12\/19\/abel-pintos-y-luciano-pereyra-reciben-a-mano-de-wado-reconocimiento-en-el-senado\/\" aria-label=\"Leer m\u00e1s sobre Abel Pintos y Luciano Pereyra reciben a mano de Wado reconocimiento en el Senado\">Leer m\u00e1s<\/a><\/p>\n","protected":false},"author":1,"featured_media":181355,"comment_status":"closed","ping_status":"open","sticky":false,"template":"","format":"standard","meta":{"_monsterinsights_skip_tracking":false,"_monsterinsights_sitenote_active":false,"_monsterinsights_sitenote_note":"","_monsterinsights_sitenote_category":0,"jetpack_post_was_ever_published":false,"_jetpack_newsletter_access":"","_jetpack_dont_email_post_to_subs":false,"_jetpack_newsletter_tier_id":0,"_jetpack_memberships_contains_paywalled_content":false,"_jetpack_memberships_contains_paid_content":false,"footnotes":"","jetpack_publicize_message":"","jetpack_publicize_feature_enabled":true,"jetpack_social_post_already_shared":true,"jetpack_social_options":{"image_generator_settings":{"template":"highway","default_image_id":0,"font":"","enabled":false},"version":2},"_wpas_customize_per_network":false},"categories":[104],"tags":[3723,2976,20081,20082,281],"class_list":["post-181353","post","type-post","status-publish","format-standard","has-post-thumbnail","hentry","category-cultura","tag-abel-pintos","tag-luciano-pereyra","tag-senado-wado","tag-senador-de-pedro","tag-wado-de-pedro","generate-columns","tablet-grid-50","mobile-grid-100","grid-parent","grid-50"],"jetpack_publicize_connections":[],"jetpack_featured_media_url":"https:\/\/www.hoymercedes.com.ar\/principal\/wp-content\/uploads\/2024\/12\/Wado-AbelPintos.4.jpg","wps_subtitle":"Reconocimiento ","jetpack_sharing_enabled":true,"_links":{"self":[{"href":"https:\/\/www.hoymercedes.com.ar\/principal\/wp-json\/wp\/v2\/posts\/181353","targetHints":{"allow":["GET"]}}],"collection":[{"href":"https:\/\/www.hoymercedes.com.ar\/principal\/wp-json\/wp\/v2\/posts"}],"about":[{"href":"https:\/\/www.hoymercedes.com.ar\/principal\/wp-json\/wp\/v2\/types\/post"}],"author":[{"embeddable":true,"href":"https:\/\/www.hoymercedes.com.ar\/principal\/wp-json\/wp\/v2\/users\/1"}],"replies":[{"embeddable":true,"href":"https:\/\/www.hoymercedes.com.ar\/principal\/wp-json\/wp\/v2\/comments?post=181353"}],"version-history":[{"count":0,"href":"https:\/\/www.hoymercedes.com.ar\/principal\/wp-json\/wp\/v2\/posts\/181353\/revisions"}],"wp:featuredmedia":[{"embeddable":true,"href":"https:\/\/www.hoymercedes.com.ar\/principal\/wp-json\/wp\/v2\/media\/181355"}],"wp:attachment":[{"href":"https:\/\/www.hoymercedes.com.ar\/principal\/wp-json\/wp\/v2\/media?parent=181353"}],"wp:term":[{"taxonomy":"category","embeddable":true,"href":"https:\/\/www.hoymercedes.com.ar\/principal\/wp-json\/wp\/v2\/categories?post=181353"},{"taxonomy":"post_tag","embeddable":true,"href":"https:\/\/www.hoymercedes.com.ar\/principal\/wp-json\/wp\/v2\/tags?post=181353"}],"curies":[{"name":"wp","href":"https:\/\/api.w.org\/{rel}","templated":true}]}}