{"id":181391,"date":"2024-12-21T15:54:06","date_gmt":"2024-12-21T18:54:06","guid":{"rendered":"https:\/\/www.hoymercedes.com.ar\/principal\/?p=181391"},"modified":"2024-12-21T15:54:08","modified_gmt":"2024-12-21T18:54:08","slug":"excelente-eleccion-de-fagundez-en-la-sociedad-rural","status":"publish","type":"post","link":"https:\/\/www.hoymercedes.com.ar\/principal\/2024\/12\/21\/excelente-eleccion-de-fagundez-en-la-sociedad-rural\/","title":{"rendered":"Excelente elecci\u00f3n de Fag\u00fandez en la Sociedad Rural"},"content":{"rendered":"\n<figure class=\"wp-block-image size-large\"><img loading=\"lazy\" decoding=\"async\" width=\"1024\" height=\"576\" data-attachment-id=\"181393\" data-permalink=\"https:\/\/www.hoymercedes.com.ar\/principal\/2024\/12\/21\/excelente-eleccion-de-fagundez-en-la-sociedad-rural\/sociedadruralmercedes-leonadrofabundez\/#main\" data-orig-file=\"https:\/\/www.hoymercedes.com.ar\/principal\/wp-content\/uploads\/2024\/12\/SociedadRuralMercedes-LeonadroFabundez.jpg\" data-orig-size=\"1600,900\" data-comments-opened=\"0\" data-image-meta=\"{&quot;aperture&quot;:&quot;0&quot;,&quot;credit&quot;:&quot;&quot;,&quot;camera&quot;:&quot;&quot;,&quot;caption&quot;:&quot;&quot;,&quot;created_timestamp&quot;:&quot;0&quot;,&quot;copyright&quot;:&quot;&quot;,&quot;focal_length&quot;:&quot;0&quot;,&quot;iso&quot;:&quot;0&quot;,&quot;shutter_speed&quot;:&quot;0&quot;,&quot;title&quot;:&quot;&quot;,&quot;orientation&quot;:&quot;0&quot;}\" data-image-title=\"SociedadRuralMercedes-LeonadroFabundez\" data-image-description=\"&lt;p&gt;Excelente elecci\u00f3n de Fag\u00fandez en la Sociedad Rural&lt;\/p&gt;\n\" data-image-caption=\"&lt;p&gt;Excelente elecci\u00f3n de Fag\u00fandez en la Sociedad Rural&lt;\/p&gt;\n\" data-large-file=\"https:\/\/www.hoymercedes.com.ar\/principal\/wp-content\/uploads\/2024\/12\/SociedadRuralMercedes-LeonadroFabundez-1024x576.jpg\" src=\"https:\/\/www.hoymercedes.com.ar\/principal\/wp-content\/uploads\/2024\/12\/SociedadRuralMercedes-LeonadroFabundez-1024x576.jpg\" alt=\"\" class=\"wp-image-181393\" srcset=\"https:\/\/www.hoymercedes.com.ar\/principal\/wp-content\/uploads\/2024\/12\/SociedadRuralMercedes-LeonadroFabundez-1024x576.jpg 1024w, https:\/\/www.hoymercedes.com.ar\/principal\/wp-content\/uploads\/2024\/12\/SociedadRuralMercedes-LeonadroFabundez-630x354.jpg 630w, https:\/\/www.hoymercedes.com.ar\/principal\/wp-content\/uploads\/2024\/12\/SociedadRuralMercedes-LeonadroFabundez-150x84.jpg 150w, https:\/\/www.hoymercedes.com.ar\/principal\/wp-content\/uploads\/2024\/12\/SociedadRuralMercedes-LeonadroFabundez-1536x864.jpg 1536w, https:\/\/www.hoymercedes.com.ar\/principal\/wp-content\/uploads\/2024\/12\/SociedadRuralMercedes-LeonadroFabundez.jpg 1600w\" sizes=\"auto, (max-width: 1024px) 100vw, 1024px\" \/><\/figure>\n\n\n\n<p>Leonardo Fag\u00fandez hizo una excelente elecci\u00f3n y fue elegido por casi el doble de la lista conducida por Aristi. La elecci\u00f3n termino 67 a 36 a favor del primero y su equipo de trabajo.<\/p>\n\n\n\n<p>Este viernes los socios de la Sociedad Rural de Mercedes eligieron a las autoridades que van a llevar adelante los destinos de la entidad rural por los pr\u00f3ximos tres a\u00f1os. Fue 67 votos contra 36.<\/p>\n\n\n\n<p>En una elecci\u00f3n muy particular, ya que como hecho inusual hab\u00eda dos listas en pugna: una liderada por Leonardo Fag\u00fandez, quien iba por la reelecci\u00f3n; y otra encabezada por Carlos Aristi, quien ya dirigi\u00f3 durante a\u00f1os la Rural.<\/p>\n\n\n\n<p>En la previa parec\u00eda que iba a ser una elecci\u00f3n re\u00f1ida, pero los socios le dieron un apoyo contundente a Fag\u00fandez, quien logr\u00f3 la reelecci\u00f3n con 67 votos contra 36 de su oponente.<\/p>\n\n\n\n<p>Acompa\u00f1an a Fag\u00fandez en la nueva gesti\u00f3n: Jos\u00e9 Luis Casaretto, Guillermo Rinaldi, Fabio Degruttola, Guido Spinelli, Mar\u00eda del Rosario Navia, Juan Manuel Scandroglio, Fernando Pescio, Javier Silvestre, H\u00e9ctor Ferzzola, Mar\u00eda del Carmen Rodr\u00edguez, Nicol\u00e1s Degruttola, Santiago De Paola, V\u00edctor Mazzochi, Sebasti\u00e1n Saruves, Pedro Silva, Mart\u00edn Urquiza y Hugo Espeso.<\/p>\n","protected":false},"excerpt":{"rendered":"<p>Leonardo Fag\u00fandez hizo una excelente elecci\u00f3n y fue elegido por casi el doble de la lista conducida por Aristi. La &#8230; <a title=\"Excelente elecci\u00f3n de Fag\u00fandez en la Sociedad Rural\" class=\"read-more\" href=\"https:\/\/www.hoymercedes.com.ar\/principal\/2024\/12\/21\/excelente-eleccion-de-fagundez-en-la-sociedad-rural\/\" aria-label=\"Leer m\u00e1s sobre Excelente elecci\u00f3n de Fag\u00fandez en la Sociedad Rural\">Leer m\u00e1s<\/a><\/p>\n","protected":false},"author":1,"featured_media":181393,"comment_status":"closed","ping_status":"open","sticky":false,"template":"","format":"standard","meta":{"_monsterinsights_skip_tracking":false,"_monsterinsights_sitenote_active":false,"_monsterinsights_sitenote_note":"","_monsterinsights_sitenote_category":0,"jetpack_post_was_ever_published":false,"_jetpack_newsletter_access":"","_jetpack_dont_email_post_to_subs":false,"_jetpack_newsletter_tier_id":0,"_jetpack_memberships_contains_paywalled_content":false,"_jetpack_memberships_contains_paid_content":false,"footnotes":"","jetpack_publicize_message":"","jetpack_publicize_feature_enabled":true,"jetpack_social_post_already_shared":true,"jetpack_social_options":{"image_generator_settings":{"template":"highway","default_image_id":0,"font":"","enabled":false},"version":2},"_wpas_customize_per_network":false},"categories":[8],"tags":[18472,1543],"class_list":["post-181391","post","type-post","status-publish","format-standard","has-post-thumbnail","hentry","category-sociedad","tag-leonardo-fabundez","tag-sociedad-rural-mercedes","generate-columns","tablet-grid-50","mobile-grid-100","grid-parent","grid-50"],"jetpack_publicize_connections":[],"jetpack_featured_media_url":"https:\/\/www.hoymercedes.com.ar\/principal\/wp-content\/uploads\/2024\/12\/SociedadRuralMercedes-LeonadroFabundez.jpg","wps_subtitle":"Instituciones ","jetpack_sharing_enabled":true,"_links":{"self":[{"href":"https:\/\/www.hoymercedes.com.ar\/principal\/wp-json\/wp\/v2\/posts\/181391","targetHints":{"allow":["GET"]}}],"collection":[{"href":"https:\/\/www.hoymercedes.com.ar\/principal\/wp-json\/wp\/v2\/posts"}],"about":[{"href":"https:\/\/www.hoymercedes.com.ar\/principal\/wp-json\/wp\/v2\/types\/post"}],"author":[{"embeddable":true,"href":"https:\/\/www.hoymercedes.com.ar\/principal\/wp-json\/wp\/v2\/users\/1"}],"replies":[{"embeddable":true,"href":"https:\/\/www.hoymercedes.com.ar\/principal\/wp-json\/wp\/v2\/comments?post=181391"}],"version-history":[{"count":0,"href":"https:\/\/www.hoymercedes.com.ar\/principal\/wp-json\/wp\/v2\/posts\/181391\/revisions"}],"wp:featuredmedia":[{"embeddable":true,"href":"https:\/\/www.hoymercedes.com.ar\/principal\/wp-json\/wp\/v2\/media\/181393"}],"wp:attachment":[{"href":"https:\/\/www.hoymercedes.com.ar\/principal\/wp-json\/wp\/v2\/media?parent=181391"}],"wp:term":[{"taxonomy":"category","embeddable":true,"href":"https:\/\/www.hoymercedes.com.ar\/principal\/wp-json\/wp\/v2\/categories?post=181391"},{"taxonomy":"post_tag","embeddable":true,"href":"https:\/\/www.hoymercedes.com.ar\/principal\/wp-json\/wp\/v2\/tags?post=181391"}],"curies":[{"name":"wp","href":"https:\/\/api.w.org\/{rel}","templated":true}]}}