{"id":181396,"date":"2024-12-21T16:18:02","date_gmt":"2024-12-21T19:18:02","guid":{"rendered":"https:\/\/www.hoymercedes.com.ar\/principal\/?p=181396"},"modified":"2024-12-21T16:18:04","modified_gmt":"2024-12-21T19:18:04","slug":"vuelca-auto-con-4-ocupantes-en-rotonda-ingreso-a-mercedes","status":"publish","type":"post","link":"https:\/\/www.hoymercedes.com.ar\/principal\/2024\/12\/21\/vuelca-auto-con-4-ocupantes-en-rotonda-ingreso-a-mercedes\/","title":{"rendered":"Vuelca auto con 4 ocupantes en rotonda ingreso a Mercedes"},"content":{"rendered":"\n<figure class=\"wp-block-image size-large\"><img loading=\"lazy\" decoding=\"async\" width=\"1024\" height=\"562\" data-attachment-id=\"181397\" data-permalink=\"https:\/\/www.hoymercedes.com.ar\/principal\/2024\/12\/21\/vuelca-auto-con-4-ocupantes-en-rotonda-ingreso-a-mercedes\/captura-de-pantalla-2024-12-21-161534\/#main\" data-orig-file=\"https:\/\/www.hoymercedes.com.ar\/principal\/wp-content\/uploads\/2024\/12\/Captura-de-pantalla-2024-12-21-161534.png\" data-orig-size=\"1913,1049\" data-comments-opened=\"0\" data-image-meta=\"{&quot;aperture&quot;:&quot;0&quot;,&quot;credit&quot;:&quot;&quot;,&quot;camera&quot;:&quot;&quot;,&quot;caption&quot;:&quot;&quot;,&quot;created_timestamp&quot;:&quot;0&quot;,&quot;copyright&quot;:&quot;&quot;,&quot;focal_length&quot;:&quot;0&quot;,&quot;iso&quot;:&quot;0&quot;,&quot;shutter_speed&quot;:&quot;0&quot;,&quot;title&quot;:&quot;&quot;,&quot;orientation&quot;:&quot;0&quot;}\" data-image-title=\"Un fallecido por siniestro vial en Ruta 5\" data-image-description=\"&lt;p&gt;Un fallecido por siniestro vial en Ruta 5&lt;\/p&gt;\n\" data-image-caption=\"&lt;p&gt;Un fallecido por siniestro vial en Ruta 5&lt;\/p&gt;\n\" data-large-file=\"https:\/\/www.hoymercedes.com.ar\/principal\/wp-content\/uploads\/2024\/12\/Captura-de-pantalla-2024-12-21-161534-1024x562.png\" src=\"https:\/\/www.hoymercedes.com.ar\/principal\/wp-content\/uploads\/2024\/12\/Captura-de-pantalla-2024-12-21-161534-1024x562.png\" alt=\"\" class=\"wp-image-181397\" srcset=\"https:\/\/www.hoymercedes.com.ar\/principal\/wp-content\/uploads\/2024\/12\/Captura-de-pantalla-2024-12-21-161534-1024x562.png 1024w, https:\/\/www.hoymercedes.com.ar\/principal\/wp-content\/uploads\/2024\/12\/Captura-de-pantalla-2024-12-21-161534-630x345.png 630w, https:\/\/www.hoymercedes.com.ar\/principal\/wp-content\/uploads\/2024\/12\/Captura-de-pantalla-2024-12-21-161534-150x82.png 150w, https:\/\/www.hoymercedes.com.ar\/principal\/wp-content\/uploads\/2024\/12\/Captura-de-pantalla-2024-12-21-161534-1536x842.png 1536w, https:\/\/www.hoymercedes.com.ar\/principal\/wp-content\/uploads\/2024\/12\/Captura-de-pantalla-2024-12-21-161534.png 1913w\" sizes=\"auto, (max-width: 1024px) 100vw, 1024px\" \/><\/figure>\n\n\n\n<p>Un siniestro vial se importancia se vivi\u00f3 a primera hora de este s\u00e1bado en la rotonda de Ruta Nacional N\u00b05 y Ruta N\u00b041, involucrando a 4 vecinos de nuestra comunidad. Aparentemente una maniobra complic\u00f3 la situaci\u00f3n. Actuaron 2 ambulancias del SAME y todos los integrantes fueron trasladados el hospital local.<\/p>\n\n\n\n<p>Pasadas las 7am ingres\u00f3 el alerta al sistema de asistencia del 911.<\/p>\n\n\n\n<p>Se trat\u00f3 del vuelco de un Renault 19 con 4 ocupantes, aparentemente j\u00f3venes. Todos ellos fueron trasladados al nosocomio local conscientes del hecho.<\/p>\n\n\n\n<p>Lo importante, a pesar de lo grave del siniestro&nbsp; y que el auto qued\u00f3 volcado \u00edntegramente, es que no se lamentaron v\u00edctimas.<\/p>\n","protected":false},"excerpt":{"rendered":"<p>Un siniestro vial se importancia se vivi\u00f3 a primera hora de este s\u00e1bado en la rotonda de Ruta Nacional N\u00b05 &#8230; <a title=\"Vuelca auto con 4 ocupantes en rotonda ingreso a Mercedes\" class=\"read-more\" href=\"https:\/\/www.hoymercedes.com.ar\/principal\/2024\/12\/21\/vuelca-auto-con-4-ocupantes-en-rotonda-ingreso-a-mercedes\/\" aria-label=\"Leer m\u00e1s sobre Vuelca auto con 4 ocupantes en rotonda ingreso a Mercedes\">Leer m\u00e1s<\/a><\/p>\n","protected":false},"author":1,"featured_media":181397,"comment_status":"closed","ping_status":"open","sticky":false,"template":"","format":"standard","meta":{"_monsterinsights_skip_tracking":false,"_monsterinsights_sitenote_active":false,"_monsterinsights_sitenote_note":"","_monsterinsights_sitenote_category":0,"jetpack_post_was_ever_published":false,"_jetpack_newsletter_access":"","_jetpack_dont_email_post_to_subs":false,"_jetpack_newsletter_tier_id":0,"_jetpack_memberships_contains_paywalled_content":false,"_jetpack_memberships_contains_paid_content":false,"footnotes":"","jetpack_publicize_message":"","jetpack_publicize_feature_enabled":true,"jetpack_social_post_already_shared":true,"jetpack_social_options":{"image_generator_settings":{"template":"highway","default_image_id":0,"font":"","enabled":false},"version":2},"_wpas_customize_per_network":false},"categories":[85],"tags":[2670,538,10395],"class_list":["post-181396","post","type-post","status-publish","format-standard","has-post-thumbnail","hentry","category-policial","tag-ruta-41","tag-ruta-5","tag-siniestro-vial","generate-columns","tablet-grid-50","mobile-grid-100","grid-parent","grid-50"],"jetpack_publicize_connections":[],"jetpack_featured_media_url":"https:\/\/www.hoymercedes.com.ar\/principal\/wp-content\/uploads\/2024\/12\/Captura-de-pantalla-2024-12-21-161534.png","wps_subtitle":"Sin v\u00edctimas","jetpack_sharing_enabled":true,"_links":{"self":[{"href":"https:\/\/www.hoymercedes.com.ar\/principal\/wp-json\/wp\/v2\/posts\/181396","targetHints":{"allow":["GET"]}}],"collection":[{"href":"https:\/\/www.hoymercedes.com.ar\/principal\/wp-json\/wp\/v2\/posts"}],"about":[{"href":"https:\/\/www.hoymercedes.com.ar\/principal\/wp-json\/wp\/v2\/types\/post"}],"author":[{"embeddable":true,"href":"https:\/\/www.hoymercedes.com.ar\/principal\/wp-json\/wp\/v2\/users\/1"}],"replies":[{"embeddable":true,"href":"https:\/\/www.hoymercedes.com.ar\/principal\/wp-json\/wp\/v2\/comments?post=181396"}],"version-history":[{"count":0,"href":"https:\/\/www.hoymercedes.com.ar\/principal\/wp-json\/wp\/v2\/posts\/181396\/revisions"}],"wp:featuredmedia":[{"embeddable":true,"href":"https:\/\/www.hoymercedes.com.ar\/principal\/wp-json\/wp\/v2\/media\/181397"}],"wp:attachment":[{"href":"https:\/\/www.hoymercedes.com.ar\/principal\/wp-json\/wp\/v2\/media?parent=181396"}],"wp:term":[{"taxonomy":"category","embeddable":true,"href":"https:\/\/www.hoymercedes.com.ar\/principal\/wp-json\/wp\/v2\/categories?post=181396"},{"taxonomy":"post_tag","embeddable":true,"href":"https:\/\/www.hoymercedes.com.ar\/principal\/wp-json\/wp\/v2\/tags?post=181396"}],"curies":[{"name":"wp","href":"https:\/\/api.w.org\/{rel}","templated":true}]}}