{"id":181400,"date":"2024-12-22T00:08:41","date_gmt":"2024-12-22T03:08:41","guid":{"rendered":"https:\/\/www.hoymercedes.com.ar\/principal\/?p=181400"},"modified":"2024-12-22T00:08:44","modified_gmt":"2024-12-22T03:08:44","slug":"el-gasto-de-luz-gas-y-transporte-se-quintuplico-con-milei","status":"publish","type":"post","link":"https:\/\/www.hoymercedes.com.ar\/principal\/2024\/12\/22\/el-gasto-de-luz-gas-y-transporte-se-quintuplico-con-milei\/","title":{"rendered":"El gasto de luz, gas y transporte se quintuplic\u00f3 con Milei"},"content":{"rendered":"\n<figure class=\"wp-block-image size-large\"><img loading=\"lazy\" decoding=\"async\" width=\"1024\" height=\"684\" data-attachment-id=\"181401\" data-permalink=\"https:\/\/www.hoymercedes.com.ar\/principal\/2024\/12\/22\/el-gasto-de-luz-gas-y-transporte-se-quintuplico-con-milei\/pobreza-en-argentina-2\/#main\" data-orig-file=\"https:\/\/www.hoymercedes.com.ar\/principal\/wp-content\/uploads\/2024\/12\/pobreza-en-Argentina-scaled.jpg\" data-orig-size=\"2560,1709\" data-comments-opened=\"0\" data-image-meta=\"{&quot;aperture&quot;:&quot;0&quot;,&quot;credit&quot;:&quot;&quot;,&quot;camera&quot;:&quot;&quot;,&quot;caption&quot;:&quot;&quot;,&quot;created_timestamp&quot;:&quot;0&quot;,&quot;copyright&quot;:&quot;Freepik Company S.L. - www.freepik.com&quot;,&quot;focal_length&quot;:&quot;0&quot;,&quot;iso&quot;:&quot;0&quot;,&quot;shutter_speed&quot;:&quot;0&quot;,&quot;title&quot;:&quot;&quot;,&quot;orientation&quot;:&quot;0&quot;}\" data-image-title=\"pobreza en Argentina\" data-image-description=\"&lt;p&gt;El gasto de luz, gas y transporte se quintuplic\u00f3 con Milei&lt;\/p&gt;\n\" data-image-caption=\"&lt;p&gt;El gasto de luz, gas y transporte se quintuplic\u00f3 con Milei&lt;\/p&gt;\n\" data-large-file=\"https:\/\/www.hoymercedes.com.ar\/principal\/wp-content\/uploads\/2024\/12\/pobreza-en-Argentina-1024x684.jpg\" src=\"https:\/\/www.hoymercedes.com.ar\/principal\/wp-content\/uploads\/2024\/12\/pobreza-en-Argentina-1024x684.jpg\" alt=\"\" class=\"wp-image-181401\" srcset=\"https:\/\/www.hoymercedes.com.ar\/principal\/wp-content\/uploads\/2024\/12\/pobreza-en-Argentina-1024x684.jpg 1024w, https:\/\/www.hoymercedes.com.ar\/principal\/wp-content\/uploads\/2024\/12\/pobreza-en-Argentina-630x421.jpg 630w, https:\/\/www.hoymercedes.com.ar\/principal\/wp-content\/uploads\/2024\/12\/pobreza-en-Argentina-150x100.jpg 150w, https:\/\/www.hoymercedes.com.ar\/principal\/wp-content\/uploads\/2024\/12\/pobreza-en-Argentina-1536x1025.jpg 1536w, https:\/\/www.hoymercedes.com.ar\/principal\/wp-content\/uploads\/2024\/12\/pobreza-en-Argentina-2048x1367.jpg 2048w\" sizes=\"auto, (max-width: 1024px) 100vw, 1024px\" \/><\/figure>\n\n\n\n<p>En el \u00faltimo a\u00f1o las familias pagan hasta 5 veces m\u00e1s por gastos b\u00e1sicos en energ\u00eda el\u00e9ctrica, luz, gas y transporte. El impacto se da por distintas cuestiones: devaluaci\u00f3n, quita de subsidios e incremento de las tarifas, como as\u00ed tambi\u00e9n por la desregulaci\u00f3n.<\/p>\n\n\n\n<p>El dato surge del Observatorio de Tarifas y Subsidios del Instituto Interdisciplinario de Econom\u00eda Pol\u00edtica (IIEP) de la UBA y el Conicet.<\/p>\n\n\n\n<p>\u201cUn hogar promedio de la Ciudad o el Gran Buenos Aires que est\u00e1 categorizado como Nivel 1 (N1) de la segmentaci\u00f3n -el de mayores ingresos y\/o patrimonios o aquellos que no pidieron o renunciaron a la ayuda del Estado- gastar\u00e1 este mes $ 143.819 para pagar la luz, el gas, el servicio de Agua y Saneamientos Argentinos (AySA) y los viajes en colectivos\u201d<\/p>\n\n\n\n<p>\u201cEsa misma canasta en diciembre del 2023 ten\u00eda un costo de $ 28.651. Se trata de un aumento interanual del 402% nominal o de aproximadamente 130% en t\u00e9rminos reales (descontado el efecto de la inflaci\u00f3n) en un a\u00f1o\u201d inform\u00f3 el Diario Clar\u00edn.<\/p>\n","protected":false},"excerpt":{"rendered":"<p>En el \u00faltimo a\u00f1o las familias pagan hasta 5 veces m\u00e1s por gastos b\u00e1sicos en energ\u00eda el\u00e9ctrica, luz, gas y &#8230; <a title=\"El gasto de luz, gas y transporte se quintuplic\u00f3 con Milei\" class=\"read-more\" href=\"https:\/\/www.hoymercedes.com.ar\/principal\/2024\/12\/22\/el-gasto-de-luz-gas-y-transporte-se-quintuplico-con-milei\/\" aria-label=\"Leer m\u00e1s sobre El gasto de luz, gas y transporte se quintuplic\u00f3 con Milei\">Leer m\u00e1s<\/a><\/p>\n","protected":false},"author":1,"featured_media":181401,"comment_status":"closed","ping_status":"open","sticky":false,"template":"","format":"standard","meta":{"_monsterinsights_skip_tracking":false,"_monsterinsights_sitenote_active":false,"_monsterinsights_sitenote_note":"","_monsterinsights_sitenote_category":0,"jetpack_post_was_ever_published":false,"_jetpack_newsletter_access":"","_jetpack_dont_email_post_to_subs":false,"_jetpack_newsletter_tier_id":0,"_jetpack_memberships_contains_paywalled_content":false,"_jetpack_memberships_contains_paid_content":false,"footnotes":"","jetpack_publicize_message":"","jetpack_publicize_feature_enabled":true,"jetpack_social_post_already_shared":true,"jetpack_social_options":{"image_generator_settings":{"template":"highway","default_image_id":0,"font":"","enabled":false},"version":2},"_wpas_customize_per_network":false},"categories":[8],"tags":[],"class_list":["post-181400","post","type-post","status-publish","format-standard","has-post-thumbnail","hentry","category-sociedad","generate-columns","tablet-grid-50","mobile-grid-100","grid-parent","grid-50"],"jetpack_publicize_connections":[],"jetpack_featured_media_url":"https:\/\/www.hoymercedes.com.ar\/principal\/wp-content\/uploads\/2024\/12\/pobreza-en-Argentina-scaled.jpg","wps_subtitle":"Muy dificil ","jetpack_sharing_enabled":true,"_links":{"self":[{"href":"https:\/\/www.hoymercedes.com.ar\/principal\/wp-json\/wp\/v2\/posts\/181400","targetHints":{"allow":["GET"]}}],"collection":[{"href":"https:\/\/www.hoymercedes.com.ar\/principal\/wp-json\/wp\/v2\/posts"}],"about":[{"href":"https:\/\/www.hoymercedes.com.ar\/principal\/wp-json\/wp\/v2\/types\/post"}],"author":[{"embeddable":true,"href":"https:\/\/www.hoymercedes.com.ar\/principal\/wp-json\/wp\/v2\/users\/1"}],"replies":[{"embeddable":true,"href":"https:\/\/www.hoymercedes.com.ar\/principal\/wp-json\/wp\/v2\/comments?post=181400"}],"version-history":[{"count":0,"href":"https:\/\/www.hoymercedes.com.ar\/principal\/wp-json\/wp\/v2\/posts\/181400\/revisions"}],"wp:featuredmedia":[{"embeddable":true,"href":"https:\/\/www.hoymercedes.com.ar\/principal\/wp-json\/wp\/v2\/media\/181401"}],"wp:attachment":[{"href":"https:\/\/www.hoymercedes.com.ar\/principal\/wp-json\/wp\/v2\/media?parent=181400"}],"wp:term":[{"taxonomy":"category","embeddable":true,"href":"https:\/\/www.hoymercedes.com.ar\/principal\/wp-json\/wp\/v2\/categories?post=181400"},{"taxonomy":"post_tag","embeddable":true,"href":"https:\/\/www.hoymercedes.com.ar\/principal\/wp-json\/wp\/v2\/tags?post=181400"}],"curies":[{"name":"wp","href":"https:\/\/api.w.org\/{rel}","templated":true}]}}