{"id":18152,"date":"2012-11-24T04:24:12","date_gmt":"2012-11-24T04:24:12","guid":{"rendered":"http:\/\/www.hoymercedes.com.ar\/principal\/?p=18152"},"modified":"2012-11-24T04:28:00","modified_gmt":"2012-11-24T04:28:00","slug":"frente-mercedino-participara-de-jornada-por-el-medio-ambiente","status":"publish","type":"post","link":"https:\/\/www.hoymercedes.com.ar\/principal\/2012\/11\/24\/frente-mercedino-participara-de-jornada-por-el-medio-ambiente\/","title":{"rendered":"Frente Mercedino participar\u00e1 de jornada por el medio ambiente"},"content":{"rendered":"<p>Este\u00a0s\u00e1bado\u00a01\u00b0 de diciembre a las 10:30 hs. se llevara a cabo una jornada de concientizaci\u00f3n por el medio ambiente, esta se desarrollara a trav\u00e9s de una bicicleteada recorriendo distintos puntos cr\u00edticos en cuanto a medio ambiente para detectar algunos problemas que afectan a los vecinos de la ciudad, mas precisamente a aquellos que residen en cercan\u00edas del\u00a0R\u00edo\u00a0Lujan y canales fluviales.<\/p>\n<p>El punto de encuentro para esta actividad ser\u00e1\u00a0en la avenida 47 esquina 26, como punta de partida se recorrer\u00e1 el canal de la 16 donde muchas familias fueron afectadas tras la ultima inundaci\u00f3n, luego el grupo de la comisi\u00f3n de Medio ambiente del Frente Mercedino junto a grupos ligados a esta problem\u00e1tica, caso S.O.S Habitat, se trasladaran por la costa del\u00a0r\u00edo\u00a0Lujan\u00a0 visitando distintos canales de\u00a0desag\u00fce\u00a0verificando los problemas visibles y\u00a0as\u00ed\u00a0tomando nota tras un trabajo de campo que realizaran en conjunto los grupos antes mencionados para realizar un informe para ser presentado ante los concejales de este espacio.<\/p>\n<p>Esta bicicleteada es abierta a toda la comunidad y esperando la participaci\u00f3n de toda la sociedad ya que este tipo de problem\u00e1tica es perjudicial para todos, no solamente para aquellos que viven en las zonas mencionadas.<\/p>\n","protected":false},"excerpt":{"rendered":"<p>Este\u00a0s\u00e1bado\u00a01\u00b0 de diciembre a las 10:30 hs. se llevara a cabo una jornada de concientizaci\u00f3n por el medio ambiente, esta &#8230; <a title=\"Frente Mercedino participar\u00e1 de jornada por el medio ambiente\" class=\"read-more\" href=\"https:\/\/www.hoymercedes.com.ar\/principal\/2012\/11\/24\/frente-mercedino-participara-de-jornada-por-el-medio-ambiente\/\" aria-label=\"Leer m\u00e1s sobre Frente Mercedino participar\u00e1 de jornada por el medio ambiente\">Leer m\u00e1s<\/a><\/p>\n","protected":false},"author":1,"featured_media":0,"comment_status":"open","ping_status":"open","sticky":false,"template":"","format":"standard","meta":{"_monsterinsights_skip_tracking":false,"_monsterinsights_sitenote_active":false,"_monsterinsights_sitenote_note":"","_monsterinsights_sitenote_category":0,"jetpack_post_was_ever_published":false,"_jetpack_newsletter_access":"","_jetpack_dont_email_post_to_subs":false,"_jetpack_newsletter_tier_id":0,"_jetpack_memberships_contains_paywalled_content":false,"_jetpack_memberships_contains_paid_content":false,"footnotes":"","jetpack_publicize_message":"","jetpack_publicize_feature_enabled":true,"jetpack_social_post_already_shared":false,"jetpack_social_options":{"image_generator_settings":{"template":"highway","default_image_id":0,"font":"","enabled":false},"version":2},"_wpas_customize_per_network":false},"categories":[8],"tags":[1007,43,681],"class_list":["post-18152","post","type-post","status-publish","format-standard","hentry","category-sociedad","tag-frente-mercedino","tag-medio-ambiente","tag-s-o-s-habitat","generate-columns","tablet-grid-50","mobile-grid-100","grid-parent","grid-50"],"jetpack_publicize_connections":[],"jetpack_featured_media_url":"","wps_subtitle":"","jetpack_sharing_enabled":true,"_links":{"self":[{"href":"https:\/\/www.hoymercedes.com.ar\/principal\/wp-json\/wp\/v2\/posts\/18152","targetHints":{"allow":["GET"]}}],"collection":[{"href":"https:\/\/www.hoymercedes.com.ar\/principal\/wp-json\/wp\/v2\/posts"}],"about":[{"href":"https:\/\/www.hoymercedes.com.ar\/principal\/wp-json\/wp\/v2\/types\/post"}],"author":[{"embeddable":true,"href":"https:\/\/www.hoymercedes.com.ar\/principal\/wp-json\/wp\/v2\/users\/1"}],"replies":[{"embeddable":true,"href":"https:\/\/www.hoymercedes.com.ar\/principal\/wp-json\/wp\/v2\/comments?post=18152"}],"version-history":[{"count":0,"href":"https:\/\/www.hoymercedes.com.ar\/principal\/wp-json\/wp\/v2\/posts\/18152\/revisions"}],"wp:attachment":[{"href":"https:\/\/www.hoymercedes.com.ar\/principal\/wp-json\/wp\/v2\/media?parent=18152"}],"wp:term":[{"taxonomy":"category","embeddable":true,"href":"https:\/\/www.hoymercedes.com.ar\/principal\/wp-json\/wp\/v2\/categories?post=18152"},{"taxonomy":"post_tag","embeddable":true,"href":"https:\/\/www.hoymercedes.com.ar\/principal\/wp-json\/wp\/v2\/tags?post=18152"}],"curies":[{"name":"wp","href":"https:\/\/api.w.org\/{rel}","templated":true}]}}