{"id":18156,"date":"2012-11-24T04:49:01","date_gmt":"2012-11-24T04:49:01","guid":{"rendered":"http:\/\/www.hoymercedes.com.ar\/principal\/?p=18156"},"modified":"2012-11-24T04:51:18","modified_gmt":"2012-11-24T04:51:18","slug":"agrupacion-25-mujeres-que-lucha-contra-la-violencia-estara-en-mercedes","status":"publish","type":"post","link":"https:\/\/www.hoymercedes.com.ar\/principal\/2012\/11\/24\/agrupacion-25-mujeres-que-lucha-contra-la-violencia-estara-en-mercedes\/","title":{"rendered":"Agrupaci\u00f3n \u00ab25 mujeres\u00bb que lucha contra la violencia estar\u00e1 en Mercedes"},"content":{"rendered":"<p>La agrupaci\u00f3n \u00ab25 mujeres\u00bb estar\u00e1 presente en Mercedes el pr\u00f3ximo martes \u00a0a las 10.00hs brindando una charla a toda la comunidad en el \u00e1mbito del Complejo Ameghino Mar\u00edn.<\/p>\n<p>La actividad se enmarca en el d\u00eda internacional de la lucha contra la violencia de g\u00e9nero y es programada por la Mesa de Violencia local.<\/p>\n<p>Se tratar\u00e1n temas relacionados con la violencia a la mujer, experiencias, como encarar las situaciones y m\u00e1s. Muchos de los temas que son quiz\u00e1s conocidos por parte de la comunidad tendr\u00e1n un abordaje diferentes a partir de la interacci\u00f3n con el p\u00fablico que podr\u00e1 efectuar consultas y preguntas.<\/p>\n<p>25 mujeres es una ONG que trabaja en la problem\u00e1tica de violencia familiar. Un Equipo Interdisciplinario de Trabajadores sociales, Abogados, Psic\u00f3logos Sociales, Estudiantes y Personas interesados en erradicar la Violencia que trabajan de forma voluntaria brindando un espacio de contenci\u00f3n.<\/p>\n<p>A su vez tiene la participaci\u00f3n de diversos famosos que suelen sumarse a sus campa\u00f1as de difusi\u00f3n y prevenci\u00f3n.<\/p>\n","protected":false},"excerpt":{"rendered":"<p>La agrupaci\u00f3n \u00ab25 mujeres\u00bb estar\u00e1 presente en Mercedes el pr\u00f3ximo martes \u00a0a las 10.00hs brindando una charla a toda la &#8230; <a title=\"Agrupaci\u00f3n \u00ab25 mujeres\u00bb que lucha contra la violencia estar\u00e1 en Mercedes\" class=\"read-more\" href=\"https:\/\/www.hoymercedes.com.ar\/principal\/2012\/11\/24\/agrupacion-25-mujeres-que-lucha-contra-la-violencia-estara-en-mercedes\/\" aria-label=\"Leer m\u00e1s sobre Agrupaci\u00f3n \u00ab25 mujeres\u00bb que lucha contra la violencia estar\u00e1 en Mercedes\">Leer m\u00e1s<\/a><\/p>\n","protected":false},"author":1,"featured_media":0,"comment_status":"open","ping_status":"open","sticky":false,"template":"","format":"standard","meta":{"_monsterinsights_skip_tracking":false,"_monsterinsights_sitenote_active":false,"_monsterinsights_sitenote_note":"","_monsterinsights_sitenote_category":0,"jetpack_post_was_ever_published":false,"_jetpack_newsletter_access":"","_jetpack_dont_email_post_to_subs":false,"_jetpack_newsletter_tier_id":0,"_jetpack_memberships_contains_paywalled_content":false,"_jetpack_memberships_contains_paid_content":false,"footnotes":"","jetpack_publicize_message":"","jetpack_publicize_feature_enabled":true,"jetpack_social_post_already_shared":false,"jetpack_social_options":{"image_generator_settings":{"template":"highway","default_image_id":0,"font":"","enabled":false},"version":2},"_wpas_customize_per_network":false},"categories":[8],"tags":[3008],"class_list":["post-18156","post","type-post","status-publish","format-standard","hentry","category-sociedad","tag-25-mujeres","generate-columns","tablet-grid-50","mobile-grid-100","grid-parent","grid-50"],"jetpack_publicize_connections":[],"jetpack_featured_media_url":"","wps_subtitle":"","jetpack_sharing_enabled":true,"_links":{"self":[{"href":"https:\/\/www.hoymercedes.com.ar\/principal\/wp-json\/wp\/v2\/posts\/18156","targetHints":{"allow":["GET"]}}],"collection":[{"href":"https:\/\/www.hoymercedes.com.ar\/principal\/wp-json\/wp\/v2\/posts"}],"about":[{"href":"https:\/\/www.hoymercedes.com.ar\/principal\/wp-json\/wp\/v2\/types\/post"}],"author":[{"embeddable":true,"href":"https:\/\/www.hoymercedes.com.ar\/principal\/wp-json\/wp\/v2\/users\/1"}],"replies":[{"embeddable":true,"href":"https:\/\/www.hoymercedes.com.ar\/principal\/wp-json\/wp\/v2\/comments?post=18156"}],"version-history":[{"count":0,"href":"https:\/\/www.hoymercedes.com.ar\/principal\/wp-json\/wp\/v2\/posts\/18156\/revisions"}],"wp:attachment":[{"href":"https:\/\/www.hoymercedes.com.ar\/principal\/wp-json\/wp\/v2\/media?parent=18156"}],"wp:term":[{"taxonomy":"category","embeddable":true,"href":"https:\/\/www.hoymercedes.com.ar\/principal\/wp-json\/wp\/v2\/categories?post=18156"},{"taxonomy":"post_tag","embeddable":true,"href":"https:\/\/www.hoymercedes.com.ar\/principal\/wp-json\/wp\/v2\/tags?post=18156"}],"curies":[{"name":"wp","href":"https:\/\/api.w.org\/{rel}","templated":true}]}}