{"id":181682,"date":"2025-01-04T02:03:38","date_gmt":"2025-01-04T05:03:38","guid":{"rendered":"https:\/\/www.hoymercedes.com.ar\/principal\/?p=181682"},"modified":"2025-01-04T02:03:40","modified_gmt":"2025-01-04T05:03:40","slug":"intendente-visito-a-melina-la-primera-mercedina-del-ano","status":"publish","type":"post","link":"https:\/\/www.hoymercedes.com.ar\/principal\/2025\/01\/04\/intendente-visito-a-melina-la-primera-mercedina-del-ano\/","title":{"rendered":"Intendente visit\u00f3 a Melina, la primera mercedina del a\u00f1o"},"content":{"rendered":"\n<figure class=\"wp-block-image size-large\"><img loading=\"lazy\" decoding=\"async\" width=\"1024\" height=\"1024\" data-attachment-id=\"181683\" data-permalink=\"https:\/\/www.hoymercedes.com.ar\/principal\/2025\/01\/04\/intendente-visito-a-melina-la-primera-mercedina-del-ano\/primerabebedelano\/#main\" data-orig-file=\"https:\/\/www.hoymercedes.com.ar\/principal\/wp-content\/uploads\/2025\/01\/PrimeraBebeDelAno.jpg\" data-orig-size=\"2048,2048\" data-comments-opened=\"0\" data-image-meta=\"{&quot;aperture&quot;:&quot;0&quot;,&quot;credit&quot;:&quot;&quot;,&quot;camera&quot;:&quot;&quot;,&quot;caption&quot;:&quot;&quot;,&quot;created_timestamp&quot;:&quot;0&quot;,&quot;copyright&quot;:&quot;&quot;,&quot;focal_length&quot;:&quot;0&quot;,&quot;iso&quot;:&quot;0&quot;,&quot;shutter_speed&quot;:&quot;0&quot;,&quot;title&quot;:&quot;&quot;,&quot;orientation&quot;:&quot;0&quot;}\" data-image-title=\"PrimeraBebeDelA\u00f1o\" data-image-description=\"&lt;p&gt;Intendente visit\u00f3 a Melina, la primera mercedina del a\u00f1o&lt;\/p&gt;\n\" data-image-caption=\"\" data-large-file=\"https:\/\/www.hoymercedes.com.ar\/principal\/wp-content\/uploads\/2025\/01\/PrimeraBebeDelAno-1024x1024.jpg\" src=\"https:\/\/www.hoymercedes.com.ar\/principal\/wp-content\/uploads\/2025\/01\/PrimeraBebeDelAno-1024x1024.jpg\" alt=\"Intendente visit\u00f3 a Melina, la primera mercedina del a\u00f1o\" class=\"wp-image-181683\" srcset=\"https:\/\/www.hoymercedes.com.ar\/principal\/wp-content\/uploads\/2025\/01\/PrimeraBebeDelAno-1024x1024.jpg 1024w, https:\/\/www.hoymercedes.com.ar\/principal\/wp-content\/uploads\/2025\/01\/PrimeraBebeDelAno-620x620.jpg 620w, https:\/\/www.hoymercedes.com.ar\/principal\/wp-content\/uploads\/2025\/01\/PrimeraBebeDelAno-150x150.jpg 150w, https:\/\/www.hoymercedes.com.ar\/principal\/wp-content\/uploads\/2025\/01\/PrimeraBebeDelAno-1536x1536.jpg 1536w, https:\/\/www.hoymercedes.com.ar\/principal\/wp-content\/uploads\/2025\/01\/PrimeraBebeDelAno.jpg 2048w\" sizes=\"auto, (max-width: 1024px) 100vw, 1024px\" \/><\/figure>\n\n\n\n<p>Como es ya una tradici\u00f3n el intendente <strong>Juan Ustarroz<\/strong> visit\u00f3 a la primera beb\u00e9 nacida del a\u00f1o. La peque\u00f1a es parte del programa de cuidado de la salud y la ni\u00f1ez Primeros Mil D\u00edas. Se llama <strong>Melina<\/strong>, naci\u00f3 el 2 de enero, a las 9.17hs. Su mam\u00e1 es <strong>Priscila Morinigo<\/strong>.<\/p>\n\n\n\n<p>La mam\u00e1 es una vecina de la localidad de Gowland y participa del programa nacionalizado y reconocido por Unicef y la Asociaci\u00f3n de Primera Infancia que el municipio implementa desde hace a\u00f1o: Primeros Mil D\u00edas.<\/p>\n\n\n\n<p>Junto jefe comunal estuvieron acompa\u00f1ando el Lic. Mart\u00edn Avalle y el Dr Guido Antonelli, integrantes del nosocomio local, el secretario de salud, <strong>Pediatra N\u00e9stor Pisapia<\/strong> y la coordinadora Magy Levermann.<\/p>\n\n\n\n<figure class=\"wp-block-image size-large\"><img loading=\"lazy\" decoding=\"async\" width=\"1024\" height=\"1024\" data-attachment-id=\"181684\" data-permalink=\"https:\/\/www.hoymercedes.com.ar\/principal\/2025\/01\/04\/intendente-visito-a-melina-la-primera-mercedina-del-ano\/ustarroz-pisapia\/#main\" data-orig-file=\"https:\/\/www.hoymercedes.com.ar\/principal\/wp-content\/uploads\/2025\/01\/Ustarroz-Pisapia.jpg\" data-orig-size=\"2048,2048\" data-comments-opened=\"0\" data-image-meta=\"{&quot;aperture&quot;:&quot;0&quot;,&quot;credit&quot;:&quot;&quot;,&quot;camera&quot;:&quot;&quot;,&quot;caption&quot;:&quot;&quot;,&quot;created_timestamp&quot;:&quot;0&quot;,&quot;copyright&quot;:&quot;&quot;,&quot;focal_length&quot;:&quot;0&quot;,&quot;iso&quot;:&quot;0&quot;,&quot;shutter_speed&quot;:&quot;0&quot;,&quot;title&quot;:&quot;&quot;,&quot;orientation&quot;:&quot;0&quot;}\" data-image-title=\"Ustarroz-Pisapia\" data-image-description=\"\" data-image-caption=\"\" data-large-file=\"https:\/\/www.hoymercedes.com.ar\/principal\/wp-content\/uploads\/2025\/01\/Ustarroz-Pisapia-1024x1024.jpg\" src=\"https:\/\/www.hoymercedes.com.ar\/principal\/wp-content\/uploads\/2025\/01\/Ustarroz-Pisapia-1024x1024.jpg\" alt=\"\" class=\"wp-image-181684\" srcset=\"https:\/\/www.hoymercedes.com.ar\/principal\/wp-content\/uploads\/2025\/01\/Ustarroz-Pisapia-1024x1024.jpg 1024w, https:\/\/www.hoymercedes.com.ar\/principal\/wp-content\/uploads\/2025\/01\/Ustarroz-Pisapia-620x620.jpg 620w, https:\/\/www.hoymercedes.com.ar\/principal\/wp-content\/uploads\/2025\/01\/Ustarroz-Pisapia-150x150.jpg 150w, https:\/\/www.hoymercedes.com.ar\/principal\/wp-content\/uploads\/2025\/01\/Ustarroz-Pisapia-1536x1536.jpg 1536w, https:\/\/www.hoymercedes.com.ar\/principal\/wp-content\/uploads\/2025\/01\/Ustarroz-Pisapia.jpg 2048w\" sizes=\"auto, (max-width: 1024px) 100vw, 1024px\" \/><\/figure>\n\n\n\n<p>La beba naci\u00f3 en una jornada, contaron, muy atareada para el Dubarry ya que ese mismo d\u00eda tuvieron casi una experiencia r\u00e9cord con 8 nacimientos, siendo Melina la primera de la tanda de partos atendidos.<\/p>\n\n\n\n<p>La mam\u00e1 cont\u00f3 la alegr\u00eda del nacimiento y agradeci\u00f3 las atenciones, cuidados y mimos que recibi\u00f3 por parte de los equipos de la secretar\u00eda de salud y del hospital donde \u201crealmente fue excelente, la salud est\u00e1 muy bien, estamos muy agradecidos\u201d coment\u00f3 la vecina y record\u00f3 que \u201ccon sus anteriores hijos no tuvo la chance de ahora, de ser parte del Mil D\u00edas\u201d.<\/p>\n\n\n\n<p>Recibi\u00f3 un regalito por parte de la Comuna y el deseo de que llene de felicidad a toda su familia y seres queridos.<\/p>\n","protected":false},"excerpt":{"rendered":"<p>Como es ya una tradici\u00f3n el intendente Juan Ustarroz visit\u00f3 a la primera beb\u00e9 nacida del a\u00f1o. La peque\u00f1a es &#8230; <a title=\"Intendente visit\u00f3 a Melina, la primera mercedina del a\u00f1o\" class=\"read-more\" href=\"https:\/\/www.hoymercedes.com.ar\/principal\/2025\/01\/04\/intendente-visito-a-melina-la-primera-mercedina-del-ano\/\" aria-label=\"Leer m\u00e1s sobre Intendente visit\u00f3 a Melina, la primera mercedina del a\u00f1o\">Leer m\u00e1s<\/a><\/p>\n","protected":false},"author":1,"featured_media":181683,"comment_status":"closed","ping_status":"open","sticky":false,"template":"","format":"standard","meta":{"_monsterinsights_skip_tracking":false,"_monsterinsights_sitenote_active":false,"_monsterinsights_sitenote_note":"","_monsterinsights_sitenote_category":0,"jetpack_post_was_ever_published":false,"_jetpack_newsletter_access":"","_jetpack_dont_email_post_to_subs":false,"_jetpack_newsletter_tier_id":0,"_jetpack_memberships_contains_paywalled_content":false,"_jetpack_memberships_contains_paid_content":false,"footnotes":"","jetpack_publicize_message":"","jetpack_publicize_feature_enabled":true,"jetpack_social_post_already_shared":true,"jetpack_social_options":{"image_generator_settings":{"template":"highway","default_image_id":0,"font":"","enabled":false},"version":2},"_wpas_customize_per_network":false},"categories":[8],"tags":[20135,140,20134],"class_list":["post-181682","post","type-post","status-publish","format-standard","has-post-thumbnail","hentry","category-sociedad","tag-2025-mercedes","tag-hospital-dubarry","tag-primera-bebe-del-ano-2","generate-columns","tablet-grid-50","mobile-grid-100","grid-parent","grid-50"],"jetpack_publicize_connections":[],"jetpack_featured_media_url":"https:\/\/www.hoymercedes.com.ar\/principal\/wp-content\/uploads\/2025\/01\/PrimeraBebeDelAno.jpg","wps_subtitle":"Tradici\u00f3n","jetpack_sharing_enabled":true,"_links":{"self":[{"href":"https:\/\/www.hoymercedes.com.ar\/principal\/wp-json\/wp\/v2\/posts\/181682","targetHints":{"allow":["GET"]}}],"collection":[{"href":"https:\/\/www.hoymercedes.com.ar\/principal\/wp-json\/wp\/v2\/posts"}],"about":[{"href":"https:\/\/www.hoymercedes.com.ar\/principal\/wp-json\/wp\/v2\/types\/post"}],"author":[{"embeddable":true,"href":"https:\/\/www.hoymercedes.com.ar\/principal\/wp-json\/wp\/v2\/users\/1"}],"replies":[{"embeddable":true,"href":"https:\/\/www.hoymercedes.com.ar\/principal\/wp-json\/wp\/v2\/comments?post=181682"}],"version-history":[{"count":0,"href":"https:\/\/www.hoymercedes.com.ar\/principal\/wp-json\/wp\/v2\/posts\/181682\/revisions"}],"wp:featuredmedia":[{"embeddable":true,"href":"https:\/\/www.hoymercedes.com.ar\/principal\/wp-json\/wp\/v2\/media\/181683"}],"wp:attachment":[{"href":"https:\/\/www.hoymercedes.com.ar\/principal\/wp-json\/wp\/v2\/media?parent=181682"}],"wp:term":[{"taxonomy":"category","embeddable":true,"href":"https:\/\/www.hoymercedes.com.ar\/principal\/wp-json\/wp\/v2\/categories?post=181682"},{"taxonomy":"post_tag","embeddable":true,"href":"https:\/\/www.hoymercedes.com.ar\/principal\/wp-json\/wp\/v2\/tags?post=181682"}],"curies":[{"name":"wp","href":"https:\/\/api.w.org\/{rel}","templated":true}]}}