{"id":181692,"date":"2025-01-04T15:43:00","date_gmt":"2025-01-04T18:43:00","guid":{"rendered":"https:\/\/www.hoymercedes.com.ar\/principal\/?p=181692"},"modified":"2025-01-05T10:47:08","modified_gmt":"2025-01-05T13:47:08","slug":"anses-anuncia-calendario-de-pago-de-enero","status":"publish","type":"post","link":"https:\/\/www.hoymercedes.com.ar\/principal\/2025\/01\/04\/anses-anuncia-calendario-de-pago-de-enero\/","title":{"rendered":"ANSES anuncia calendario de pago de enero"},"content":{"rendered":"\n<p>ANSES, organismo dependiente del Ministerio de Capital Humano, comunica los calendarios de pagos de enero para jubilados, pensionados y titulares de Pensiones No Contributivas (PNC), Asignaci\u00f3n Universal por Hijo, Asignaci\u00f3n por Embarazo, Asignaciones Familiares y Prestaci\u00f3n por Desempleo.<\/p>\n\n\n\n<p><strong>Jubilaciones y pensiones que no superen un haber m\u00ednimo<\/strong><\/p>\n\n\n\n<ul class=\"wp-block-list\">\n<li>DNI terminados en 0: 9 de enero<\/li>\n\n\n\n<li>DNI terminados en 1: 10 de enero<\/li>\n\n\n\n<li>DNI terminados en 2: 13 de enero<\/li>\n\n\n\n<li>DNI terminados en 3: 14 de enero<\/li>\n\n\n\n<li>DNI terminados en 4: 15 de enero<\/li>\n\n\n\n<li>DNI terminados en 5: 16 de enero<\/li>\n\n\n\n<li>DNI terminados en 6: 17 de enero<\/li>\n\n\n\n<li>DNI terminados en 7: 20 de enero<\/li>\n\n\n\n<li>DNI terminados en 8: 21 de enero<\/li>\n\n\n\n<li>DNI terminados en 9: 22 de enero<\/li>\n<\/ul>\n\n\n\n<p><strong>Jubilaciones y pensiones que superen un haber m\u00ednimo<\/strong><\/p>\n\n\n\n<ul class=\"wp-block-list\">\n<li>DNI terminados en 0 y 1: 23 de enero<\/li>\n\n\n\n<li>DNI terminados en 2 y 3: 24 de enero<\/li>\n\n\n\n<li>DNI terminados en 4 y 5: 27 de enero<\/li>\n\n\n\n<li>DNI terminados en 6 y 7: 28 de enero<\/li>\n\n\n\n<li>DNI terminados en 8 y 9: 29 de enero<\/li>\n<\/ul>\n\n\n\n<p><strong>Asignaci\u00f3n Universal por Hijo y Asignaci\u00f3n Familiar por Hijo<\/strong><\/p>\n\n\n\n<ul class=\"wp-block-list\">\n<li>DNI terminados en 0: 9 de enero<\/li>\n\n\n\n<li>DNI terminados en 1: 10 de enero<\/li>\n\n\n\n<li>DNI terminados en 2: 13 de enero<\/li>\n\n\n\n<li>DNI terminados en 3: 14 de enero<\/li>\n\n\n\n<li>DNI terminados en 4: 15 de enero<\/li>\n\n\n\n<li>DNI terminados en 5: 16 de enero<\/li>\n\n\n\n<li>DNI terminados en 6: 17 de enero<\/li>\n\n\n\n<li>DNI terminados en 7: 20 de enero<\/li>\n\n\n\n<li>DNI terminados en 8: 21 de enero<\/li>\n\n\n\n<li>DNI terminados en 9: 22 de enero<\/li>\n<\/ul>\n\n\n\n<p><strong>Asignaci\u00f3n por Embarazo<\/strong><\/p>\n\n\n\n<ul class=\"wp-block-list\">\n<li>DNI terminados en 0: 10 de enero<\/li>\n\n\n\n<li>DNI terminados en 1: 13 de enero<\/li>\n\n\n\n<li>DNI terminados en 2: 14 de enero<\/li>\n\n\n\n<li>DNI terminados en 3: 15 de enero<\/li>\n\n\n\n<li>DNI terminados en 4: 16 de enero<\/li>\n\n\n\n<li>DNI terminados en 5: 17 de enero<\/li>\n\n\n\n<li>DNI terminados en 6: 20 de enero<\/li>\n\n\n\n<li>DNI terminados en 7: 21 de enero<\/li>\n\n\n\n<li>DNI terminados en 8: 22 de enero<\/li>\n\n\n\n<li>DNI terminados en 9: 23 de enero<\/li>\n<\/ul>\n\n\n\n<p><strong>Asignaci\u00f3n por Prenatal y Maternidad<\/strong><\/p>\n\n\n\n<ul class=\"wp-block-list\">\n<li>DNI terminados en 0 y 1: 13 de enero<\/li>\n\n\n\n<li>DNI terminados en 2 y 3: 14 de enero<\/li>\n\n\n\n<li>DNI terminados en 4 y 5: 15 de enero<\/li>\n\n\n\n<li>DNI terminados en 6 y 7: 16 de enero<\/li>\n\n\n\n<li>DNI terminados en 8 y 9: 17 de enero<\/li>\n<\/ul>\n\n\n\n<p><strong>Asignaciones Pago \u00danico (Matrimonio, Nacimiento, Adopci\u00f3n)<\/strong> Todas las terminaciones de documento: 10 de enero al 10 de febrero<\/p>\n\n\n\n<p><strong>Pensiones No Contributivas<\/strong><\/p>\n\n\n\n<ul class=\"wp-block-list\">\n<li>DNI terminados en 0 y 1: 9 de enero<\/li>\n\n\n\n<li>DNI terminados en 2 y 3: 10 de enero<\/li>\n\n\n\n<li>DNI terminados en 4 y 5: 13 de enero<\/li>\n\n\n\n<li>DNI terminados en 6 y 7: 14 de enero<\/li>\n\n\n\n<li>DNI terminados en 8 y 9: 15 de enero<\/li>\n<\/ul>\n\n\n\n<p><strong>Asignaciones Familiares de Pensiones No Contributivas<\/strong>: Todas las terminaciones de documento: 9 de enero al 10 de febrero<\/p>\n\n\n\n<p><strong>Prestaci\u00f3n por Desempleo<\/strong><\/p>\n\n\n\n<ul class=\"wp-block-list\">\n<li>DNI terminados en 0 y 1: 22 de enero<\/li>\n\n\n\n<li>DNI terminados en 2 y 3: 23 de enero<\/li>\n\n\n\n<li>DNI terminados en 4 y 5: 24 de enero<\/li>\n\n\n\n<li>DNI terminados en 6 y 7: 27 de enero<\/li>\n\n\n\n<li>DNI terminados en 8 y 9: 28 de enero<\/li>\n<\/ul>\n","protected":false},"excerpt":{"rendered":"<p>ANSES, organismo dependiente del Ministerio de Capital Humano, comunica los calendarios de pagos de enero para jubilados, pensionados y titulares &#8230; <a title=\"ANSES anuncia calendario de pago de enero\" class=\"read-more\" href=\"https:\/\/www.hoymercedes.com.ar\/principal\/2025\/01\/04\/anses-anuncia-calendario-de-pago-de-enero\/\" aria-label=\"Leer m\u00e1s sobre ANSES anuncia calendario de pago de enero\">Leer m\u00e1s<\/a><\/p>\n","protected":false},"author":1,"featured_media":172442,"comment_status":"closed","ping_status":"open","sticky":false,"template":"","format":"standard","meta":{"_monsterinsights_skip_tracking":false,"_monsterinsights_sitenote_active":false,"_monsterinsights_sitenote_note":"","_monsterinsights_sitenote_category":0,"jetpack_post_was_ever_published":false,"_jetpack_newsletter_access":"","_jetpack_dont_email_post_to_subs":false,"_jetpack_newsletter_tier_id":0,"_jetpack_memberships_contains_paywalled_content":false,"_jetpack_memberships_contains_paid_content":false,"footnotes":"","jetpack_publicize_message":"","jetpack_publicize_feature_enabled":true,"jetpack_social_post_already_shared":true,"jetpack_social_options":{"image_generator_settings":{"template":"highway","default_image_id":0,"font":"","enabled":false},"version":2},"_wpas_customize_per_network":false},"categories":[8],"tags":[],"class_list":["post-181692","post","type-post","status-publish","format-standard","has-post-thumbnail","hentry","category-sociedad","generate-columns","tablet-grid-50","mobile-grid-100","grid-parent","grid-50"],"jetpack_publicize_connections":[],"jetpack_featured_media_url":"https:\/\/www.hoymercedes.com.ar\/principal\/wp-content\/uploads\/2024\/02\/ansesmercedesa.jpg","wps_subtitle":"","jetpack_sharing_enabled":true,"_links":{"self":[{"href":"https:\/\/www.hoymercedes.com.ar\/principal\/wp-json\/wp\/v2\/posts\/181692","targetHints":{"allow":["GET"]}}],"collection":[{"href":"https:\/\/www.hoymercedes.com.ar\/principal\/wp-json\/wp\/v2\/posts"}],"about":[{"href":"https:\/\/www.hoymercedes.com.ar\/principal\/wp-json\/wp\/v2\/types\/post"}],"author":[{"embeddable":true,"href":"https:\/\/www.hoymercedes.com.ar\/principal\/wp-json\/wp\/v2\/users\/1"}],"replies":[{"embeddable":true,"href":"https:\/\/www.hoymercedes.com.ar\/principal\/wp-json\/wp\/v2\/comments?post=181692"}],"version-history":[{"count":0,"href":"https:\/\/www.hoymercedes.com.ar\/principal\/wp-json\/wp\/v2\/posts\/181692\/revisions"}],"wp:featuredmedia":[{"embeddable":true,"href":"https:\/\/www.hoymercedes.com.ar\/principal\/wp-json\/wp\/v2\/media\/172442"}],"wp:attachment":[{"href":"https:\/\/www.hoymercedes.com.ar\/principal\/wp-json\/wp\/v2\/media?parent=181692"}],"wp:term":[{"taxonomy":"category","embeddable":true,"href":"https:\/\/www.hoymercedes.com.ar\/principal\/wp-json\/wp\/v2\/categories?post=181692"},{"taxonomy":"post_tag","embeddable":true,"href":"https:\/\/www.hoymercedes.com.ar\/principal\/wp-json\/wp\/v2\/tags?post=181692"}],"curies":[{"name":"wp","href":"https:\/\/api.w.org\/{rel}","templated":true}]}}