{"id":181696,"date":"2025-01-05T17:54:53","date_gmt":"2025-01-05T20:54:53","guid":{"rendered":"https:\/\/www.hoymercedes.com.ar\/principal\/?p=181696"},"modified":"2025-01-05T17:54:55","modified_gmt":"2025-01-05T20:54:55","slug":"informe-siniestros-viales-en-ruta-5-entre-los-kilometros-88-y-159","status":"publish","type":"post","link":"https:\/\/www.hoymercedes.com.ar\/principal\/2025\/01\/05\/informe-siniestros-viales-en-ruta-5-entre-los-kilometros-88-y-159\/","title":{"rendered":"Informe: siniestros viales en ruta 5 entre los kil\u00f3metros 88 y 159"},"content":{"rendered":"\n<p>Por Jorge Lasala &#8211; La Ruta 5 como epicentro de m\u00faltiples siniestros viales. Once personas fallecidas por estos hechos ocurridos durante el a\u00f1o 2024 , entre los kil\u00f3metros 88, d\u00f3nde finaliza la autov\u00eda Mercedes-Lujan y el kil\u00f3metro 159 , acceso a Chivilcoy.<\/p>\n\n\n\n<figure class=\"wp-block-image size-large\"><img loading=\"lazy\" decoding=\"async\" width=\"1024\" height=\"537\" data-attachment-id=\"181697\" data-permalink=\"https:\/\/www.hoymercedes.com.ar\/principal\/2025\/01\/05\/informe-siniestros-viales-en-ruta-5-entre-los-kilometros-88-y-159\/fb_img_1736110428256\/#main\" data-orig-file=\"https:\/\/www.hoymercedes.com.ar\/principal\/wp-content\/uploads\/2025\/01\/FB_IMG_1736110428256.jpg\" data-orig-size=\"1080,566\" data-comments-opened=\"0\" data-image-meta=\"{&quot;aperture&quot;:&quot;0&quot;,&quot;credit&quot;:&quot;&quot;,&quot;camera&quot;:&quot;&quot;,&quot;caption&quot;:&quot;&quot;,&quot;created_timestamp&quot;:&quot;0&quot;,&quot;copyright&quot;:&quot;&quot;,&quot;focal_length&quot;:&quot;0&quot;,&quot;iso&quot;:&quot;0&quot;,&quot;shutter_speed&quot;:&quot;0&quot;,&quot;title&quot;:&quot;&quot;,&quot;orientation&quot;:&quot;0&quot;}\" data-image-title=\"FB_IMG_1736110428256\" data-image-description=\"\" data-image-caption=\"\" data-large-file=\"https:\/\/www.hoymercedes.com.ar\/principal\/wp-content\/uploads\/2025\/01\/FB_IMG_1736110428256-1024x537.jpg\" src=\"https:\/\/www.hoymercedes.com.ar\/principal\/wp-content\/uploads\/2025\/01\/FB_IMG_1736110428256-1024x537.jpg\" alt=\"\" class=\"wp-image-181697\" srcset=\"https:\/\/www.hoymercedes.com.ar\/principal\/wp-content\/uploads\/2025\/01\/FB_IMG_1736110428256-1024x537.jpg 1024w, https:\/\/www.hoymercedes.com.ar\/principal\/wp-content\/uploads\/2025\/01\/FB_IMG_1736110428256-630x330.jpg 630w, https:\/\/www.hoymercedes.com.ar\/principal\/wp-content\/uploads\/2025\/01\/FB_IMG_1736110428256-150x79.jpg 150w, https:\/\/www.hoymercedes.com.ar\/principal\/wp-content\/uploads\/2025\/01\/FB_IMG_1736110428256.jpg 1080w\" sizes=\"auto, (max-width: 1024px) 100vw, 1024px\" \/><\/figure>\n\n\n\n<p>La mayor cantidad de v\u00edctimas corresponde a tres incidentes viales ocurridos en jurisdicci\u00f3n de Suipacha, en los kil\u00f3metros 126,500, 127,500 y 130, 500 d\u00f3nde perdieron la vida 6 personas., los datos restantes corresponden a dos siniestros con dos victimas ocurridos en jurisdicci\u00f3n de Mercedes y tres fallecidos en jurisdicci\u00f3n del partido de Chivilcoy.<\/p>\n\n\n\n<p>De un total de alrededor de 28 incidentes viales relevados ocurridos entre estos kil\u00f3metros , en 8 se registraron v\u00edctimas fatales, de los cuales 7 son a ra\u00edz de impacto frontal y uno es atropello de peat\u00f3n sobre cinta asf\u00e1ltica.<\/p>\n\n\n\n<p>Otros datos que surgen , la mayor\u00eda ocurrio durante el d\u00eda y en los que intervinieron camiones ,si bien fueron todos de gran porte los mismos no resultaron responsables de provocar la colision.<\/p>\n\n\n\n<p>En este relevamiento se vuelcan datos de incidentes viales donde est\u00e1n los de mayor importancia, no hay constancia de eventos menores ocurridos tales como roces o despistes sin heridos en d\u00f3nde los involucrados solo intercambian datos para aseguradoras y no intervienen sistema de emergencia.<\/p>\n\n\n\n<p>Colaboraci\u00f3n con datos y fotos propias de Jorge Lasala<\/p>\n","protected":false},"excerpt":{"rendered":"<p>Por Jorge Lasala &#8211; La Ruta 5 como epicentro de m\u00faltiples siniestros viales. Once personas fallecidas por estos hechos ocurridos &#8230; <a title=\"Informe: siniestros viales en ruta 5 entre los kil\u00f3metros 88 y 159\" class=\"read-more\" href=\"https:\/\/www.hoymercedes.com.ar\/principal\/2025\/01\/05\/informe-siniestros-viales-en-ruta-5-entre-los-kilometros-88-y-159\/\" aria-label=\"Leer m\u00e1s sobre Informe: siniestros viales en ruta 5 entre los kil\u00f3metros 88 y 159\">Leer m\u00e1s<\/a><\/p>\n","protected":false},"author":1,"featured_media":181697,"comment_status":"closed","ping_status":"open","sticky":false,"template":"","format":"standard","meta":{"_monsterinsights_skip_tracking":false,"_monsterinsights_sitenote_active":false,"_monsterinsights_sitenote_note":"","_monsterinsights_sitenote_category":0,"jetpack_post_was_ever_published":false,"_jetpack_newsletter_access":"","_jetpack_dont_email_post_to_subs":false,"_jetpack_newsletter_tier_id":0,"_jetpack_memberships_contains_paywalled_content":false,"_jetpack_memberships_contains_paid_content":false,"footnotes":"","jetpack_publicize_message":"","jetpack_publicize_feature_enabled":true,"jetpack_social_post_already_shared":true,"jetpack_social_options":{"image_generator_settings":{"template":"highway","default_image_id":0,"font":"","enabled":false},"version":2},"_wpas_customize_per_network":false},"categories":[8],"tags":[],"class_list":["post-181696","post","type-post","status-publish","format-standard","has-post-thumbnail","hentry","category-sociedad","generate-columns","tablet-grid-50","mobile-grid-100","grid-parent","grid-50"],"jetpack_publicize_connections":[],"jetpack_featured_media_url":"https:\/\/www.hoymercedes.com.ar\/principal\/wp-content\/uploads\/2025\/01\/FB_IMG_1736110428256.jpg","wps_subtitle":"","jetpack_sharing_enabled":true,"_links":{"self":[{"href":"https:\/\/www.hoymercedes.com.ar\/principal\/wp-json\/wp\/v2\/posts\/181696","targetHints":{"allow":["GET"]}}],"collection":[{"href":"https:\/\/www.hoymercedes.com.ar\/principal\/wp-json\/wp\/v2\/posts"}],"about":[{"href":"https:\/\/www.hoymercedes.com.ar\/principal\/wp-json\/wp\/v2\/types\/post"}],"author":[{"embeddable":true,"href":"https:\/\/www.hoymercedes.com.ar\/principal\/wp-json\/wp\/v2\/users\/1"}],"replies":[{"embeddable":true,"href":"https:\/\/www.hoymercedes.com.ar\/principal\/wp-json\/wp\/v2\/comments?post=181696"}],"version-history":[{"count":0,"href":"https:\/\/www.hoymercedes.com.ar\/principal\/wp-json\/wp\/v2\/posts\/181696\/revisions"}],"wp:featuredmedia":[{"embeddable":true,"href":"https:\/\/www.hoymercedes.com.ar\/principal\/wp-json\/wp\/v2\/media\/181697"}],"wp:attachment":[{"href":"https:\/\/www.hoymercedes.com.ar\/principal\/wp-json\/wp\/v2\/media?parent=181696"}],"wp:term":[{"taxonomy":"category","embeddable":true,"href":"https:\/\/www.hoymercedes.com.ar\/principal\/wp-json\/wp\/v2\/categories?post=181696"},{"taxonomy":"post_tag","embeddable":true,"href":"https:\/\/www.hoymercedes.com.ar\/principal\/wp-json\/wp\/v2\/tags?post=181696"}],"curies":[{"name":"wp","href":"https:\/\/api.w.org\/{rel}","templated":true}]}}