{"id":181763,"date":"2025-01-09T07:38:00","date_gmt":"2025-01-09T10:38:00","guid":{"rendered":"https:\/\/www.hoymercedes.com.ar\/principal\/?p=181763"},"modified":"2025-01-08T23:41:27","modified_gmt":"2025-01-09T02:41:27","slug":"turismo-y-reconocimiento-tres-vinedos-de-mercedes-ingresan-al-catalogo-vinos-buenos-aires","status":"publish","type":"post","link":"https:\/\/www.hoymercedes.com.ar\/principal\/2025\/01\/09\/turismo-y-reconocimiento-tres-vinedos-de-mercedes-ingresan-al-catalogo-vinos-buenos-aires\/","title":{"rendered":"Turismo y reconocimiento: tres vi\u00f1edos de Mercedes ingresan al cat\u00e1logo \u00abVinos Buenos Aires\u00bb"},"content":{"rendered":"\n<figure class=\"wp-block-image size-large\"><img loading=\"lazy\" decoding=\"async\" width=\"1024\" height=\"683\" data-attachment-id=\"181764\" data-permalink=\"https:\/\/www.hoymercedes.com.ar\/principal\/2025\/01\/09\/turismo-y-reconocimiento-tres-vinedos-de-mercedes-ingresan-al-catalogo-vinos-buenos-aires\/vinedos-mercedes-2\/#main\" data-orig-file=\"https:\/\/www.hoymercedes.com.ar\/principal\/wp-content\/uploads\/2025\/01\/Vinedos-Mercedes.2.jpg\" data-orig-size=\"1500,1000\" data-comments-opened=\"0\" data-image-meta=\"{&quot;aperture&quot;:&quot;0&quot;,&quot;credit&quot;:&quot;&quot;,&quot;camera&quot;:&quot;&quot;,&quot;caption&quot;:&quot;&quot;,&quot;created_timestamp&quot;:&quot;0&quot;,&quot;copyright&quot;:&quot;&quot;,&quot;focal_length&quot;:&quot;0&quot;,&quot;iso&quot;:&quot;0&quot;,&quot;shutter_speed&quot;:&quot;0&quot;,&quot;title&quot;:&quot;&quot;,&quot;orientation&quot;:&quot;0&quot;}\" data-image-title=\"Turismo y reconocimiento: tres vi\u00f1edos de Mercedes ingresan al cat\u00e1logo \u00abVinos Buenos Aires\u00bb\" data-image-description=\"&lt;p&gt;Turismo y reconocimiento: tres vi\u00f1edos de Mercedes ingresan al cat\u00e1logo \u00abVinos Buenos Aires\u00bb&lt;\/p&gt;\n\" data-image-caption=\"&lt;p&gt;Turismo y reconocimiento: tres vi\u00f1edos de Mercedes ingresan al cat\u00e1logo \u00abVinos Buenos Aires\u00bb&lt;\/p&gt;\n\" data-large-file=\"https:\/\/www.hoymercedes.com.ar\/principal\/wp-content\/uploads\/2025\/01\/Vinedos-Mercedes.2-1024x683.jpg\" src=\"https:\/\/www.hoymercedes.com.ar\/principal\/wp-content\/uploads\/2025\/01\/Vinedos-Mercedes.2-1024x683.jpg\" alt=\"Turismo y reconocimiento: tres vi\u00f1edos de Mercedes ingresan al cat\u00e1logo &quot;Vinos Buenos Aires&quot;\" class=\"wp-image-181764\" srcset=\"https:\/\/www.hoymercedes.com.ar\/principal\/wp-content\/uploads\/2025\/01\/Vinedos-Mercedes.2-1024x683.jpg 1024w, https:\/\/www.hoymercedes.com.ar\/principal\/wp-content\/uploads\/2025\/01\/Vinedos-Mercedes.2-630x420.jpg 630w, https:\/\/www.hoymercedes.com.ar\/principal\/wp-content\/uploads\/2025\/01\/Vinedos-Mercedes.2-150x100.jpg 150w, https:\/\/www.hoymercedes.com.ar\/principal\/wp-content\/uploads\/2025\/01\/Vinedos-Mercedes.2.jpg 1500w\" sizes=\"auto, (max-width: 1024px) 100vw, 1024px\" \/><\/figure>\n\n\n\n<p>Mercedes sigue creciendo en materia de turismo, producci\u00f3n original y generaci\u00f3n de empleo. En esta ocasi\u00f3n tres vi\u00f1edos de Mercedes ingresan al cat\u00e1logo \u00abVinos Buenos Aires\u00bb en un nuevo impulso del enoturismo.<\/p>\n\n\n\n<p><strong>Reconocimiento<\/strong><\/p>\n\n\n\n<p>La provincia de Buenos Aires sigue posicion\u00e1ndose como un destino clave para el enoturismo, consolidando su oferta con el programa \u00abVinos Buenos Aires\u00bb. En esta iniciativa, <strong>la ciudad de Mercedes<\/strong> ha sido destacada por incorporar <strong>tres emprendimientos vitivin\u00edcolas<\/strong> que combinan excelencia en producci\u00f3n y propuestas innovadoras de turismo.<\/p>\n\n\n\n<p>Tres vi\u00f1edos destacados en Mercedes<\/p>\n\n\n\n<p>La inclusi\u00f3n de Mercedes en el cat\u00e1logo provincial resalta la calidad y creatividad de sus vi\u00f1edos:<\/p>\n\n\n\n<p>\u2022 Bodega Las Hijas: Fundada en 2022, esta bodega se especializa en vinos org\u00e1nicos de alta gama. Con vi\u00f1edos certificados que albergan variedades como Malbec y Cabernet Franc, sus vinos Marselan envejecidos en barricas de roble han captado la atenci\u00f3n de los en\u00f3logos m\u00e1s exigentes.<\/p>\n\n\n\n<p>\u2022 Bodega y Vi\u00f1edo Media Hect\u00e1rea: Desde 2011, este proyecto artesanal propone disfrutar del vino como una experiencia compartida. En un entorno \u00edntimo, la bodega ofrece catas y actividades que buscan conectar con el disfrute familiar y amistoso.<\/p>\n\n\n\n<p>\u2022 Vi\u00f1edos Nueva Corinema: Este emprendimiento combina historia, arquitectura y enolog\u00eda. Situado en las ruinas restauradas de una antigua f\u00e1brica de ladrillos en Altamira, destaca por su vi\u00f1edo experimental plantado en 2023, que promete crear el exclusivo \u00abVino de Tejuela\u00bb. Adem\u00e1s, su proyecto tur\u00edstico incluye degustaciones, recorridos hist\u00f3ricos, un restaurante y un hotel rural.<\/p>\n\n\n\n<p><strong>Turismo<\/strong><\/p>\n\n\n\n<p>El programa \u00abVinos Buenos Aires\u00bb, impulsado por la Subsecretar\u00eda de Turismo bonaerense, tiene como objetivo fortalecer la vitivinicultura local y fomentar experiencias enotur\u00edsticas que combinen tradici\u00f3n, innovaci\u00f3n y gastronom\u00eda.<\/p>\n\n\n\n<p>La presentaci\u00f3n oficial de la marca y el cat\u00e1logo \u00abVinos Buenos Aires\u00bb representa un hito para la regi\u00f3n. Este documento re\u00fane informaci\u00f3n sobre circuitos enol\u00f3gicos, contactos de bodegas y detalles de los principales vi\u00f1edos de los 24 municipios incluidos. Mercedes emerge como un destino destacado en este mapa, atrayendo a turistas que buscan sumergirse en la cultura del vino en entornos \u00fanicos.<\/p>\n\n\n\n<figure class=\"wp-block-image size-large\"><img loading=\"lazy\" decoding=\"async\" width=\"1024\" height=\"682\" data-attachment-id=\"181765\" data-permalink=\"https:\/\/www.hoymercedes.com.ar\/principal\/2025\/01\/09\/turismo-y-reconocimiento-tres-vinedos-de-mercedes-ingresan-al-catalogo-vinos-buenos-aires\/vinedos-mercedes\/#main\" data-orig-file=\"https:\/\/www.hoymercedes.com.ar\/principal\/wp-content\/uploads\/2025\/01\/Vinedos-Mercedes.jpg\" data-orig-size=\"1280,852\" data-comments-opened=\"0\" data-image-meta=\"{&quot;aperture&quot;:&quot;0&quot;,&quot;credit&quot;:&quot;&quot;,&quot;camera&quot;:&quot;&quot;,&quot;caption&quot;:&quot;&quot;,&quot;created_timestamp&quot;:&quot;0&quot;,&quot;copyright&quot;:&quot;&quot;,&quot;focal_length&quot;:&quot;0&quot;,&quot;iso&quot;:&quot;0&quot;,&quot;shutter_speed&quot;:&quot;0&quot;,&quot;title&quot;:&quot;&quot;,&quot;orientation&quot;:&quot;0&quot;}\" data-image-title=\"Vi\u00f1edos-Mercedes\" data-image-description=\"\" data-image-caption=\"\" data-large-file=\"https:\/\/www.hoymercedes.com.ar\/principal\/wp-content\/uploads\/2025\/01\/Vinedos-Mercedes-1024x682.jpg\" src=\"https:\/\/www.hoymercedes.com.ar\/principal\/wp-content\/uploads\/2025\/01\/Vinedos-Mercedes-1024x682.jpg\" alt=\"Turismo y reconocimiento: tres vi\u00f1edos de Mercedes ingresan al cat\u00e1logo &quot;Vinos Buenos Aires&quot;\" class=\"wp-image-181765\" srcset=\"https:\/\/www.hoymercedes.com.ar\/principal\/wp-content\/uploads\/2025\/01\/Vinedos-Mercedes-1024x682.jpg 1024w, https:\/\/www.hoymercedes.com.ar\/principal\/wp-content\/uploads\/2025\/01\/Vinedos-Mercedes-630x419.jpg 630w, https:\/\/www.hoymercedes.com.ar\/principal\/wp-content\/uploads\/2025\/01\/Vinedos-Mercedes-150x100.jpg 150w, https:\/\/www.hoymercedes.com.ar\/principal\/wp-content\/uploads\/2025\/01\/Vinedos-Mercedes-700x465.jpg 700w, https:\/\/www.hoymercedes.com.ar\/principal\/wp-content\/uploads\/2025\/01\/Vinedos-Mercedes.jpg 1280w\" sizes=\"auto, (max-width: 1024px) 100vw, 1024px\" \/><\/figure>\n\n\n\n<p><strong>El auge del enoturismo en la provincia<\/strong><\/p>\n\n\n\n<p>En los \u00faltimos a\u00f1os, Buenos Aires ha experimentado un crecimiento significativo en su oferta enotur\u00edstica. Las bodegas bonaerenses no solo se distinguen por la calidad de sus vinos, sino tambi\u00e9n por ofrecer actividades complementarias, como catas guiadas, charlas t\u00e9cnicas y gastronom\u00eda tem\u00e1tica con maridajes.<\/p>\n\n\n\n<p>Explorando la Ruta del Vino bonaerense<\/p>\n\n\n\n<p>La Ruta del Vino de Buenos Aires es una invitaci\u00f3n a descubrir paisajes \u00fanicos, tradici\u00f3n local y la riqueza de la cultura vitivin\u00edcola. Este enfoque no solo busca fortalecer la econom\u00eda regional, sino tambi\u00e9n posicionar a la provincia como un destino de referencia para los amantes del vino.<\/p>\n\n\n\n<p>Con propuestas innovadoras y una producci\u00f3n de alta calidad, la provincia de Buenos Aires se consolida como una alternativa ideal para quienes desean disfrutar del enoturismo sin viajar a regiones tradicionales como Mendoza. Desde Mercedes tambi\u00e9n se abren sus puertas para ofrecer momentos inolvidables con el vino como principal protagonista.<\/p>\n","protected":false},"excerpt":{"rendered":"<p>Mercedes sigue creciendo en materia de turismo, producci\u00f3n original y generaci\u00f3n de empleo. En esta ocasi\u00f3n tres vi\u00f1edos de Mercedes &#8230; <a title=\"Turismo y reconocimiento: tres vi\u00f1edos de Mercedes ingresan al cat\u00e1logo \u00abVinos Buenos Aires\u00bb\" class=\"read-more\" href=\"https:\/\/www.hoymercedes.com.ar\/principal\/2025\/01\/09\/turismo-y-reconocimiento-tres-vinedos-de-mercedes-ingresan-al-catalogo-vinos-buenos-aires\/\" aria-label=\"Leer m\u00e1s sobre Turismo y reconocimiento: tres vi\u00f1edos de Mercedes ingresan al cat\u00e1logo \u00abVinos Buenos Aires\u00bb\">Leer m\u00e1s<\/a><\/p>\n","protected":false},"author":1,"featured_media":181764,"comment_status":"closed","ping_status":"open","sticky":false,"template":"","format":"standard","meta":{"_monsterinsights_skip_tracking":false,"_monsterinsights_sitenote_active":false,"_monsterinsights_sitenote_note":"","_monsterinsights_sitenote_category":0,"jetpack_post_was_ever_published":false,"_jetpack_newsletter_access":"","_jetpack_dont_email_post_to_subs":false,"_jetpack_newsletter_tier_id":0,"_jetpack_memberships_contains_paywalled_content":false,"_jetpack_memberships_contains_paid_content":false,"footnotes":"","jetpack_publicize_message":"","jetpack_publicize_feature_enabled":true,"jetpack_social_post_already_shared":true,"jetpack_social_options":{"image_generator_settings":{"template":"highway","default_image_id":0,"font":"","enabled":false},"version":2},"_wpas_customize_per_network":false},"categories":[8],"tags":[462,20152,20151,209,20150,20153],"class_list":["post-181763","post","type-post","status-publish","format-standard","has-post-thumbnail","hentry","category-sociedad","tag-altamira","tag-bodega-las-hijas","tag-bodega-y-vinedo-media-hectarea","tag-turismo-mercedes","tag-vinedos","tag-vinedos-nueva-corinema","generate-columns","tablet-grid-50","mobile-grid-100","grid-parent","grid-50"],"jetpack_publicize_connections":[],"jetpack_featured_media_url":"https:\/\/www.hoymercedes.com.ar\/principal\/wp-content\/uploads\/2025\/01\/Vinedos-Mercedes.2.jpg","wps_subtitle":"","jetpack_sharing_enabled":true,"_links":{"self":[{"href":"https:\/\/www.hoymercedes.com.ar\/principal\/wp-json\/wp\/v2\/posts\/181763","targetHints":{"allow":["GET"]}}],"collection":[{"href":"https:\/\/www.hoymercedes.com.ar\/principal\/wp-json\/wp\/v2\/posts"}],"about":[{"href":"https:\/\/www.hoymercedes.com.ar\/principal\/wp-json\/wp\/v2\/types\/post"}],"author":[{"embeddable":true,"href":"https:\/\/www.hoymercedes.com.ar\/principal\/wp-json\/wp\/v2\/users\/1"}],"replies":[{"embeddable":true,"href":"https:\/\/www.hoymercedes.com.ar\/principal\/wp-json\/wp\/v2\/comments?post=181763"}],"version-history":[{"count":1,"href":"https:\/\/www.hoymercedes.com.ar\/principal\/wp-json\/wp\/v2\/posts\/181763\/revisions"}],"predecessor-version":[{"id":181766,"href":"https:\/\/www.hoymercedes.com.ar\/principal\/wp-json\/wp\/v2\/posts\/181763\/revisions\/181766"}],"wp:featuredmedia":[{"embeddable":true,"href":"https:\/\/www.hoymercedes.com.ar\/principal\/wp-json\/wp\/v2\/media\/181764"}],"wp:attachment":[{"href":"https:\/\/www.hoymercedes.com.ar\/principal\/wp-json\/wp\/v2\/media?parent=181763"}],"wp:term":[{"taxonomy":"category","embeddable":true,"href":"https:\/\/www.hoymercedes.com.ar\/principal\/wp-json\/wp\/v2\/categories?post=181763"},{"taxonomy":"post_tag","embeddable":true,"href":"https:\/\/www.hoymercedes.com.ar\/principal\/wp-json\/wp\/v2\/tags?post=181763"}],"curies":[{"name":"wp","href":"https:\/\/api.w.org\/{rel}","templated":true}]}}