{"id":181780,"date":"2025-01-09T09:35:30","date_gmt":"2025-01-09T12:35:30","guid":{"rendered":"https:\/\/www.hoymercedes.com.ar\/principal\/?p=181780"},"modified":"2025-01-09T09:35:34","modified_gmt":"2025-01-09T12:35:34","slug":"cine-nosferatu-y-sonic-3","status":"publish","type":"post","link":"https:\/\/www.hoymercedes.com.ar\/principal\/2025\/01\/09\/cine-nosferatu-y-sonic-3\/","title":{"rendered":"Cine: Nosferatu y Sonic 3"},"content":{"rendered":"\n<p>El Cine Mercedes presenta dos pel\u00edculas en su pantalla. Estrena en la sala local \u00abNosferatu\u00bb y su ambiente g\u00f3tico y terror. En tanto, para los m\u00e1s peque\u00f1os contin\u00faa \u00abSonic 3\u00bb. <\/p>\n\n\n<div class=\"wp-block-image\">\n<figure class=\"aligncenter size-full\"><img loading=\"lazy\" decoding=\"async\" width=\"827\" height=\"829\" data-attachment-id=\"181781\" data-permalink=\"https:\/\/www.hoymercedes.com.ar\/principal\/2025\/01\/09\/cine-nosferatu-y-sonic-3\/gacetilla-cine-mercedes-24-4\/#main\" data-orig-file=\"https:\/\/www.hoymercedes.com.ar\/principal\/wp-content\/uploads\/2025\/01\/Gacetilla-Cine-Mercedes-24.png\" data-orig-size=\"827,829\" data-comments-opened=\"0\" data-image-meta=\"{&quot;aperture&quot;:&quot;0&quot;,&quot;credit&quot;:&quot;&quot;,&quot;camera&quot;:&quot;&quot;,&quot;caption&quot;:&quot;&quot;,&quot;created_timestamp&quot;:&quot;0&quot;,&quot;copyright&quot;:&quot;&quot;,&quot;focal_length&quot;:&quot;0&quot;,&quot;iso&quot;:&quot;0&quot;,&quot;shutter_speed&quot;:&quot;0&quot;,&quot;title&quot;:&quot;&quot;,&quot;orientation&quot;:&quot;0&quot;}\" data-image-title=\"Gacetilla Cine Mercedes (24)\" data-image-description=\"\" data-image-caption=\"\" data-large-file=\"https:\/\/www.hoymercedes.com.ar\/principal\/wp-content\/uploads\/2025\/01\/Gacetilla-Cine-Mercedes-24.png\" src=\"https:\/\/www.hoymercedes.com.ar\/principal\/wp-content\/uploads\/2025\/01\/Gacetilla-Cine-Mercedes-24.png\" alt=\"\" class=\"wp-image-181781\" srcset=\"https:\/\/www.hoymercedes.com.ar\/principal\/wp-content\/uploads\/2025\/01\/Gacetilla-Cine-Mercedes-24.png 827w, https:\/\/www.hoymercedes.com.ar\/principal\/wp-content\/uploads\/2025\/01\/Gacetilla-Cine-Mercedes-24-619x620.png 619w, https:\/\/www.hoymercedes.com.ar\/principal\/wp-content\/uploads\/2025\/01\/Gacetilla-Cine-Mercedes-24-150x150.png 150w\" sizes=\"auto, (max-width: 827px) 100vw, 827px\" \/><\/figure>\n<\/div>\n\n\n<p>Sinopsis \u00abNosferatu\u00bb: Historia g\u00f3tica de obsesi\u00f3n entre una joven hechizada y el aterrador vampiro encaprichado de ella, que causa un indescriptible terror a su paso. En 1838 el joven ayudante de Hutter, tiene que viajar hasta Transilvania para cerrar una venta con un cliente, un conde que vive en un castillo de Los C\u00e1rpatos. Tras un complicado y siniestro viaje llega al lugar, donde las escalofriantes experiencias continuar\u00e1n. Hutter se descubre la marca de unos colmillos en su cuello y pronto comprender\u00e1 que el conde es en realidad la reencarnaci\u00f3n del vampiro Nosferatu. <\/p>\n\n\n\n<p>Sinopsis \u00abSonic\u00bb: Sonic, Knuckles y Tails se re\u00fanen para enfrentarse a un nuevo y poderoso adversario, Shadow, un misterioso villano cuyos poderes no se parecen a nada de lo que nuestros h\u00e9roes han conocido hasta ahora. Con sus facultades superadas en todos los sentidos, el Equipo Sonic tendr\u00e1 que establecer una ins\u00f3lita alianza con la esperanza de detener a Shadow y proteger el planeta<\/p>\n","protected":false},"excerpt":{"rendered":"<p>El Cine Mercedes presenta dos pel\u00edculas en su pantalla. Estrena en la sala local \u00abNosferatu\u00bb y su ambiente g\u00f3tico y &#8230; <a title=\"Cine: Nosferatu y Sonic 3\" class=\"read-more\" href=\"https:\/\/www.hoymercedes.com.ar\/principal\/2025\/01\/09\/cine-nosferatu-y-sonic-3\/\" aria-label=\"Leer m\u00e1s sobre Cine: Nosferatu y Sonic 3\">Leer m\u00e1s<\/a><\/p>\n","protected":false},"author":1,"featured_media":181782,"comment_status":"closed","ping_status":"open","sticky":false,"template":"","format":"standard","meta":{"_monsterinsights_skip_tracking":false,"_monsterinsights_sitenote_active":false,"_monsterinsights_sitenote_note":"","_monsterinsights_sitenote_category":0,"jetpack_post_was_ever_published":false,"_jetpack_newsletter_access":"","_jetpack_dont_email_post_to_subs":false,"_jetpack_newsletter_tier_id":0,"_jetpack_memberships_contains_paywalled_content":false,"_jetpack_memberships_contains_paid_content":false,"footnotes":"","jetpack_publicize_message":"","jetpack_publicize_feature_enabled":true,"jetpack_social_post_already_shared":true,"jetpack_social_options":{"image_generator_settings":{"template":"highway","default_image_id":0,"font":"","enabled":false},"version":2},"_wpas_customize_per_network":false},"categories":[104],"tags":[7805],"class_list":["post-181780","post","type-post","status-publish","format-standard","has-post-thumbnail","hentry","category-cultura","tag-cultura","generate-columns","tablet-grid-50","mobile-grid-100","grid-parent","grid-50"],"jetpack_publicize_connections":[],"jetpack_featured_media_url":"https:\/\/www.hoymercedes.com.ar\/principal\/wp-content\/uploads\/2025\/01\/NOSFERATU.jpg","wps_subtitle":"","jetpack_sharing_enabled":true,"_links":{"self":[{"href":"https:\/\/www.hoymercedes.com.ar\/principal\/wp-json\/wp\/v2\/posts\/181780","targetHints":{"allow":["GET"]}}],"collection":[{"href":"https:\/\/www.hoymercedes.com.ar\/principal\/wp-json\/wp\/v2\/posts"}],"about":[{"href":"https:\/\/www.hoymercedes.com.ar\/principal\/wp-json\/wp\/v2\/types\/post"}],"author":[{"embeddable":true,"href":"https:\/\/www.hoymercedes.com.ar\/principal\/wp-json\/wp\/v2\/users\/1"}],"replies":[{"embeddable":true,"href":"https:\/\/www.hoymercedes.com.ar\/principal\/wp-json\/wp\/v2\/comments?post=181780"}],"version-history":[{"count":1,"href":"https:\/\/www.hoymercedes.com.ar\/principal\/wp-json\/wp\/v2\/posts\/181780\/revisions"}],"predecessor-version":[{"id":181783,"href":"https:\/\/www.hoymercedes.com.ar\/principal\/wp-json\/wp\/v2\/posts\/181780\/revisions\/181783"}],"wp:featuredmedia":[{"embeddable":true,"href":"https:\/\/www.hoymercedes.com.ar\/principal\/wp-json\/wp\/v2\/media\/181782"}],"wp:attachment":[{"href":"https:\/\/www.hoymercedes.com.ar\/principal\/wp-json\/wp\/v2\/media?parent=181780"}],"wp:term":[{"taxonomy":"category","embeddable":true,"href":"https:\/\/www.hoymercedes.com.ar\/principal\/wp-json\/wp\/v2\/categories?post=181780"},{"taxonomy":"post_tag","embeddable":true,"href":"https:\/\/www.hoymercedes.com.ar\/principal\/wp-json\/wp\/v2\/tags?post=181780"}],"curies":[{"name":"wp","href":"https:\/\/api.w.org\/{rel}","templated":true}]}}