{"id":181814,"date":"2025-01-11T21:10:49","date_gmt":"2025-01-12T00:10:49","guid":{"rendered":"https:\/\/www.hoymercedes.com.ar\/principal\/?p=181814"},"modified":"2025-01-11T21:22:33","modified_gmt":"2025-01-12T00:22:33","slug":"el-campo-en-alerta-por-el-aumento-del-combustible","status":"publish","type":"post","link":"https:\/\/www.hoymercedes.com.ar\/principal\/2025\/01\/11\/el-campo-en-alerta-por-el-aumento-del-combustible\/","title":{"rendered":"El campo \u00a0en alerta por el aumento del combustible"},"content":{"rendered":"\n<figure class=\"wp-block-image size-large\"><img loading=\"lazy\" decoding=\"async\" width=\"1024\" height=\"680\" data-attachment-id=\"181815\" data-permalink=\"https:\/\/www.hoymercedes.com.ar\/principal\/2025\/01\/11\/el-campo-en-alerta-por-el-aumento-del-combustible\/soy-1543071_1280\/#main\" data-orig-file=\"https:\/\/www.hoymercedes.com.ar\/principal\/wp-content\/uploads\/2025\/01\/soy-1543071_1280.jpg\" data-orig-size=\"1280,850\" data-comments-opened=\"0\" data-image-meta=\"{&quot;aperture&quot;:&quot;0&quot;,&quot;credit&quot;:&quot;&quot;,&quot;camera&quot;:&quot;&quot;,&quot;caption&quot;:&quot;&quot;,&quot;created_timestamp&quot;:&quot;0&quot;,&quot;copyright&quot;:&quot;&quot;,&quot;focal_length&quot;:&quot;0&quot;,&quot;iso&quot;:&quot;0&quot;,&quot;shutter_speed&quot;:&quot;0&quot;,&quot;title&quot;:&quot;&quot;,&quot;orientation&quot;:&quot;0&quot;}\" data-image-title=\"El campo \u00a0en alerta por el aumento del combustible\" data-image-description=\"&lt;p&gt;El campo \u00a0en alerta por el aumento del combustible&lt;\/p&gt;\n\" data-image-caption=\"&lt;p&gt;El campo \u00a0en alerta por el aumento del combustible&lt;\/p&gt;\n\" data-large-file=\"https:\/\/www.hoymercedes.com.ar\/principal\/wp-content\/uploads\/2025\/01\/soy-1543071_1280-1024x680.jpg\" src=\"https:\/\/www.hoymercedes.com.ar\/principal\/wp-content\/uploads\/2025\/01\/soy-1543071_1280-1024x680.jpg\" alt=\"\" class=\"wp-image-181815\" srcset=\"https:\/\/www.hoymercedes.com.ar\/principal\/wp-content\/uploads\/2025\/01\/soy-1543071_1280-1024x680.jpg 1024w, https:\/\/www.hoymercedes.com.ar\/principal\/wp-content\/uploads\/2025\/01\/soy-1543071_1280-630x418.jpg 630w, https:\/\/www.hoymercedes.com.ar\/principal\/wp-content\/uploads\/2025\/01\/soy-1543071_1280-150x100.jpg 150w, https:\/\/www.hoymercedes.com.ar\/principal\/wp-content\/uploads\/2025\/01\/soy-1543071_1280-700x465.jpg 700w, https:\/\/www.hoymercedes.com.ar\/principal\/wp-content\/uploads\/2025\/01\/soy-1543071_1280.jpg 1280w\" sizes=\"auto, (max-width: 1024px) 100vw, 1024px\" \/><\/figure>\n\n\n\n<p>El reciente aumento en el precio del combustible ha generado gran preocupaci\u00f3n entre los productores agropecuarios de Argentina, quienes advierten que la medida podr\u00eda impactar severamente en los costos de producci\u00f3n y la competitividad del sector.<\/p>\n\n\n\n<p>En un pa\u00eds donde la agroindustria es uno de los pilares fundamentales de la econom\u00eda, el precio del gasoil representa un factor clave para el desarrollo de las actividades rurales. Desde las labores de siembra y cosecha hasta el transporte de los productos hacia los mercados, el combustible es un insumo esencial cuyo costo incide directamente en la rentabilidad del sector.<\/p>\n\n\n\n<p>Seg\u00fan declaraciones de referentes rurales, el aumento del combustible, se suma a otros factores que ya generan tensi\u00f3n en el campo, como la inflaci\u00f3n, la sequ\u00eda y las dificultades para acceder al cr\u00e9dito. \u201cEstamos muy preocupados porque estos incrementos afectan a toda la cadena productiva. Es un golpe m\u00e1s en un contexto ya complicado\u201d, se\u00f1al\u00f3 un productor.<\/p>\n\n\n\n<p>El impacto del aumento del gasoil tambi\u00e9n se refleja en los costos de transporte, un componente crucial para la exportaci\u00f3n de granos, carnes y otros productos agroindustriales.<\/p>\n\n\n\n<p>En este sentido, las entidades rurales han expresado su inquietud por la posibilidad de que los productores se vean obligados a reducir inversiones o incluso actividades debido al encarecimiento de los insumos.<\/p>\n\n\n\n<p><\/p>\n","protected":false},"excerpt":{"rendered":"<p>El reciente aumento en el precio del combustible ha generado gran preocupaci\u00f3n entre los productores agropecuarios de Argentina, quienes advierten &#8230; <a title=\"El campo \u00a0en alerta por el aumento del combustible\" class=\"read-more\" href=\"https:\/\/www.hoymercedes.com.ar\/principal\/2025\/01\/11\/el-campo-en-alerta-por-el-aumento-del-combustible\/\" aria-label=\"Leer m\u00e1s sobre El campo \u00a0en alerta por el aumento del combustible\">Leer m\u00e1s<\/a><\/p>\n","protected":false},"author":1,"featured_media":181815,"comment_status":"closed","ping_status":"open","sticky":false,"template":"","format":"standard","meta":{"_monsterinsights_skip_tracking":false,"_monsterinsights_sitenote_active":false,"_monsterinsights_sitenote_note":"","_monsterinsights_sitenote_category":0,"jetpack_post_was_ever_published":false,"_jetpack_newsletter_access":"","_jetpack_dont_email_post_to_subs":false,"_jetpack_newsletter_tier_id":0,"_jetpack_memberships_contains_paywalled_content":false,"_jetpack_memberships_contains_paid_content":false,"footnotes":"","jetpack_publicize_message":"","jetpack_publicize_feature_enabled":true,"jetpack_social_post_already_shared":true,"jetpack_social_options":{"image_generator_settings":{"template":"highway","default_image_id":0,"font":"","enabled":false},"version":2},"_wpas_customize_per_network":false},"categories":[8],"tags":[19275,56,20155],"class_list":["post-181814","post","type-post","status-publish","format-standard","has-post-thumbnail","hentry","category-sociedad","tag-aumento-de-combustible","tag-campo","tag-produccion-argentina","generate-columns","tablet-grid-50","mobile-grid-100","grid-parent","grid-50"],"jetpack_publicize_connections":[],"jetpack_featured_media_url":"https:\/\/www.hoymercedes.com.ar\/principal\/wp-content\/uploads\/2025\/01\/soy-1543071_1280.jpg","wps_subtitle":"Producci\u00f3n rural","jetpack_sharing_enabled":true,"_links":{"self":[{"href":"https:\/\/www.hoymercedes.com.ar\/principal\/wp-json\/wp\/v2\/posts\/181814","targetHints":{"allow":["GET"]}}],"collection":[{"href":"https:\/\/www.hoymercedes.com.ar\/principal\/wp-json\/wp\/v2\/posts"}],"about":[{"href":"https:\/\/www.hoymercedes.com.ar\/principal\/wp-json\/wp\/v2\/types\/post"}],"author":[{"embeddable":true,"href":"https:\/\/www.hoymercedes.com.ar\/principal\/wp-json\/wp\/v2\/users\/1"}],"replies":[{"embeddable":true,"href":"https:\/\/www.hoymercedes.com.ar\/principal\/wp-json\/wp\/v2\/comments?post=181814"}],"version-history":[{"count":3,"href":"https:\/\/www.hoymercedes.com.ar\/principal\/wp-json\/wp\/v2\/posts\/181814\/revisions"}],"predecessor-version":[{"id":181818,"href":"https:\/\/www.hoymercedes.com.ar\/principal\/wp-json\/wp\/v2\/posts\/181814\/revisions\/181818"}],"wp:featuredmedia":[{"embeddable":true,"href":"https:\/\/www.hoymercedes.com.ar\/principal\/wp-json\/wp\/v2\/media\/181815"}],"wp:attachment":[{"href":"https:\/\/www.hoymercedes.com.ar\/principal\/wp-json\/wp\/v2\/media?parent=181814"}],"wp:term":[{"taxonomy":"category","embeddable":true,"href":"https:\/\/www.hoymercedes.com.ar\/principal\/wp-json\/wp\/v2\/categories?post=181814"},{"taxonomy":"post_tag","embeddable":true,"href":"https:\/\/www.hoymercedes.com.ar\/principal\/wp-json\/wp\/v2\/tags?post=181814"}],"curies":[{"name":"wp","href":"https:\/\/api.w.org\/{rel}","templated":true}]}}