{"id":181841,"date":"2025-01-13T07:43:11","date_gmt":"2025-01-13T10:43:11","guid":{"rendered":"https:\/\/www.hoymercedes.com.ar\/principal\/?p=181841"},"modified":"2025-01-13T07:43:14","modified_gmt":"2025-01-13T10:43:14","slug":"fallecimiento-de-la-dra-maria-del-carmen-gomez-carranza","status":"publish","type":"post","link":"https:\/\/www.hoymercedes.com.ar\/principal\/2025\/01\/13\/fallecimiento-de-la-dra-maria-del-carmen-gomez-carranza\/","title":{"rendered":"Fallecimiento de la Dra. Mar\u00eda del Carmen G\u00f3mez Carranza"},"content":{"rendered":"\n<p><strong><em>El Colegio de Abogados del Departamento Judicial de Mercedes (CADJM) comunica con profundo pesar el fallecimiento de la Dra. Mar\u00eda del Carmen G\u00f3mez Carranza, acaecido el 11 de enero de 2025.<\/em><\/strong><\/p>\n\n\n\n<p>La Dra. G\u00f3mez Carranza fue una de las abogadas m\u00e1s respetadas y prestigiosas de nuestro Departamento Judicial y de la provincia de Buenos Aires, ejerciendo la profesi\u00f3n con rectitud y honestidad intelectual durante 55 a\u00f1os.<\/p>\n\n\n\n<p>Su compromiso profesional se reflej\u00f3 en diversos \u00e1mbitos de su vida, incluyendo su relaci\u00f3n con las artes, la docencia y la pol\u00edtica, la cual nunca utiliz\u00f3 en su beneficio ni mezcl\u00f3 con su actividad colegial.<\/p>\n\n\n\n<p>Adem\u00e1s, sus cr\u00f3nicas period\u00edsticas de innumerables viajes permitieron a los lectores de los diarios mercedinos recorrer el mundo a trav\u00e9s de sus relatos.<\/p>\n\n\n\n<p>Integrante hist\u00f3rica de la Comisi\u00f3n de Extensi\u00f3n Socio-Cultural del Colegio, su profundo conocimiento en disciplinas art\u00edsticas elev\u00f3 al Sal\u00f3n Anual de Pintura, organizado por dicha comisi\u00f3n durante cuatro d\u00e9cadas, a los m\u00e1s altos niveles de seriedad y prestigio.<\/p>\n\n\n\n<p>El CADJM expresa sus m\u00e1s sinceras condolencias a la familia y allegados de la Dra. G\u00f3mez Carranza en este dif\u00edcil momento, acompa\u00f1\u00e1ndolos en el dolor por tan irreparable p\u00e9rdida.<\/p>\n\n\n\n<p>La comunidad jur\u00eddica de Mercedes despide con respeto y gratitud a una colega que honr\u00f3 la profesi\u00f3n y los valores de justicia que defendemos.<\/p>\n\n\n\n<p><strong>El Colegio de Abogados del Departamento Judicial de Mercedes dict\u00f3 la siguiente resoluci\u00f3n especial:<\/strong><\/p>\n\n\n\n<p><em>Mercedes, 12 de enero de 2025<\/em><\/p>\n\n\n\n<p><strong>VISTO:<\/strong><\/p>\n\n\n\n<p>El fallecimiento de la Dra. Mar\u00eda del Carmen Gomez Carranza, acaecido el d\u00eda 11 de enero de 2025;<\/p>\n\n\n\n<p><strong>Y CONSIDERANDO:<\/strong><\/p>\n\n\n\n<p>Que la Dra. Mar\u00eda del Carmen Gomez Carranza ha sido una de las abogadas m\u00e1s respetadas y prestigiosas en este Departamento Judicial de Mercedes y en todo lugar y \u00e1mbito de la provincia en que le cupo desempe\u00f1ar la profesi\u00f3n, la cual llev\u00f3 adelante con rectitud de conducta y honestidad intelectual durante 55 a\u00f1os.<\/p>\n\n\n\n<p>Que tan dilatado lapso de ejercicio profesional subraya de por s\u00ed un hondo compromiso, y el cumplimiento de una vocaci\u00f3n profesional que la Dra. Gomez Carranza enraizaba en los m\u00e1s diversos \u00e1mbitos de su vida, desde su relaci\u00f3n con las artes o la docencia, pasando por la pol\u00edtica -que jam\u00e1s us\u00f3 en su beneficio ni mezcl\u00f3 con su actividad colegial-, y por las recordadas cr\u00f3nicas period\u00edsticas de su innumerables viajes, que llevaban a los lectores de los diarios mercedinos a viajar imaginariamente por el mundo, de la mano de Mar\u00eda del Carmen.<\/p>\n\n\n\n<p>Que desde tiempo inmemorial conform\u00f3 la Comisi\u00f3n de Extensi\u00f3n Socio-Cultural, de la cual fue voz calificada por su profundo conocimiento de cuanta disciplina art\u00edstica quisiese allegarse al Colegio, sus matriculados y la sociedad toda.<\/p>\n\n\n\n<p>Que en esta \u00faltima funci\u00f3n ayud\u00f3 a elevar al Sal\u00f3n Anual de Pintura -que desde hace cuatro d\u00e9cadas organiza la Comisi\u00f3n de Extensi\u00f3n Socio-Cultural- a los m\u00e1ximos niveles de seriedad y jerarqu\u00eda.<\/p>\n\n\n\n<p>Que fue colaboradora principal de este Colegio, sus autoridades, sus matriculados y la sociedad toda.<\/p>\n\n\n\n<p>Que fue designada por el Consejo Directivo como Delegada del Colegio ante la Comisi\u00f3n de Cultura de la Federaci\u00f3n Argentina de Colegios de Abogados, cargo que desempe\u00f1\u00f3 con profunda responsabilidad.<\/p>\n\n\n\n<p>Que junto a su don de gentes iba de la mano su humildad, respeto y buen trato hacia los colegas, haciendo escuchar su voz jam\u00e1s altisonante, pues sus argumentos estaban basados en el profundo conocimiento que divulgaba, siempre haciendo docencia.<\/p>\n\n\n\n<p>Por ello, las autoridades de este Colegio de Abogados del Departamento Judicial de Mercedes:<\/p>\n\n\n\n<p><strong>RESUELVEN:<\/strong><\/p>\n\n\n\n<p><strong>1.-&nbsp;<\/strong>Decretar el d\u00eda 13 de enero de 2025 como d\u00eda de duelo en el Colegio de Abogados del Departamento Judicial de Mercedes;<\/p>\n\n\n\n<p><strong>2.-&nbsp;<\/strong>Hacer llegar una donaci\u00f3n a la entidad de bien p\u00fablico que la familia de la Dra. Mar\u00eda del Carmen Gomez Carranza indique;<\/p>\n\n\n\n<p><strong>3.-<\/strong>&nbsp;Comunicar el fallecimiento a todos los matriculados;<\/p>\n\n\n\n<p><strong>4.-<\/strong>&nbsp;Hacer llegar nota de p\u00e9same a sus familiares, con copia de esta Resoluci\u00f3n;<\/p>\n\n\n\n<p><strong>5.-&nbsp;<\/strong>Guardar un minuto de silencio en su memoria en la primera reuni\u00f3n del Consejo Directivo que se celebre luego de las exequias.<\/p>\n\n\n\n<p>Fuente: Prensa CADJMercedes<\/p>\n","protected":false},"excerpt":{"rendered":"<p>El Colegio de Abogados del Departamento Judicial de Mercedes (CADJM) comunica con profundo pesar el fallecimiento de la Dra. Mar\u00eda &#8230; <a title=\"Fallecimiento de la Dra. Mar\u00eda del Carmen G\u00f3mez Carranza\" class=\"read-more\" href=\"https:\/\/www.hoymercedes.com.ar\/principal\/2025\/01\/13\/fallecimiento-de-la-dra-maria-del-carmen-gomez-carranza\/\" aria-label=\"Leer m\u00e1s sobre Fallecimiento de la Dra. Mar\u00eda del Carmen G\u00f3mez Carranza\">Leer m\u00e1s<\/a><\/p>\n","protected":false},"author":1,"featured_media":181842,"comment_status":"closed","ping_status":"open","sticky":false,"template":"","format":"standard","meta":{"_monsterinsights_skip_tracking":false,"_monsterinsights_sitenote_active":false,"_monsterinsights_sitenote_note":"","_monsterinsights_sitenote_category":0,"jetpack_post_was_ever_published":false,"_jetpack_newsletter_access":"","_jetpack_dont_email_post_to_subs":false,"_jetpack_newsletter_tier_id":0,"_jetpack_memberships_contains_paywalled_content":false,"_jetpack_memberships_contains_paid_content":false,"footnotes":"","jetpack_publicize_message":"","jetpack_publicize_feature_enabled":true,"jetpack_social_post_already_shared":true,"jetpack_social_options":{"image_generator_settings":{"template":"highway","default_image_id":0,"font":"","enabled":false},"version":2},"_wpas_customize_per_network":false},"categories":[8],"tags":[],"class_list":["post-181841","post","type-post","status-publish","format-standard","has-post-thumbnail","hentry","category-sociedad","generate-columns","tablet-grid-50","mobile-grid-100","grid-parent","grid-50"],"jetpack_publicize_connections":[],"jetpack_featured_media_url":"https:\/\/www.hoymercedes.com.ar\/principal\/wp-content\/uploads\/2025\/01\/carranza.jpg","wps_subtitle":"","jetpack_sharing_enabled":true,"_links":{"self":[{"href":"https:\/\/www.hoymercedes.com.ar\/principal\/wp-json\/wp\/v2\/posts\/181841","targetHints":{"allow":["GET"]}}],"collection":[{"href":"https:\/\/www.hoymercedes.com.ar\/principal\/wp-json\/wp\/v2\/posts"}],"about":[{"href":"https:\/\/www.hoymercedes.com.ar\/principal\/wp-json\/wp\/v2\/types\/post"}],"author":[{"embeddable":true,"href":"https:\/\/www.hoymercedes.com.ar\/principal\/wp-json\/wp\/v2\/users\/1"}],"replies":[{"embeddable":true,"href":"https:\/\/www.hoymercedes.com.ar\/principal\/wp-json\/wp\/v2\/comments?post=181841"}],"version-history":[{"count":1,"href":"https:\/\/www.hoymercedes.com.ar\/principal\/wp-json\/wp\/v2\/posts\/181841\/revisions"}],"predecessor-version":[{"id":181843,"href":"https:\/\/www.hoymercedes.com.ar\/principal\/wp-json\/wp\/v2\/posts\/181841\/revisions\/181843"}],"wp:featuredmedia":[{"embeddable":true,"href":"https:\/\/www.hoymercedes.com.ar\/principal\/wp-json\/wp\/v2\/media\/181842"}],"wp:attachment":[{"href":"https:\/\/www.hoymercedes.com.ar\/principal\/wp-json\/wp\/v2\/media?parent=181841"}],"wp:term":[{"taxonomy":"category","embeddable":true,"href":"https:\/\/www.hoymercedes.com.ar\/principal\/wp-json\/wp\/v2\/categories?post=181841"},{"taxonomy":"post_tag","embeddable":true,"href":"https:\/\/www.hoymercedes.com.ar\/principal\/wp-json\/wp\/v2\/tags?post=181841"}],"curies":[{"name":"wp","href":"https:\/\/api.w.org\/{rel}","templated":true}]}}