{"id":181904,"date":"2025-01-16T19:52:22","date_gmt":"2025-01-16T22:52:22","guid":{"rendered":"https:\/\/www.hoymercedes.com.ar\/principal\/?p=181904"},"modified":"2025-01-16T19:52:26","modified_gmt":"2025-01-16T22:52:26","slug":"mas-de-400-chicos-y-chicas-ya-disfrutan-de-las-escuelas-abiertas-de-verano","status":"publish","type":"post","link":"https:\/\/www.hoymercedes.com.ar\/principal\/2025\/01\/16\/mas-de-400-chicos-y-chicas-ya-disfrutan-de-las-escuelas-abiertas-de-verano\/","title":{"rendered":"M\u00e1s de 400 chicos y chicas ya disfrutan de las Escuelas Abiertas de Verano"},"content":{"rendered":"\n<figure class=\"wp-block-image size-large\"><img loading=\"lazy\" decoding=\"async\" width=\"1024\" height=\"682\" data-attachment-id=\"181905\" data-permalink=\"https:\/\/www.hoymercedes.com.ar\/principal\/2025\/01\/16\/mas-de-400-chicos-y-chicas-ya-disfrutan-de-las-escuelas-abiertas-de-verano\/escuelasdeverano-mercedes-2\/#main\" data-orig-file=\"https:\/\/www.hoymercedes.com.ar\/principal\/wp-content\/uploads\/2025\/01\/EscuelasDeVerano-Mercedes.2.jpg\" data-orig-size=\"1319,879\" data-comments-opened=\"0\" data-image-meta=\"{&quot;aperture&quot;:&quot;0&quot;,&quot;credit&quot;:&quot;&quot;,&quot;camera&quot;:&quot;&quot;,&quot;caption&quot;:&quot;&quot;,&quot;created_timestamp&quot;:&quot;0&quot;,&quot;copyright&quot;:&quot;&quot;,&quot;focal_length&quot;:&quot;0&quot;,&quot;iso&quot;:&quot;0&quot;,&quot;shutter_speed&quot;:&quot;0&quot;,&quot;title&quot;:&quot;&quot;,&quot;orientation&quot;:&quot;0&quot;}\" data-image-title=\"EscuelasDeVerano-Mercedes.2\" data-image-description=\"&lt;p&gt;M\u00e1s de 400 chicos y chicas ya disfrutan de las Escuelas Abiertas de Verano&lt;\/p&gt;\n\" data-image-caption=\"&lt;p&gt;M\u00e1s de 400 chicos y chicas ya disfrutan de las Escuelas Abiertas de Verano&lt;\/p&gt;\n\" data-large-file=\"https:\/\/www.hoymercedes.com.ar\/principal\/wp-content\/uploads\/2025\/01\/EscuelasDeVerano-Mercedes.2-1024x682.jpg\" src=\"https:\/\/www.hoymercedes.com.ar\/principal\/wp-content\/uploads\/2025\/01\/EscuelasDeVerano-Mercedes.2-1024x682.jpg\" alt=\"\" class=\"wp-image-181905\" srcset=\"https:\/\/www.hoymercedes.com.ar\/principal\/wp-content\/uploads\/2025\/01\/EscuelasDeVerano-Mercedes.2-1024x682.jpg 1024w, https:\/\/www.hoymercedes.com.ar\/principal\/wp-content\/uploads\/2025\/01\/EscuelasDeVerano-Mercedes.2-630x420.jpg 630w, https:\/\/www.hoymercedes.com.ar\/principal\/wp-content\/uploads\/2025\/01\/EscuelasDeVerano-Mercedes.2-150x100.jpg 150w, https:\/\/www.hoymercedes.com.ar\/principal\/wp-content\/uploads\/2025\/01\/EscuelasDeVerano-Mercedes.2-700x465.jpg 700w, https:\/\/www.hoymercedes.com.ar\/principal\/wp-content\/uploads\/2025\/01\/EscuelasDeVerano-Mercedes.2.jpg 1319w\" sizes=\"auto, (max-width: 1024px) 100vw, 1024px\" \/><\/figure>\n\n\n\n<p>Cientos de chicos y chicas de distintos barrios de la ciudad ya disfrutan de las Escuelas Abiertas de Verano, un programa impulsado por la Provincia de Buenos Aires que cuenta con el apoyo del municipio e incluye una serie de actividades recreativas y pedag\u00f3gicas.<\/p>\n\n\n\n<p>La apertura formal del programa se hizo este jueves en la pileta del Parque Municipal con la presencia del intendente Juan Ignacio Ustarroz, autoridades y trabajadores que llevan adelante las diferentes actividades.<\/p>\n\n\n\n<p>\u201cLo primero es felicitar a todas las personas que trabajan en este programa y que les garantizan a los ni\u00f1os y las ni\u00f1as la posibilidad de disfrutar de estas actividades y de estos espacios. Nosotros s\u00f3lo aportamos la infraestructura y parte del transporte, porque el programa se sostiene gracias al compromiso de los trabajadores\u201d, indic\u00f3 Ustarroz.<\/p>\n\n\n\n<figure class=\"wp-block-image size-large\"><img loading=\"lazy\" decoding=\"async\" width=\"1024\" height=\"682\" data-attachment-id=\"181907\" data-permalink=\"https:\/\/www.hoymercedes.com.ar\/principal\/2025\/01\/16\/mas-de-400-chicos-y-chicas-ya-disfrutan-de-las-escuelas-abiertas-de-verano\/escuelasdeverano-mercedes\/#main\" data-orig-file=\"https:\/\/www.hoymercedes.com.ar\/principal\/wp-content\/uploads\/2025\/01\/EscuelasDeVerano-Mercedes.jpg\" data-orig-size=\"1319,879\" data-comments-opened=\"0\" data-image-meta=\"{&quot;aperture&quot;:&quot;0&quot;,&quot;credit&quot;:&quot;&quot;,&quot;camera&quot;:&quot;&quot;,&quot;caption&quot;:&quot;&quot;,&quot;created_timestamp&quot;:&quot;0&quot;,&quot;copyright&quot;:&quot;&quot;,&quot;focal_length&quot;:&quot;0&quot;,&quot;iso&quot;:&quot;0&quot;,&quot;shutter_speed&quot;:&quot;0&quot;,&quot;title&quot;:&quot;&quot;,&quot;orientation&quot;:&quot;0&quot;}\" data-image-title=\"EscuelasDeVerano-Mercedes\" data-image-description=\"\" data-image-caption=\"\" data-large-file=\"https:\/\/www.hoymercedes.com.ar\/principal\/wp-content\/uploads\/2025\/01\/EscuelasDeVerano-Mercedes-1024x682.jpg\" src=\"https:\/\/www.hoymercedes.com.ar\/principal\/wp-content\/uploads\/2025\/01\/EscuelasDeVerano-Mercedes-1024x682.jpg\" alt=\"\" class=\"wp-image-181907\" srcset=\"https:\/\/www.hoymercedes.com.ar\/principal\/wp-content\/uploads\/2025\/01\/EscuelasDeVerano-Mercedes-1024x682.jpg 1024w, https:\/\/www.hoymercedes.com.ar\/principal\/wp-content\/uploads\/2025\/01\/EscuelasDeVerano-Mercedes-630x420.jpg 630w, https:\/\/www.hoymercedes.com.ar\/principal\/wp-content\/uploads\/2025\/01\/EscuelasDeVerano-Mercedes-150x100.jpg 150w, https:\/\/www.hoymercedes.com.ar\/principal\/wp-content\/uploads\/2025\/01\/EscuelasDeVerano-Mercedes-700x465.jpg 700w, https:\/\/www.hoymercedes.com.ar\/principal\/wp-content\/uploads\/2025\/01\/EscuelasDeVerano-Mercedes.jpg 1319w\" sizes=\"auto, (max-width: 1024px) 100vw, 1024px\" \/><\/figure>\n\n\n\n<p>\u201cY tambi\u00e9n debemos destacar la labor del sistema educativo de nuestra ciudad, que trabaja intensamente todo el a\u00f1o y en este caso genera un espacio que es recreativo y tambi\u00e9n pedag\u00f3gico. Estas iniciativas son muy importantes para los chicos y las chicas y para sus familias y es muy bueno que se vengan sosteniendo en el tiempo\u201d, a\u00f1adi\u00f3.<\/p>\n\n\n\n<p>Por su parte, la coordinadora de educaci\u00f3n de nuestra ciudad, Pamela Herrera, se\u00f1al\u00f3: \u201cEscuelas Abiertas de Verano es un programa hist\u00f3rico al que pueden acceder cientos de pibes y pibas para desarrollar actividades recreativas, tanto en las piletas como en distintos juegos, pero sin abandonar lo pedag\u00f3gico\u201d.<\/p>\n\n\n\n<p>El programa tiene 18 sedes, entre ellas las piletas del Parque Independencia y el ex Instituto Unzu\u00e9 (cada cual con sus equipos respectivos de guardavidas), y ya hay anotados m\u00e1s de 400 ni\u00f1os y ni\u00f1as de todos los rincones de Mercedes. Incluye desayuno, traslados y almuerzo y se extender\u00e1 hasta el 31 de enero, siempre apoyado en el trabajo de la Secretar\u00eda de Educaci\u00f3n que encabeza Jos\u00e9 Luis Pisano.<\/p>\n\n\n\n<p>\u201cLa matr\u00edcula se mantiene abierta para chicos de entre 3 y 18 a\u00f1os y sigue creciendo\u201d, cont\u00f3 la coordinadora de escuelas de verano, Guillermina Grosso. Y la inspectora de educaci\u00f3n f\u00edsica Cecilia Scardamaglia record\u00f3 que \u201cest\u00e1n involucradas todas las \u00e1reas, inclusive la de educaci\u00f3n especial, para que todos puedan disfrutar\u201d.<\/p>\n","protected":false},"excerpt":{"rendered":"<p>Cientos de chicos y chicas de distintos barrios de la ciudad ya disfrutan de las Escuelas Abiertas de Verano, un &#8230; <a title=\"M\u00e1s de 400 chicos y chicas ya disfrutan de las Escuelas Abiertas de Verano\" class=\"read-more\" href=\"https:\/\/www.hoymercedes.com.ar\/principal\/2025\/01\/16\/mas-de-400-chicos-y-chicas-ya-disfrutan-de-las-escuelas-abiertas-de-verano\/\" aria-label=\"Leer m\u00e1s sobre M\u00e1s de 400 chicos y chicas ya disfrutan de las Escuelas Abiertas de Verano\">Leer m\u00e1s<\/a><\/p>\n","protected":false},"author":1,"featured_media":181905,"comment_status":"closed","ping_status":"open","sticky":false,"template":"","format":"standard","meta":{"_monsterinsights_skip_tracking":false,"_monsterinsights_sitenote_active":false,"_monsterinsights_sitenote_note":"","_monsterinsights_sitenote_category":0,"jetpack_post_was_ever_published":false,"_jetpack_newsletter_access":"","_jetpack_dont_email_post_to_subs":false,"_jetpack_newsletter_tier_id":0,"_jetpack_memberships_contains_paywalled_content":false,"_jetpack_memberships_contains_paid_content":false,"footnotes":"","jetpack_publicize_message":"","jetpack_publicize_feature_enabled":true,"jetpack_social_post_already_shared":true,"jetpack_social_options":{"image_generator_settings":{"template":"highway","default_image_id":0,"font":"","enabled":false},"version":2},"_wpas_customize_per_network":false},"categories":[23],"tags":[19825,10381,585],"class_list":["post-181904","post","type-post","status-publish","format-standard","has-post-thumbnail","hentry","category-educacion","tag-educacion-mercedes-2","tag-escuelas-de-verano","tag-juan-ustarroz","generate-columns","tablet-grid-50","mobile-grid-100","grid-parent","grid-50"],"jetpack_publicize_connections":[],"jetpack_featured_media_url":"https:\/\/www.hoymercedes.com.ar\/principal\/wp-content\/uploads\/2025\/01\/EscuelasDeVerano-Mercedes.2.jpg","wps_subtitle":"Educaci\u00f3n y Ni\u00f1ez ","jetpack_sharing_enabled":true,"_links":{"self":[{"href":"https:\/\/www.hoymercedes.com.ar\/principal\/wp-json\/wp\/v2\/posts\/181904","targetHints":{"allow":["GET"]}}],"collection":[{"href":"https:\/\/www.hoymercedes.com.ar\/principal\/wp-json\/wp\/v2\/posts"}],"about":[{"href":"https:\/\/www.hoymercedes.com.ar\/principal\/wp-json\/wp\/v2\/types\/post"}],"author":[{"embeddable":true,"href":"https:\/\/www.hoymercedes.com.ar\/principal\/wp-json\/wp\/v2\/users\/1"}],"replies":[{"embeddable":true,"href":"https:\/\/www.hoymercedes.com.ar\/principal\/wp-json\/wp\/v2\/comments?post=181904"}],"version-history":[{"count":2,"href":"https:\/\/www.hoymercedes.com.ar\/principal\/wp-json\/wp\/v2\/posts\/181904\/revisions"}],"predecessor-version":[{"id":181909,"href":"https:\/\/www.hoymercedes.com.ar\/principal\/wp-json\/wp\/v2\/posts\/181904\/revisions\/181909"}],"wp:featuredmedia":[{"embeddable":true,"href":"https:\/\/www.hoymercedes.com.ar\/principal\/wp-json\/wp\/v2\/media\/181905"}],"wp:attachment":[{"href":"https:\/\/www.hoymercedes.com.ar\/principal\/wp-json\/wp\/v2\/media?parent=181904"}],"wp:term":[{"taxonomy":"category","embeddable":true,"href":"https:\/\/www.hoymercedes.com.ar\/principal\/wp-json\/wp\/v2\/categories?post=181904"},{"taxonomy":"post_tag","embeddable":true,"href":"https:\/\/www.hoymercedes.com.ar\/principal\/wp-json\/wp\/v2\/tags?post=181904"}],"curies":[{"name":"wp","href":"https:\/\/api.w.org\/{rel}","templated":true}]}}