{"id":181929,"date":"2025-01-17T21:25:38","date_gmt":"2025-01-18T00:25:38","guid":{"rendered":"https:\/\/www.hoymercedes.com.ar\/principal\/?p=181929"},"modified":"2025-01-17T21:25:41","modified_gmt":"2025-01-18T00:25:41","slug":"bomberos-25-salidas-en-4-dias-por-la-ola-de-calor","status":"publish","type":"post","link":"https:\/\/www.hoymercedes.com.ar\/principal\/2025\/01\/17\/bomberos-25-salidas-en-4-dias-por-la-ola-de-calor\/","title":{"rendered":"Bomberos: 25 salidas en 4 d\u00edas por la ola de calor"},"content":{"rendered":"\n<figure class=\"wp-block-embed is-type-video is-provider-youtube wp-block-embed-youtube wp-embed-aspect-16-9 wp-has-aspect-ratio\"><div class=\"wp-block-embed__wrapper\">\n<iframe loading=\"lazy\" title=\"Bomberos: muchas salidas por incendio\" width=\"1200\" height=\"675\" src=\"https:\/\/www.youtube.com\/embed\/kXtnn0ptdxA?feature=oembed\" frameborder=\"0\" allow=\"accelerometer; autoplay; clipboard-write; encrypted-media; gyroscope; picture-in-picture; web-share\" referrerpolicy=\"strict-origin-when-cross-origin\" allowfullscreen><\/iframe>\n<\/div><\/figure>\n\n\n\n<p><br>Los Bomberos Voluntarios de nuestra ciudad no han tenido respiro en las \u00faltimas jornadas. Saludas y jornadas de trabajo muy largas. Las altas temperaturas est\u00e1n haciendo lo suyo a la hora de generar siniestro, sin descontar alg\u00fan que otro descuido del ser humano. Especialmente han sido de pasto.<\/p>\n\n\n\n<p>Ante la situaci\u00f3n desde el cuartel narraron que:<\/p>\n\n\n\n<p><em>Ante esta Ola de Calor, nuestro cuartel 27 ha estado en constante actividad. Desde el lunes 13 hasta ayer 16, se registraron 25 salidas, 8 de las cuales ocurrieron solo el jueves 16.<\/em><\/p>\n\n\n\n<p><em>Seamos cautelosos, sigamos algunas recomendaciones b\u00e1sicas y cuid\u00e9monos entre todos.<\/em><\/p>\n\n\n\n<p><strong>Asociarte<\/strong><\/p>\n\n\n\n<p>Es importante saber que quien desee colaborar con nuestros Bomberos puede asociarse en el forms.gle\/6kb98oc9SvyF9kmw9<\/p>\n\n\n\n<p>Tambi\u00e9n llamar a los tel\u00e9fonos de administraci\u00f3n 2324 427 300 \u00f3 +54 9 2324 585242<\/p>\n","protected":false},"excerpt":{"rendered":"<p>Los Bomberos Voluntarios de nuestra ciudad no han tenido respiro en las \u00faltimas jornadas. Saludas y jornadas de trabajo muy &#8230; <a title=\"Bomberos: 25 salidas en 4 d\u00edas por la ola de calor\" class=\"read-more\" href=\"https:\/\/www.hoymercedes.com.ar\/principal\/2025\/01\/17\/bomberos-25-salidas-en-4-dias-por-la-ola-de-calor\/\" aria-label=\"Leer m\u00e1s sobre Bomberos: 25 salidas en 4 d\u00edas por la ola de calor\">Leer m\u00e1s<\/a><\/p>\n","protected":false},"author":1,"featured_media":177429,"comment_status":"closed","ping_status":"open","sticky":false,"template":"","format":"standard","meta":{"_monsterinsights_skip_tracking":false,"_monsterinsights_sitenote_active":false,"_monsterinsights_sitenote_note":"","_monsterinsights_sitenote_category":0,"jetpack_post_was_ever_published":false,"_jetpack_newsletter_access":"","_jetpack_dont_email_post_to_subs":false,"_jetpack_newsletter_tier_id":0,"_jetpack_memberships_contains_paywalled_content":false,"_jetpack_memberships_contains_paid_content":false,"footnotes":"","jetpack_publicize_message":"","jetpack_publicize_feature_enabled":true,"jetpack_social_post_already_shared":true,"jetpack_social_options":{"image_generator_settings":{"template":"highway","default_image_id":0,"font":"","enabled":false},"version":2},"_wpas_customize_per_network":false},"categories":[8],"tags":[4128,3030,17877,20178,20177],"class_list":["post-181929","post","type-post","status-publish","format-standard","has-post-thumbnail","hentry","category-sociedad","tag-bomberos","tag-bomberos-voluntarios-mercedes","tag-incendio-de-pasto","tag-salidas-bomberos","tag-siniestros","generate-columns","tablet-grid-50","mobile-grid-100","grid-parent","grid-50"],"jetpack_publicize_connections":[],"jetpack_featured_media_url":"https:\/\/www.hoymercedes.com.ar\/principal\/wp-content\/uploads\/2024\/07\/Bomberos-Pasto-Incendio.jpg","wps_subtitle":"Incendios","jetpack_sharing_enabled":true,"_links":{"self":[{"href":"https:\/\/www.hoymercedes.com.ar\/principal\/wp-json\/wp\/v2\/posts\/181929","targetHints":{"allow":["GET"]}}],"collection":[{"href":"https:\/\/www.hoymercedes.com.ar\/principal\/wp-json\/wp\/v2\/posts"}],"about":[{"href":"https:\/\/www.hoymercedes.com.ar\/principal\/wp-json\/wp\/v2\/types\/post"}],"author":[{"embeddable":true,"href":"https:\/\/www.hoymercedes.com.ar\/principal\/wp-json\/wp\/v2\/users\/1"}],"replies":[{"embeddable":true,"href":"https:\/\/www.hoymercedes.com.ar\/principal\/wp-json\/wp\/v2\/comments?post=181929"}],"version-history":[{"count":2,"href":"https:\/\/www.hoymercedes.com.ar\/principal\/wp-json\/wp\/v2\/posts\/181929\/revisions"}],"predecessor-version":[{"id":181932,"href":"https:\/\/www.hoymercedes.com.ar\/principal\/wp-json\/wp\/v2\/posts\/181929\/revisions\/181932"}],"wp:featuredmedia":[{"embeddable":true,"href":"https:\/\/www.hoymercedes.com.ar\/principal\/wp-json\/wp\/v2\/media\/177429"}],"wp:attachment":[{"href":"https:\/\/www.hoymercedes.com.ar\/principal\/wp-json\/wp\/v2\/media?parent=181929"}],"wp:term":[{"taxonomy":"category","embeddable":true,"href":"https:\/\/www.hoymercedes.com.ar\/principal\/wp-json\/wp\/v2\/categories?post=181929"},{"taxonomy":"post_tag","embeddable":true,"href":"https:\/\/www.hoymercedes.com.ar\/principal\/wp-json\/wp\/v2\/tags?post=181929"}],"curies":[{"name":"wp","href":"https:\/\/api.w.org\/{rel}","templated":true}]}}