{"id":18204,"date":"2012-11-27T00:47:55","date_gmt":"2012-11-27T00:47:55","guid":{"rendered":"http:\/\/www.hoymercedes.com.ar\/principal\/?p=18204"},"modified":"2012-11-27T01:41:21","modified_gmt":"2012-11-27T01:41:21","slug":"fap-cerro-encuentro-20-ideas-para-20-anos-con-mercedinos-presentes","status":"publish","type":"post","link":"https:\/\/www.hoymercedes.com.ar\/principal\/2012\/11\/27\/fap-cerro-encuentro-20-ideas-para-20-anos-con-mercedinos-presentes\/","title":{"rendered":"FAP cerr\u00f3 encuentro: \u00ab20 ideas para 20 a\u00f1os\u00bb"},"content":{"rendered":"<p>Ante m\u00e1s de 5000 personas, el l\u00edder del Frente Amplio Progresista Hermes Binner, cerr\u00f3 en Costa Salguero el encuentro en el que se presentaron las \u00ab20 ideas para 20 a\u00f1os: la Argentina que queremos\u00bb, donde se reflejan los encuentros regionales realizados por el FAP en todo el pa\u00eds, elaborando esta propuesta que condensa veinte l\u00edneas estrat\u00e9gicas para los pr\u00f3ximos veinte a\u00f1os.<\/p>\n<p>Adem\u00e1s, Binner fue elegido como presidente del FAP. Al respecto el Diputado Nacional del GEN, Gerardo Milman dijo: \u00abEl FAP recupera el lugar de comandar la alternativa al kirchnerismo con una nueva Argentina\u00bb.<\/p>\n<p>Luego de la presentaci\u00f3n de un video, s\u00edntesis de los encuentros realizados por el FAP en todo el pa\u00eds, hizo uso de la palabra el secretario general de Libres del Sur, Humberto Tumini, quien se\u00f1al\u00f3 que \u201ceste gobierno quiere modificar la Constituci\u00f3n Nacional con el objetivo \u00fanico de la re reelecci\u00f3n de Cristina Kirchner, mientras su administraci\u00f3n no la respeta en gran cantidad de sus art\u00edculos, particularmente en lo que respecta a sus derechos\u201d, y luego prosigui\u00f3: \u201chay que ir a un argentina exactamente opuesta a la del kirchnerismo; un pa\u00eds donde haya derecho a tener derechos\u201d.<\/p>\n<p>Posteriormente subi\u00f3 al escenario el presidente del Frente C\u00edvico de C\u00f3rdoba, Luis Juez, expresando que \u201cno existe el federalismo en la Argentina, es lo que hemos visto a lo largo y ancho del pa\u00eds, todo se resuelve en el puerto. Es imposible construir una Argentina con igualdad si hay que pedirle a un funcionario de cuarta el dinero para hacer cien metros de cord\u00f3n cuneta en cualquier pueblo\u201d, y propuso \u201cdiscutir un nuevo federalismo para construir con un horizonte a futuro, y para ello necesitamos que Hermes Binner sea presidente porque es la \u00fanica pos que tienen los pueblos del interior de sentirse argentinos\u201d.<\/p>\n<p>El secretario general de Unidad Popular, V\u00edctor De Genaro, destac\u00f3 que \u201chay que repoblar nuevamente la Argentina, recuperar el trabajo nacional, no hay posibilidad de cambiar esta perspectiva si no cambiamos esto. De cada diez hogares en la Argentina tres viven debajo de la l\u00ednea de pobreza. Nos han tratado de disciplinar con esta precarizaci\u00f3n, y en la precariedad no podemos construir nada. Nos han quitado el trabajo, precarizado y empobrecido como disciplinamiento pol\u00edtico, y no queremos kirchnerismo pol\u00edtico, queremos trabajo\u201d.<\/p>\n<p>La titular del GEN, Margarita Stolbizer, dijo que \u201cel FAP es un proyecto diferente, no todo es lo mismo, ni nos condicionan las urgencias del futuro. Jam\u00e1s nos encontraran como socios de un proyecto conservador ni con la hipocres\u00eda inmoral de los que nos gobiernan\u201d, y afirm\u00f3: \u201cla insatisfacci\u00f3n de una democracia que cumplir\u00e1 30 a\u00f1os y que no alcanza para garantizar los derechos de las personas. Esto es lo que nos empuja a este proyecto nacional, estamos jugando en la cancha grande, obtuvimos el segundo lugar, el segundo lugar es el escal\u00f3n para llegar al primero\u201d.<\/p>\n<p>Antes de finalizar, Stolbizer, en nombre de la Mesa Nacional del Frente Amplio Progresista, proclam\u00f3 a Hermes Binner como presidente del FAP.<\/p>\n<p>Binner comenz\u00f3 recordando que \u201chace poco m\u00e1s de un a\u00f1o, el d\u00eda despu\u00e9s de las elecciones nacionales del 23 de octubre de 2011 las fuerzas pol\u00edticas que componemos el Frente Amplio Progresista, con la responsabilidad y el entusiasmo que nos brindaron los tres millones setecientos mil votos, reafirmamos nuestro compromiso de seguir caminando juntos para lograr la Argentina que queremos\u201d.<\/p>\n<p>\u201cEste ejercicio que hemos realizado colectivamente, tiene como fin recuperar la idea de PORVENIR. Traer al presente la Argentina que queremos y saber que por estos veinte andariveles podremos lograrlo, que \u00fanicamente as\u00ed, con pol\u00edticas de Estado a veinte a\u00f1os, podemos conseguirlo\u201d.<\/p>\n<p>\u201cEs posible luchar por otra Argentina donde sus riquezas sean para beneficio de todos, absolutamente todos los argentinos. No es verdad que el mundo se nos viene encima. Estamos ante una gran oportunidad. El mundo es generoso con Argentina, lo que ocurre es que hay una gran incapacidad para administrar conflictos\u201d.<\/p>\n<p>\u201cLa Argentina que no queremos es la Argentina del relato \u00fanico, de la reforma constitucional, de la intervenci\u00f3n de los dos poderes, del unitarismo, del incumplimiento de los derechos sociales, de la inseguridad, la corrupci\u00f3n y la impunidad, y la hiperinflaci\u00f3n\u201d.<\/p>\n<p>\u201cLa Argentina que queremos es una Argentina de m\u00faltiples relatos, que cumpla con su Constituci\u00f3n, con la Independencia de los tres poderes, con el federalismo, con los derechos sociales, en la que podamos vivir seguros, en el que los gobiernos sean honestos y transparente, desinflaci\u00f3n \/ control de inflaci\u00f3n\u201d.<\/p>\n<p>El flamante presidente del FAP cerr\u00f3 diciendo que \u201cnos proponemos VENIR POR un cambio profundo. No venimos por m\u00e1s, ni por menos, ni por todo. Venimos por la palabra empe\u00f1ada, venimos para dar respuestas, venimos a respetar la Constituci\u00f3n que consagra derechos y oportunidades y no a reformarla por intereses individuales o sectoriales, venimos por la irrestricta defensa de los Derechos Humanos. Cuento con Ustedes, pueden contar conmigo\u201d.<\/p>\n<p>El acto cont\u00f3 con la presencia de los integrantes de los bloques de diputados y senadores nacionales del FAP, el gobernador de Santa Fe, Antonio Bonfatti, la intendenta de Rosario, M\u00f3nica Fein, legisladores provinciales, concejales, y dirigentes de todas las organizaciones pol\u00edticas del Frente Amplio y representantes de organizaciones sociales y sindicales.<\/p>\n","protected":false},"excerpt":{"rendered":"<p>Ante m\u00e1s de 5000 personas, el l\u00edder del Frente Amplio Progresista Hermes Binner, cerr\u00f3 en Costa Salguero el encuentro en &#8230; <a title=\"FAP cerr\u00f3 encuentro: \u00ab20 ideas para 20 a\u00f1os\u00bb\" class=\"read-more\" href=\"https:\/\/www.hoymercedes.com.ar\/principal\/2012\/11\/27\/fap-cerro-encuentro-20-ideas-para-20-anos-con-mercedinos-presentes\/\" aria-label=\"Leer m\u00e1s sobre FAP cerr\u00f3 encuentro: \u00ab20 ideas para 20 a\u00f1os\u00bb\">Leer m\u00e1s<\/a><\/p>\n","protected":false},"author":1,"featured_media":0,"comment_status":"open","ping_status":"open","sticky":false,"template":"","format":"standard","meta":{"_monsterinsights_skip_tracking":false,"_monsterinsights_sitenote_active":false,"_monsterinsights_sitenote_note":"","_monsterinsights_sitenote_category":0,"jetpack_post_was_ever_published":false,"_jetpack_newsletter_access":"","_jetpack_dont_email_post_to_subs":false,"_jetpack_newsletter_tier_id":0,"_jetpack_memberships_contains_paywalled_content":false,"_jetpack_memberships_contains_paid_content":false,"footnotes":"","jetpack_publicize_message":"","jetpack_publicize_feature_enabled":true,"jetpack_social_post_already_shared":false,"jetpack_social_options":{"image_generator_settings":{"template":"highway","default_image_id":0,"font":"","enabled":false},"version":2},"_wpas_customize_per_network":false},"categories":[5],"tags":[2549],"class_list":["post-18204","post","type-post","status-publish","format-standard","hentry","category-politica","tag-fap","generate-columns","tablet-grid-50","mobile-grid-100","grid-parent","grid-50"],"jetpack_publicize_connections":[],"jetpack_featured_media_url":"","wps_subtitle":"","jetpack_sharing_enabled":true,"_links":{"self":[{"href":"https:\/\/www.hoymercedes.com.ar\/principal\/wp-json\/wp\/v2\/posts\/18204","targetHints":{"allow":["GET"]}}],"collection":[{"href":"https:\/\/www.hoymercedes.com.ar\/principal\/wp-json\/wp\/v2\/posts"}],"about":[{"href":"https:\/\/www.hoymercedes.com.ar\/principal\/wp-json\/wp\/v2\/types\/post"}],"author":[{"embeddable":true,"href":"https:\/\/www.hoymercedes.com.ar\/principal\/wp-json\/wp\/v2\/users\/1"}],"replies":[{"embeddable":true,"href":"https:\/\/www.hoymercedes.com.ar\/principal\/wp-json\/wp\/v2\/comments?post=18204"}],"version-history":[{"count":0,"href":"https:\/\/www.hoymercedes.com.ar\/principal\/wp-json\/wp\/v2\/posts\/18204\/revisions"}],"wp:attachment":[{"href":"https:\/\/www.hoymercedes.com.ar\/principal\/wp-json\/wp\/v2\/media?parent=18204"}],"wp:term":[{"taxonomy":"category","embeddable":true,"href":"https:\/\/www.hoymercedes.com.ar\/principal\/wp-json\/wp\/v2\/categories?post=18204"},{"taxonomy":"post_tag","embeddable":true,"href":"https:\/\/www.hoymercedes.com.ar\/principal\/wp-json\/wp\/v2\/tags?post=18204"}],"curies":[{"name":"wp","href":"https:\/\/api.w.org\/{rel}","templated":true}]}}