{"id":182050,"date":"2025-01-22T21:04:59","date_gmt":"2025-01-23T00:04:59","guid":{"rendered":"https:\/\/www.hoymercedes.com.ar\/principal\/?p=182050"},"modified":"2025-01-22T21:05:03","modified_gmt":"2025-01-23T00:05:03","slug":"encuentro-entre-municipio-y-nueva-comision-de-la-sociedad-rural","status":"publish","type":"post","link":"https:\/\/www.hoymercedes.com.ar\/principal\/2025\/01\/22\/encuentro-entre-municipio-y-nueva-comision-de-la-sociedad-rural\/","title":{"rendered":"Encuentro entre Municipio y nueva Comisi\u00f3n de la Sociedad Rural"},"content":{"rendered":"\n<figure class=\"wp-block-image size-large\"><img loading=\"lazy\" decoding=\"async\" width=\"1024\" height=\"576\" data-attachment-id=\"182051\" data-permalink=\"https:\/\/www.hoymercedes.com.ar\/principal\/2025\/01\/22\/encuentro-entre-municipio-y-nueva-comision-de-la-sociedad-rural\/sociedad-rural\/#main\" data-orig-file=\"https:\/\/www.hoymercedes.com.ar\/principal\/wp-content\/uploads\/2025\/01\/Sociedad-Rural.jpg\" data-orig-size=\"1600,900\" data-comments-opened=\"0\" data-image-meta=\"{&quot;aperture&quot;:&quot;0&quot;,&quot;credit&quot;:&quot;&quot;,&quot;camera&quot;:&quot;&quot;,&quot;caption&quot;:&quot;&quot;,&quot;created_timestamp&quot;:&quot;0&quot;,&quot;copyright&quot;:&quot;&quot;,&quot;focal_length&quot;:&quot;0&quot;,&quot;iso&quot;:&quot;0&quot;,&quot;shutter_speed&quot;:&quot;0&quot;,&quot;title&quot;:&quot;&quot;,&quot;orientation&quot;:&quot;0&quot;}\" data-image-title=\"Sociedad Rural\" data-image-description=\"&lt;p&gt;Encuentro entre Municipio y nueva Comisi\u00f3n de la Sociedad Rural&lt;\/p&gt;\n\" data-image-caption=\"&lt;p&gt;Encuentro entre Municipio y nueva Comisi\u00f3n de la Sociedad Rural&lt;\/p&gt;\n\" data-large-file=\"https:\/\/www.hoymercedes.com.ar\/principal\/wp-content\/uploads\/2025\/01\/Sociedad-Rural-1024x576.jpg\" src=\"https:\/\/www.hoymercedes.com.ar\/principal\/wp-content\/uploads\/2025\/01\/Sociedad-Rural-1024x576.jpg\" alt=\"\" class=\"wp-image-182051\" srcset=\"https:\/\/www.hoymercedes.com.ar\/principal\/wp-content\/uploads\/2025\/01\/Sociedad-Rural-1024x576.jpg 1024w, https:\/\/www.hoymercedes.com.ar\/principal\/wp-content\/uploads\/2025\/01\/Sociedad-Rural-630x354.jpg 630w, https:\/\/www.hoymercedes.com.ar\/principal\/wp-content\/uploads\/2025\/01\/Sociedad-Rural-150x84.jpg 150w, https:\/\/www.hoymercedes.com.ar\/principal\/wp-content\/uploads\/2025\/01\/Sociedad-Rural-1536x864.jpg 1536w, https:\/\/www.hoymercedes.com.ar\/principal\/wp-content\/uploads\/2025\/01\/Sociedad-Rural.jpg 1600w\" sizes=\"auto, (max-width: 1024px) 100vw, 1024px\" \/><\/figure>\n\n\n\n<p>Tras la gran elecci\u00f3n realizada por <strong>Leonardo Fabundez<\/strong>, que lo ratific\u00f3 en el cargo de Presidente de la Sociedad Rural junto a un nuevo equipo de trabajo se concret\u00f3 una reuni\u00f3n con el<strong> intendente Ustarroz <\/strong>y el director de producci\u00f3n <strong>Mart\u00edn Boragno.<\/strong><\/p>\n\n\n\n<p>El encuentro se dio en la sede de la entidad vinculada a las actividades camperas.<\/p>\n\n\n\n<p>En sus redes sociales, el intendente Juan I. Ustarroz, expres\u00f3 que \u201cnos reunimos con su nueva Comisi\u00f3n Directiva, encabezada por Leonardo Fagundez, con un objetivo prioritario: fortalecer el excelente v\u00ednculo que fuimos construyendo durante todos estos a\u00f1os. En ese sentido, y junto con la Direcci\u00f3n de Producci\u00f3n\u201d de la Municipalidad \u201canalizamos distintas situaciones\u201d y \u201cproyectamos una serie de acciones en conjunto para este a\u00f1o\u201d afirm\u00f3.<\/p>\n\n\n\n<p><strong>Sociedad<\/strong><\/p>\n\n\n\n<p>En diciembre \u00faltimo se efectuaron las elecciones por la presidencia de la Sociedad Rural Mercedes donde <a href=\"https:\/\/www.hoymercedes.com.ar\/principal\/2024\/12\/21\/excelente-eleccion-de-fagundez-en-la-sociedad-rural\/\" data-type=\"post\" data-id=\"181391\">Leonardo Fabundez <\/a>gan\u00f3 a Carlos Aristi por una amplia diferencia la elecci\u00f3n y logr\u00f3 la continuidad en la conducci\u00f3n de la entidad.<\/p>\n","protected":false},"excerpt":{"rendered":"<p>Tras la gran elecci\u00f3n realizada por Leonardo Fabundez, que lo ratific\u00f3 en el cargo de Presidente de la Sociedad Rural &#8230; <a title=\"Encuentro entre Municipio y nueva Comisi\u00f3n de la Sociedad Rural\" class=\"read-more\" href=\"https:\/\/www.hoymercedes.com.ar\/principal\/2025\/01\/22\/encuentro-entre-municipio-y-nueva-comision-de-la-sociedad-rural\/\" aria-label=\"Leer m\u00e1s sobre Encuentro entre Municipio y nueva Comisi\u00f3n de la Sociedad Rural\">Leer m\u00e1s<\/a><\/p>\n","protected":false},"author":1,"featured_media":182051,"comment_status":"closed","ping_status":"open","sticky":false,"template":"","format":"standard","meta":{"_monsterinsights_skip_tracking":false,"_monsterinsights_sitenote_active":false,"_monsterinsights_sitenote_note":"","_monsterinsights_sitenote_category":0,"jetpack_post_was_ever_published":false,"_jetpack_newsletter_access":"","_jetpack_dont_email_post_to_subs":false,"_jetpack_newsletter_tier_id":0,"_jetpack_memberships_contains_paywalled_content":false,"_jetpack_memberships_contains_paid_content":false,"footnotes":"","jetpack_publicize_message":"","jetpack_publicize_feature_enabled":true,"jetpack_social_post_already_shared":true,"jetpack_social_options":{"image_generator_settings":{"template":"highway","default_image_id":0,"font":"","enabled":false},"version":2},"_wpas_customize_per_network":false},"categories":[8],"tags":[585,18472,20188],"class_list":["post-182050","post","type-post","status-publish","format-standard","has-post-thumbnail","hentry","category-sociedad","tag-juan-ustarroz","tag-leonardo-fabundez","tag-socied-rural","generate-columns","tablet-grid-50","mobile-grid-100","grid-parent","grid-50"],"jetpack_publicize_connections":[],"jetpack_featured_media_url":"https:\/\/www.hoymercedes.com.ar\/principal\/wp-content\/uploads\/2025\/01\/Sociedad-Rural.jpg","wps_subtitle":"Vinculos institucionales","jetpack_sharing_enabled":true,"_links":{"self":[{"href":"https:\/\/www.hoymercedes.com.ar\/principal\/wp-json\/wp\/v2\/posts\/182050","targetHints":{"allow":["GET"]}}],"collection":[{"href":"https:\/\/www.hoymercedes.com.ar\/principal\/wp-json\/wp\/v2\/posts"}],"about":[{"href":"https:\/\/www.hoymercedes.com.ar\/principal\/wp-json\/wp\/v2\/types\/post"}],"author":[{"embeddable":true,"href":"https:\/\/www.hoymercedes.com.ar\/principal\/wp-json\/wp\/v2\/users\/1"}],"replies":[{"embeddable":true,"href":"https:\/\/www.hoymercedes.com.ar\/principal\/wp-json\/wp\/v2\/comments?post=182050"}],"version-history":[{"count":2,"href":"https:\/\/www.hoymercedes.com.ar\/principal\/wp-json\/wp\/v2\/posts\/182050\/revisions"}],"predecessor-version":[{"id":182053,"href":"https:\/\/www.hoymercedes.com.ar\/principal\/wp-json\/wp\/v2\/posts\/182050\/revisions\/182053"}],"wp:featuredmedia":[{"embeddable":true,"href":"https:\/\/www.hoymercedes.com.ar\/principal\/wp-json\/wp\/v2\/media\/182051"}],"wp:attachment":[{"href":"https:\/\/www.hoymercedes.com.ar\/principal\/wp-json\/wp\/v2\/media?parent=182050"}],"wp:term":[{"taxonomy":"category","embeddable":true,"href":"https:\/\/www.hoymercedes.com.ar\/principal\/wp-json\/wp\/v2\/categories?post=182050"},{"taxonomy":"post_tag","embeddable":true,"href":"https:\/\/www.hoymercedes.com.ar\/principal\/wp-json\/wp\/v2\/tags?post=182050"}],"curies":[{"name":"wp","href":"https:\/\/api.w.org\/{rel}","templated":true}]}}