{"id":18208,"date":"2012-11-27T01:34:44","date_gmt":"2012-11-27T01:34:44","guid":{"rendered":"http:\/\/www.hoymercedes.com.ar\/principal\/?p=18208"},"modified":"2012-11-27T01:35:15","modified_gmt":"2012-11-27T01:35:15","slug":"amplio-temario-para-el-h-c-d-con-temas-variados-desde-pedido-de-ampliacion-de-terminal-a-construccion-de-bicisenda","status":"publish","type":"post","link":"https:\/\/www.hoymercedes.com.ar\/principal\/2012\/11\/27\/amplio-temario-para-el-h-c-d-con-temas-variados-desde-pedido-de-ampliacion-de-terminal-a-construccion-de-bicisenda\/","title":{"rendered":"Amplio temario para el H.C.D con temas variados: Desde pedido de ampliaci\u00f3n de Terminal a construcci\u00f3n de Bicisenda"},"content":{"rendered":"<p>Este martes a la noche tendremos la segunda sesi\u00f3n de noviembre del Concejo Deliberante de la ciudad. Un temario amplio con variedad de temas. Algunos, como es habitual, de mayor importancia que otros.<\/p>\n<p>Se destacan, seg\u00fan su ubicaci\u00f3n en el orden del d\u00eda:<\/p>\n<p>Peticiones particulares a comisi\u00f3n.<\/p>\n<p>La solicitud de ampliaci\u00f3n de la Terminal de Mercedes por el Sr. Ver\u00f3n. Otro tema es la petici\u00f3n de la empresa \u201cefectivo SI\u201d para tener estacionamiento reservado para cami\u00f3n de caudales.<\/p>\n<p><strong>Respuestas del ejecutivo.<\/strong><\/p>\n<p>Habr\u00e1 diversas \u201ccontestaciones\u201d del Departamento Ejecutivo hacia el cuerpo deliberativo. \u201cconsulta por niveles de densidad de potencia de la radiaci\u00f3n de antenas\u201d; sobre el \u201ccontrol de acarreo de hacienda en calle 114 entre v\u00edas y FFCC Sarmiento y calle 47\u201d Varias fojas poseen estos temas. Tambi\u00e9n \u201cinforme sobre subsidios y microcr\u00e9ditos otorgados desde 2007 a la fecha\u201d y sobre \u201cprofesionales en Centros de Atenci\u00f3n Primaria\u201d.<\/p>\n<p>Despachos por unanimidad<\/p>\n<p>Hay un solo tema en este apartado: \u201cProyecto de ordenanza (PJFPV-FMPV), derogaci\u00f3n del art. 2\u00b0 y modificaci\u00f3n del art. 5\u00b0 de la Ordenanza 7080\/12 \u2013 humedales \u2013 se aconseja aprobaci\u00f3n de Ordenanza\u201d.<\/p>\n<p><strong>Archivo por unanimidad<\/strong><\/p>\n<p>Varias cuestiones ir\u00e1n a archivo siendo la gran mayor\u00eda informes que o bien no tuvieron encausamiento o ya trabajados. Se destacan informes sobre seguridad, sobre la empresa MERPLAC, sobre construcci\u00f3n de viviendas en espacio p\u00fablico o informe sobre estudio ambiental y de contaminaci\u00f3n sobre canal de calle 16, entre otras cuestiones.<\/p>\n<p><strong>Proyectos presentados<\/strong><\/p>\n<p>Amplia cantidad de cuestiones en este momento del desarrollo de la sesi\u00f3n. Entre los temas que se destacan hallamos: reparaciones de ca\u00f1os y p\u00e9rdidas de agua (MIC) un pedido para (PJFPV), \u201cdeclarar de Inter\u00e9s Legislativo Campa\u00f1a \u201cMercedes Multiplica las Voces: Sac\u00e1 Tarjeta Roja al Maltratador\u201d. Tambi\u00e9n MIC solicita inspecci\u00f3n en edificio de calle 12 y Av.29 y de calle 34 y 39.<\/p>\n<p>Un pedido de Proyecto de resoluci\u00f3n dirigido al PEN finalizaci\u00f3n autov\u00eda Ruta Nacional N\u00b05 tramo Luj\u00e1n \/ J\u00e1uregui (GEN). Uni\u00f3n Pro solicitar\u00e1 se deroge la ordenanza que establece el sentido de la calle 19. El FMPV solicita construir bicisenda en barrio La Pampita hasta la escuela 20.<\/p>\n<p><strong>La sesi\u00f3n<\/strong><\/p>\n<p>Hay otros temas m\u00e1s que poseen inter\u00e9s para los peticionantes y para sectores de la comunidad. La reuni\u00f3n ser\u00e1 a las 19.00hs en calla 29 en el primer piso del Palacio Municipal. Como siempre es de acceso p\u00fablico, libre y gratuito y es parte de las posibles actividades ciudadanas asistir a las sesiones donde un grupo de personas elegidas democr\u00e1ticamente decide sobre cuestiones que nos afectan a todos. Normalmente se realizan los segundos y cuartos lunes de cada mes, salvo, como en esta ocasi\u00f3n, que al ser feriado se pasa al d\u00eda siguiente.<\/p>\n<p>&nbsp;<\/p>\n","protected":false},"excerpt":{"rendered":"<p>Este martes a la noche tendremos la segunda sesi\u00f3n de noviembre del Concejo Deliberante de la ciudad. Un temario amplio &#8230; <a title=\"Amplio temario para el H.C.D con temas variados: Desde pedido de ampliaci\u00f3n de Terminal a construcci\u00f3n de Bicisenda\" class=\"read-more\" href=\"https:\/\/www.hoymercedes.com.ar\/principal\/2012\/11\/27\/amplio-temario-para-el-h-c-d-con-temas-variados-desde-pedido-de-ampliacion-de-terminal-a-construccion-de-bicisenda\/\" aria-label=\"Leer m\u00e1s sobre Amplio temario para el H.C.D con temas variados: Desde pedido de ampliaci\u00f3n de Terminal a construcci\u00f3n de Bicisenda\">Leer m\u00e1s<\/a><\/p>\n","protected":false},"author":1,"featured_media":0,"comment_status":"open","ping_status":"open","sticky":false,"template":"","format":"standard","meta":{"_monsterinsights_skip_tracking":false,"_monsterinsights_sitenote_active":false,"_monsterinsights_sitenote_note":"","_monsterinsights_sitenote_category":0,"jetpack_post_was_ever_published":false,"_jetpack_newsletter_access":"","_jetpack_dont_email_post_to_subs":false,"_jetpack_newsletter_tier_id":0,"_jetpack_memberships_contains_paywalled_content":false,"_jetpack_memberships_contains_paid_content":false,"footnotes":"","jetpack_publicize_message":"","jetpack_publicize_feature_enabled":true,"jetpack_social_post_already_shared":false,"jetpack_social_options":{"image_generator_settings":{"template":"highway","default_image_id":0,"font":"","enabled":false},"version":2},"_wpas_customize_per_network":false},"categories":[5],"tags":[45],"class_list":["post-18208","post","type-post","status-publish","format-standard","hentry","category-politica","tag-concejo-deliberante-mercedes","generate-columns","tablet-grid-50","mobile-grid-100","grid-parent","grid-50"],"jetpack_publicize_connections":[],"jetpack_featured_media_url":"","wps_subtitle":"","jetpack_sharing_enabled":true,"_links":{"self":[{"href":"https:\/\/www.hoymercedes.com.ar\/principal\/wp-json\/wp\/v2\/posts\/18208","targetHints":{"allow":["GET"]}}],"collection":[{"href":"https:\/\/www.hoymercedes.com.ar\/principal\/wp-json\/wp\/v2\/posts"}],"about":[{"href":"https:\/\/www.hoymercedes.com.ar\/principal\/wp-json\/wp\/v2\/types\/post"}],"author":[{"embeddable":true,"href":"https:\/\/www.hoymercedes.com.ar\/principal\/wp-json\/wp\/v2\/users\/1"}],"replies":[{"embeddable":true,"href":"https:\/\/www.hoymercedes.com.ar\/principal\/wp-json\/wp\/v2\/comments?post=18208"}],"version-history":[{"count":0,"href":"https:\/\/www.hoymercedes.com.ar\/principal\/wp-json\/wp\/v2\/posts\/18208\/revisions"}],"wp:attachment":[{"href":"https:\/\/www.hoymercedes.com.ar\/principal\/wp-json\/wp\/v2\/media?parent=18208"}],"wp:term":[{"taxonomy":"category","embeddable":true,"href":"https:\/\/www.hoymercedes.com.ar\/principal\/wp-json\/wp\/v2\/categories?post=18208"},{"taxonomy":"post_tag","embeddable":true,"href":"https:\/\/www.hoymercedes.com.ar\/principal\/wp-json\/wp\/v2\/tags?post=18208"}],"curies":[{"name":"wp","href":"https:\/\/api.w.org\/{rel}","templated":true}]}}